{"id":16500,"date":"2020-08-30T11:03:36","date_gmt":"2020-08-30T17:03:36","guid":{"rendered":"https:\/\/eloficiodehistoriar.com.mx\/?p=16500"},"modified":"2020-08-30T11:03:36","modified_gmt":"2020-08-30T17:03:36","slug":"prefiero-aquello-que-se-encuentra-en-la-penumbra","status":"publish","type":"post","link":"https:\/\/eloficiodehistoriar.com.mx\/?p=16500","title":{"rendered":"Prefiero aquello que se encuentra en la penumbra"},"content":{"rendered":"<p>Alejandro Garc\u00eda Abreu<\/p>\n<p>La Jornada Semanal<\/p>\n<p>&nbsp;<\/p>\n<p>Licenciado en F\u00edsica Te\u00f3rica, ganador del Premio Strega por \u2018La soledad de los n\u00fameros primos\u2019, su primera novela, Paolo Giordano (Tur\u00edn, 1982) tambi\u00e9n es autor de \u2018El cuerpo humano\u2019, \u2018Como de la familia\u2019, \u2018Conquistar el cielo\u2019 y \u2018En tiempos de contagio\u2019. Aqu\u00ed conversa sobre temas esenciales en el entramado de su obra, como la enfermedad y la muerte, la memoria y el olvido, la literatura y el proceso creativo.<br \/>\n-En Como de la familia se lee: \u201c\u2013Puedes salir de \u00e9sta. Mucha gente se deja vencer, pero t\u00fa conoces la enfermedad porque ya la has afrontado una vez. Eres lo bastante fuerte.\/ Y lo cre\u00eda de verdad. Luego la vi desintegrarse tan deprisa que no tuvimos ni siquiera la oportunidad de despedirnos adecuadamente, ni el tiempo de encontrar las palabras m\u00e1s indicadas para expresar lo que hab\u00eda significado para nosotros.\u201d \u00bfC\u00f3mo vinculas enfermedad, muerte y literatura?<\/p>\n<p>\u2013Es dif\u00edcil. Creo que los temas que mencionas son tan desmesurados \u2013enfermedad, c\u00e1ncer, literatura y familia\u2013 que decid\u00ed agruparlos en una novela corta. Realmente es una historia muy breve. La vida de estas personas se asemeja a la piel, en uno de esos momentos en los que parece que obtienes un nuevo significado de lo que est\u00e1s viviendo. Y es lo que les pasa a todos. Es como si esta enfermedad abriera una nueva perspectiva y una nueva visi\u00f3n para todos los personajes. Y luego ignoran que en realidad no pueden entender algo tan grande e importante, pero al final pueden ver un poco m\u00e1s all\u00e1. Fue lo m\u00e1ximo que pude hacer con esto. Sucedi\u00f3 en la vida real; la muerte lleg\u00f3 a mi casa. Me di cuenta de que fue un momento significativo. Algo nuevo estaba surgiendo. As\u00ed que s\u00f3lo quise tomarlo y aterrizarlo. El libro entero fue una forma de registrar ese momento en particular.<\/p>\n<p>\u2013\u00bfC\u00f3mo fue el desarrollo de la Se\u00f1ora a. en Como de la familia?<\/p>\n<p>\u2013Segu\u00ed los ojos del narrador, de este joven. Lo que sucede es que cuando comienza la historia, \u00e9l realmente considera a esta persona, a la se\u00f1ora a., simplemente como alguien que cuida de \u00e9l, de su hijo, de la casa. B\u00e1sicamente no ve nada real en ella, s\u00f3lo el papel que ella representa. Es algo que sucede mucho en la vida. Tendemos a ver a las personas s\u00f3lo por el papel que desempe\u00f1an en relaci\u00f3n con nosotros. Entonces sucede algo, hay una vuelta de tuerca, porque ella se enferma. Entonces \u00e9l se da cuenta de que es algo muy sencillo de comprender. Tiene frente a \u00e9l una persona real, con un pasado y un presente, con sus propios deseos y p\u00e9rdidas. El narrador comienza a hacerle preguntas y entonces pueden conversar. Es semejante a c\u00f3mo funciona la literatura: escuchar historias de otras personas; partes de sus vidas. Entonces recolecta piezas<br \/>\ndel pasado de esta persona y, lentamente, esta figura unidimensional se convierte en una especie de persona real. Es por eso que s\u00f3lo al final aparece el verdadero nombre de la se\u00f1ora a., porque en ese momento ya es capaz de llamarla por su nombre.<\/p>\n<p>\u2013Prevalece la importancia de darle significado literario al c\u00e1ncer.<\/p>\n<p>\u00ad\u2013Absolutamente. Creo que es tambi\u00e9n una de las razones por las que escribimos: dar sentido a los momentos dolorosos. Si tomamos el c\u00e1ncer sin ning\u00fan intento de darle alg\u00fan significado, entonces se convierte en algo completamente horrible, un infierno. Cada enfermedad es una especie de vocaci\u00f3n, te lleva a un mundo diferente. La literatura incluso se convierte en una perspectiva privilegiada de la realidad. Puedes ver cosas que normalmente no ver\u00edas debido a tu enfermedad. En ese sentido, la literatura puede aportar mucho significado. Este libro en s\u00ed mismo fue una forma de dar sentido a algo que podr\u00eda haber sido \u00fanicamente un hecho horrible y triste.<\/p>\n<p>\u2013Reflexionas sobre la memoria y el olvido en El cuerpo humano: \u201cPara \u00e9l lo esencial, desde el principio, fue excavar una trinchera entre el presente y el pasado: un refugio que ni siquiera la memoria lograse violar.\u201d \u00bfDe qu\u00e9 manera intervienen la memoria y el olvido en tu proceso de escritura?<\/p>\n<p>\u2013Es una pregunta muy dif\u00edcil y complicada. Probablemente podr\u00eda responderla de cien maneras distintas. Lo que me viene a la mente es que los recuerdos son generalmente tu punto de partida. Durante muchos a\u00f1os mi escritura provino de los recuerdos, de una parte espec\u00edfica de mi vida, una parte muy temprana: mi infancia y los primeros a\u00f1os de la adolescencia. Realmente sent\u00ed que ten\u00eda a mi disposici\u00f3n una especie de cubeta, de la cual pod\u00eda sacar algo diferente en cada ocasi\u00f3n. Ten\u00eda miedo de vaciarla muy pronto. Luego me separ\u00e9 lentamente de ella y aprend\u00ed a mirar un poco hacia afuera, centr\u00e1ndome en las historias de otras personas, lo cual es muy importante para un escritor. Tambi\u00e9n me percat\u00e9 de un detalle sobre el olvido: algunas de las cosas m\u00e1s interesantes y animadas que escribes en realidad provienen de cosas que no recuerdas con precisi\u00f3n. Provienen de un lugar olvidado. A veces, cuando est\u00e1s inmerso en la escritura, estos elementos salen a la luz y luego entiendes que es un proceso de descubrimiento, de hallar cosas que realmente estaban escondidas en ti. Es algo fascinante que puede suceder, porque te sorprende, no es algo que puedas controlar por completo. Los eventos que no controlas generalmente son los mejores.<\/p>\n<p>\u2013\u00bfCu\u00e1l es el origen de Alice y Mattia, personajes de La soledad de los n\u00fameros primos?<\/p>\n<p>\u2013Creo que ya se encontraban all\u00ed. Mattia ya estaba all\u00ed; era un personaje que estaba dentro de m\u00ed, somos muy similares. Era una idea que ten\u00eda de m\u00ed mismo que conserv\u00e9 durante mucho tiempo. Para Alice no fue tan distinto. Ella es la suma de muchas mujeres que conoc\u00ed y con las que estuve en contacto en esos primeros a\u00f1os. No tuve que esforzarme en encontrar a los personajes para este libro en particular. Simplemente estaban all\u00ed, con la voz. Es algo que sucede con el primer libro.<\/p>\n<p>\u2013\u00bfQu\u00e9 te condujo a escribirlo despu\u00e9s de tus art\u00edculos sobre f\u00edsica?<\/p>\n<p>\u2013Sent\u00ed que algo me hac\u00eda falta, que estaba desperdiciando una parte de m\u00ed. Estaba un poco harto de lidiar con cosas est\u00e9riles, part\u00edculas muertas, la abstracci\u00f3n. Entonces intent\u00e9 conectarme de nuevo con aquello de lo que habl\u00e1bamos al principio. La idea de observar a las personas, especialmente su infancia y primeros a\u00f1os. Ten\u00eda el deseo de volver a un mundo de personas vivas y de sentimientos.<\/p>\n<p>\u2013\u201cLa luz estaba toda dentro y la oscuridad toda fuera\u201d, escribiste en La soledad de los n\u00fameros primos. \u00bfQu\u00e9 significado le das a la luz y a la oscuridad?<\/p>\n<p>\u2013Tu pregunta es muy interesante. S\u00e9 que cada vez que redacto algo tiendo a escribir sobre la luz. Muy a menudo he tenido que quitarlo posteriormente, porque es algo recurrente, siempre est\u00e1 presente. Existen elementos que, de manera constante, utilizas cuando escribes; tiendes a repetir las mismas cosas en el primer borrador. B\u00e1sicamente es un motivo al cual tengo mucho apego. Incluso ahora, incluso aqu\u00ed en esta sala. Con respecto a la escritura, prefiero las sombras, as\u00ed que siempre procuro evitar la luz resplandeciente. Prefiero aquello que se encuentra en la penumbra. De hecho, El coraz\u00f3n de las tinieblas, de Joseph Conrad es uno de mis libros favoritos.<\/p>\n<p>Traducci\u00f3n de \u00c1lvaro Garc\u00eda.<\/p>\n","protected":false},"excerpt":{"rendered":"<p>Alejandro Garc\u00eda Abreu La Jornada Semanal &nbsp; Licenciado en F\u00edsica Te\u00f3rica, ganador del Premio Strega por \u2018La soledad de los n\u00fameros primos\u2019, su primera novela, Paolo Giordano (Tur\u00edn, 1982) tambi\u00e9n es autor de \u2018El cuerpo humano\u2019, \u2018Como de la familia\u2019, \u2018Conquistar el cielo\u2019 y \u2018En tiempos de contagio\u2019. Aqu\u00ed conversa sobre temas esenciales en el [&hellip;]<\/p>\n","protected":false},"author":249,"featured_media":16502,"comment_status":"open","ping_status":"closed","sticky":false,"template":"","format":"standard","meta":{"footnotes":""},"categories":[26],"tags":[],"class_list":["post-16500","post","type-post","status-publish","format-standard","has-post-thumbnail","hentry","category-mundo"],"_links":{"self":[{"href":"https:\/\/eloficiodehistoriar.com.mx\/index.php?rest_route=\/wp\/v2\/posts\/16500","targetHints":{"allow":["GET"]}}],"collection":[{"href":"https:\/\/eloficiodehistoriar.com.mx\/index.php?rest_route=\/wp\/v2\/posts"}],"about":[{"href":"https:\/\/eloficiodehistoriar.com.mx\/index.php?rest_route=\/wp\/v2\/types\/post"}],"author":[{"embeddable":true,"href":"https:\/\/eloficiodehistoriar.com.mx\/index.php?rest_route=\/wp\/v2\/users\/249"}],"replies":[{"embeddable":true,"href":"https:\/\/eloficiodehistoriar.com.mx\/index.php?rest_route=%2Fwp%2Fv2%2Fcomments&post=16500"}],"version-history":[{"count":1,"href":"https:\/\/eloficiodehistoriar.com.mx\/index.php?rest_route=\/wp\/v2\/posts\/16500\/revisions"}],"predecessor-version":[{"id":16503,"href":"https:\/\/eloficiodehistoriar.com.mx\/index.php?rest_route=\/wp\/v2\/posts\/16500\/revisions\/16503"}],"wp:featuredmedia":[{"embeddable":true,"href":"https:\/\/eloficiodehistoriar.com.mx\/index.php?rest_route=\/wp\/v2\/media\/16502"}],"wp:attachment":[{"href":"https:\/\/eloficiodehistoriar.com.mx\/index.php?rest_route=%2Fwp%2Fv2%2Fmedia&parent=16500"}],"wp:term":[{"taxonomy":"category","embeddable":true,"href":"https:\/\/eloficiodehistoriar.com.mx\/index.php?rest_route=%2Fwp%2Fv2%2Fcategories&post=16500"},{"taxonomy":"post_tag","embeddable":true,"href":"https:\/\/eloficiodehistoriar.com.mx\/index.php?rest_route=%2Fwp%2Fv2%2Ftags&post=16500"}],"curies":[{"name":"wp","href":"https:\/\/api.w.org\/{rel}","templated":true}]}}