{"id":19,"date":"2008-05-15T22:14:34","date_gmt":"2008-05-16T03:14:34","guid":{"rendered":"https:\/\/eloficiodehistoriar.com.mx\/?p=19"},"modified":"2008-05-16T22:59:10","modified_gmt":"2008-05-17T03:59:10","slug":"ser-cronista-no-es-una-chamba-sino-una-vocacion","status":"publish","type":"post","link":"https:\/\/eloficiodehistoriar.com.mx\/?p=19","title":{"rendered":"Ser cronista no es una chamba, sino una vocaci\u00f3n."},"content":{"rendered":"<p><span style=\"font-family: Arial\"><a href=\"https:\/\/eloficiodehistoriar.com.mx\/wp-content\/uploads\/2008\/05\/foto-6.jpg\" title=\"El Cronista\"><img decoding=\"async\" src=\"https:\/\/eloficiodehistoriar.com.mx\/wp-content\/uploads\/2008\/05\/foto-6.thumbnail.jpg\" alt=\"El Cronista\" \/><\/a>\u201cLa cr\u00f3nica de la ciudad (Quer\u00e9taro) no tiene por qu\u00e9 hacerse desde el gobierno, porque ser cronista no es un t\u00edtulo, sino un esp\u00edritu\u201d, afirma Guillermo Tovar y de Teresa; La cr\u00f3nica tiene doble dimensi\u00f3n y m\u00faltiples lecturas, dijo en su momento Octavio Paz; La cr\u00f3nica no le pertenece a nadie, es algo que debemos hacer entre todos, confirma Jos\u00e9 Emilio Pacheco.<o:p><\/o:p><\/span><\/p>\n<p style=\"text-align: justify\"><span style=\"font-family: Arial\"><\/span><\/p>\n<p><span style=\"font-family: Arial\">La cr\u00f3nica da cuenta de los actores, de los movimientos sociales y las luchas de los grupos minoritarios. La cr\u00f3nica ya dej\u00f3 de ser fr\u00edvola y retrospectiva, se\u00f1ala Carlos Monsivais.<o:p><\/o:p><\/span><\/p>\n<p style=\"text-align: justify\"><span style=\"font-family: Arial\"><\/span><\/p>\n<p><span style=\"font-family: Arial\">La cr\u00f3nica quiere volver a la mira de Herodoto: narrar lo sucedido \u201dpara que no se desvanezcan con el tiempo los hechos de los hombres, y para que no queden sin gloria grandes y maravillosas obras\u201d, nos dijo Lu\u00eds Gonz\u00e1lez y Gonz\u00e1lez.<o:p><\/o:p><\/span><\/p>\n<p style=\"text-align: justify\"><span style=\"font-family: Arial\"><\/span><\/p>\n<p><span style=\"font-family: Arial\">Sistematizar el chisme disperso, resume el alud de noticias que d\u00eda a d\u00eda genera la acci\u00f3n individual y solidaria de las comunidades. \u201cLa cr\u00f3nica da la identificaci\u00f3n y el amor propio que debe existir en toda comunidad humana\u201d.<o:p><\/o:p><\/span><\/p>\n<p style=\"text-align: justify\"><span style=\"font-family: Arial\"><\/span><\/p>\n<p><span style=\"font-family: Arial\">Ahora todav\u00eda se considera como asunto central de los cronistas los sucesos que influyen en el contorno social, sobre todo<span>\u00a0 <\/span>las desiciones y conductas de los poderosos, arremete el autor de \u201cPueblo en vilo\u201d.<o:p><\/o:p><\/span><\/p>\n<p style=\"text-align: justify\"><span style=\"font-family: Arial\"><\/span><\/p>\n<p><span style=\"font-family: Arial\">\u201cLa mayor\u00eda de las cr\u00f3nicas se sirven tambi\u00e9n de la memoria ajena, tanto oral como escrita\u201d.<o:p><\/o:p><\/span><\/p>\n<p style=\"text-align: justify\"><span style=\"font-family: Arial\"><\/span><\/p>\n<p><span style=\"font-family: Arial\">La ciudad de Quer\u00e9taro como muchas otras, es m\u00faltiple y se somete a procesos intersubjetivos. Cada mirada es singular. La ciudad es polifac\u00e9tica, se dan las mutaciones de las costumbres y el desden por los valores permanentes, esas actitudes sociales merecen la atenci\u00f3n de los cronistas.<o:p><\/o:p><\/span><\/p>\n<p style=\"text-align: justify\"><span style=\"font-family: Arial\"><\/span><\/p>\n<p><span style=\"font-family: Arial\">\u00abLa cr\u00f3nica en la ciudad no tiene por qu\u00e9 hacerse desde el gobierno. Y no hay ning\u00fan conflicto con las actuales autoridades, simplemente queremos ser mayores de edad, no vivir tutelados, sino salir a las calles, recorrer nuestra ciudad, y escribir, hacer teatro, cine, poes\u00eda en torno a ella\u201d. Es el sentir de los creadores en nuestra ciudad, un sentir deso\u00eddo.<o:p><\/o:p><\/span><\/p>\n<p style=\"text-align: justify\"><span style=\"font-family: Arial\"><\/span><\/p>\n<p><span style=\"font-family: Arial\">\u00abLa tribu cultural\u00bb de nuestra ciudad de Quer\u00e9taro y todos los relacionados con el arte, la medicina, la arquitectura, el cine, la pintura, la historia, la literatura, la coreograf\u00eda, el teatro, el periodismo, la antropolog\u00eda y las culturas populares, entre otras ramas, tienen como objetivo principal ser \u00abciudadanos, plurales, m\u00faltiples, transversales y diversos, en su labor para promover la cr\u00f3nica\u00bb.<o:p><\/o:p><\/span><\/p>\n<p style=\"text-align: justify\"><span style=\"font-family: Arial\"><\/span><\/p>\n<p><span style=\"font-family: Arial\">Son muchas las limitaciones de esta labor, por eso enfrentarse en solitario a una ciudad tan inmensa y compleja y aferrarse a un cronista oficial, es da\u00f1ino para la <span>\u00a0<\/span>ciudad, su historia, su presente y futuro, por lo que se debe mirar con buenos ojos la creaci\u00f3n de un Consejo de <st1:personname ProductID=\"la Cr?nica.\" w:st=\"on\">la Cr\u00f3nica.<\/st1:personname><o:p><\/o:p><\/span><\/p>\n<p style=\"text-align: justify\"><span style=\"font-family: Arial\"><\/span><\/p>\n<p><span style=\"font-family: Arial\">\u00abPara una sola persona, no alcanza la vida para conocer la ciudad y todos sus aspectos. Por eso propongo la creaci\u00f3n del consejo, para compartir mi cargo con una serie de intelectuales y que, en colectivo, promovi\u00e9ramos la cr\u00f3nica\u00bb, dijo en su momento el \u00faltimo cronista oficial y en solitario de la ciudad de M\u00e9xico: Guillermo <span>\u00a0<\/span>Tovar y de Teresa.<o:p><\/o:p><\/span><\/p>\n<p style=\"margin: auto 0cm; text-align: justify\" class=\"bullet\"><span style=\"font-family: Arial\"><\/span><\/p>\n<p><span style=\"font-family: Arial\">Ser cronista es una vocaci\u00f3n, una manera de percibir la realidad, por ello no se puede imponer un solo estilo para hacer cr\u00f3nica, ni transformar al consejo de un organismo honorario en una oficina de gobierno\u00bb.<o:p><\/o:p><\/span><\/p>\n<p style=\"margin: auto 0cm; text-align: justify\" class=\"summary\"><span style=\"font-family: Arial\"><\/span><\/p>\n<p><span style=\"font-family: Arial\">Es necesario que los ciudadanos demos <span>\u00a0<\/span>la bienvenida a<span>\u00a0 <\/span>nuevos integrantes, debemos y &#8216;queremos llegar a 100&#8217; y muchos m\u00e1s.<o:p><\/o:p><\/span><\/p>\n<p style=\"text-align: justify\"><span style=\"font-family: Arial\"><\/span><\/p>\n<p><span style=\"font-family: Arial\">Lo que la pol\u00edtica separa, la cultura une&#8230; y la ciudad entrelaza. As\u00ed explica Guillermo Tovar y de Teresa al decir que ese es el esp\u00edritu que anima al Consejo de <st1:personname ProductID=\"la Cr?nica\" w:st=\"on\">la Cr\u00f3nica<\/st1:personname> de <st1:personname ProductID=\"la Ciudad\" w:st=\"on\">la Ciudad<\/st1:personname> de M\u00e9xico<span>\u00a0 <\/span>a 20 a\u00f1os de su creaci\u00f3n. <o:p><\/o:p><\/span><\/p>\n<p style=\"text-align: justify\"><span style=\"font-family: Arial\"><\/span><\/p>\n<p><span style=\"font-family: Arial\">Tengamos presente que desde el siglo XVI, con Francisco Cervantes de Salazar, la responsabilidad de hacer la cr\u00f3nica de la ciudad de M\u00e9xico hab\u00eda reca\u00eddo en una sola persona, pero en febrero de 1987, un a\u00f1o despu\u00e9s de que Guillermo Tovar fue elegido para fungir como el cronista capitalino, platic\u00f3 con sus dos predecesores, Jos\u00e9 Lu\u00eds Mart\u00ednez y Miguel Le\u00f3n Portilla, acerca de crear un consejo de <st1:personname ProductID=\"la Cr?nica\" w:st=\"on\">La Cr\u00f3nica<\/st1:personname> para la ciudad de M\u00e9xico, dando magn\u00edficos resultados. <o:p><\/o:p><\/span><\/p>\n<p style=\"text-align: justify\"><span style=\"font-family: Arial\"><\/span><\/p>\n<p><span style=\"font-family: Arial\">\u00abQue cada uno de los miembros haga su trabajo en su casa, en la intimidad, no en las juntas, a las cuales pueden dejar de ir, pero que nos entreguen su trabajo. Nos importa conocer eso, para seguir queriendo a esta ciudad, porque a pesar de todo s\u00ed es susceptible de ser amada. El Consejo de <st1:personname ProductID=\"la Cr?nica\" w:st=\"on\">la Cr\u00f3nica<\/st1:personname> ya es mayor de edad, y de aqu\u00ed, pa&#8217;l real\u00bb, puntualiza el historiador, quien concluye que desde los a\u00f1os 50 del siglo pasado no se daban cita tantos intelectuales en torno a un prop\u00f3sito \u00fanico: convertirse en los ojos y los o\u00eddos que hurgar\u00e1n cada rinc\u00f3n de <st1:personname ProductID=\"la Ciudad\" w:st=\"on\">la Ciudad<\/st1:personname>, para despu\u00e9s narrar sus hallazgos desde su \u00e1rea de especialidad.<o:p><\/o:p><\/span><\/p>\n<p style=\"text-align: justify\"><span style=\"font-family: Arial\"><\/span><\/p>\n<p><span style=\"font-family: Arial\">Algunos de los fundadores del Consejo de <st1:personname ProductID=\"la Cr?nica\" w:st=\"on\">la Cr\u00f3nica<\/st1:personname> de <st1:personname ProductID=\"la Ciudad\" w:st=\"on\">la Ciudad<\/st1:personname> de M\u00e9xico hace 20 a\u00f1os fueron Octavio Paz, Lu\u00eds Gonz\u00e1lez y Gonz\u00e1lez, Fernando Ben\u00edtez, Rufino Tamayo y Fernando Gamboa, Andr\u00e9s Henestrosa, <span>\u00a0<\/span>todos ellos ya fallecidos.<o:p><\/o:p><\/span><\/p>\n<p style=\"text-align: justify\"><span style=\"font-family: Arial\"><\/span><\/p>\n<p><span style=\"font-family: Arial\">Tambi\u00e9n echaron a andar hace dos d\u00e9cadas el consejo y contin\u00faan en \u00e9l: Emmanuel Carballo, Jos\u00e9 Lu\u00eds Cuevas, Teodoro Gonz\u00e1lez de Le\u00f3n, Homero Aridjis, Enrique Cervantes, Fernando C\u00e9sarman, Clementina D\u00edaz y de Ovando, Andr\u00e9s Lira Gonz\u00e1lez, Jos\u00e9 Lu\u00eds Mart\u00ednez, Silvio Zavala y Jos\u00e9 Iturriaga.<o:p><\/o:p><\/span><\/p>\n<p style=\"text-align: justify\"><span style=\"font-family: Arial\"><\/span><\/p>\n<p><span style=\"font-family: Arial\">Entre los nuevos miembros figuran: Francisco Toledo, Carlos Monsiv\u00e1is, Jacobo Zabludovsky, Rafael Barajas, Kart Bellinhausen, David Huerta, Enrique Florescano, Ernesto de <st1:personname ProductID=\"la Pe?a\" w:st=\"on\">la Pe\u00f1a<\/st1:personname>, Jean Meyer, Ricardo P\u00e9rez Escamilla, Gabriel Vargas, Jos\u00e9 Emilio Pacheco, Cristina Pacheco, H\u00e9ctor Garc\u00eda, Sergio Ra\u00fal Arroyo, Jos\u00e9 Pascual Bux\u00f3, Manuel Felgu\u00e9rez, Silvia Molina, Paco Ignacio Taibo I, Vicente Le\u00f1ero, Alfredo L\u00f3pez Austin, Ram\u00f3n Xirau, Gustavo Garc\u00eda, Guillermo Arriaga, Guadalupe Rivera Mar\u00edn, Teresa del Conde, Raquel Tibol y Carlos Mart\u00ednez Renter\u00eda, entre otros.<o:p><\/o:p><\/span><\/p>\n<p style=\"text-align: justify\"><span style=\"font-family: Arial\"><\/span><\/p>\n<p><span style=\"font-family: Arial\">La elecci\u00f3n de los integrantes del<span>\u00a0 <\/span>Consejo de <st1:personname ProductID=\"la Cr?nica\" w:st=\"on\">la Cr\u00f3nica<\/st1:personname> de <st1:personname ProductID=\"la Ciudad\" w:st=\"on\">la Ciudad<\/st1:personname> de M\u00e9xico \u00abno fue una decisi\u00f3n arbitraria. La idea es que se llegue a los miembros que hagan falta para conseguir que la gente se interese en la cr\u00f3nica. Tambi\u00e9n se incorporar\u00e1n los cronistas locales de cada barrio y colonia, la adhesi\u00f3n al consejo debe ser gratuita\u201d.<o:p><\/o:p><\/span><\/p>\n<p style=\"margin: 0cm 0cm 0pt; text-align: justify\" class=\"MsoNormal\"><span style=\"font-family: Arial\"><\/span><\/p>\n<p><span style=\"font-family: Arial\">Quer\u00e9taro dej\u00f3 solo a Valent\u00edn Fr\u00edas y nos ha legado un testimonio de nuestra ciudad invaluable y superior a los de los cronistas de las \u00f3rdenes religiosas instaladas en nuestra ciudad. J. Guadalupe Ram\u00edrez \u00c1lvarez acept\u00f3 esa responsabilidad y la trabaj\u00f3 al cansancio, lo mismo que Eduardo Loarca Castillo, ahora nuestra ciudad y nuestras circunstancias son otras y no admiten ese mimetismo en la narraci\u00f3n del tiempo y los acontecimientos desde una sola mirada y una sola perspectiva.<o:p><\/o:p><\/span><span style=\"font-family: Arial\"><o:p>\u00a0<\/o:p><\/span><span style=\"font-family: Arial\"><o:p>\u00a0<\/o:p><\/span><span style=\"font-family: Arial\">Toda la \u00e9lite intelectual y art\u00edstica, m\u00e1s los que se quieran a\u00f1adir debemos de retomar la cr\u00f3nica de la ciudad de Quer\u00e9taro y situarla en nuestro tiempo y en los cambios que esta capital y centro de atracci\u00f3n regional, nos esta exigiendo y no permitamos una sola mirada sobre algo que es inalcanzable para una sola persona.<o:p><\/o:p><\/span><\/p>\n","protected":false},"excerpt":{"rendered":"<p>\u201cLa cr\u00f3nica de la ciudad (Quer\u00e9taro) no tiene por qu\u00e9 hacerse desde el gobierno, porque ser cronista no es un t\u00edtulo, sino un esp\u00edritu\u201d, afirma Guillermo Tovar y de Teresa; La cr\u00f3nica tiene doble dimensi\u00f3n y m\u00faltiples lecturas, dijo en su momento Octavio Paz; La cr\u00f3nica no le pertenece a nadie, es algo que debemos [&hellip;]<\/p>\n","protected":false},"author":249,"featured_media":0,"comment_status":"open","ping_status":"closed","sticky":false,"template":"","format":"standard","meta":{"footnotes":""},"categories":[26],"tags":[],"class_list":["post-19","post","type-post","status-publish","format-standard","hentry","category-mundo"],"_links":{"self":[{"href":"https:\/\/eloficiodehistoriar.com.mx\/index.php?rest_route=\/wp\/v2\/posts\/19","targetHints":{"allow":["GET"]}}],"collection":[{"href":"https:\/\/eloficiodehistoriar.com.mx\/index.php?rest_route=\/wp\/v2\/posts"}],"about":[{"href":"https:\/\/eloficiodehistoriar.com.mx\/index.php?rest_route=\/wp\/v2\/types\/post"}],"author":[{"embeddable":true,"href":"https:\/\/eloficiodehistoriar.com.mx\/index.php?rest_route=\/wp\/v2\/users\/249"}],"replies":[{"embeddable":true,"href":"https:\/\/eloficiodehistoriar.com.mx\/index.php?rest_route=%2Fwp%2Fv2%2Fcomments&post=19"}],"version-history":[{"count":0,"href":"https:\/\/eloficiodehistoriar.com.mx\/index.php?rest_route=\/wp\/v2\/posts\/19\/revisions"}],"wp:attachment":[{"href":"https:\/\/eloficiodehistoriar.com.mx\/index.php?rest_route=%2Fwp%2Fv2%2Fmedia&parent=19"}],"wp:term":[{"taxonomy":"category","embeddable":true,"href":"https:\/\/eloficiodehistoriar.com.mx\/index.php?rest_route=%2Fwp%2Fv2%2Fcategories&post=19"},{"taxonomy":"post_tag","embeddable":true,"href":"https:\/\/eloficiodehistoriar.com.mx\/index.php?rest_route=%2Fwp%2Fv2%2Ftags&post=19"}],"curies":[{"name":"wp","href":"https:\/\/api.w.org\/{rel}","templated":true}]}}