{"id":22254,"date":"2021-05-17T09:54:16","date_gmt":"2021-05-17T15:54:16","guid":{"rendered":"https:\/\/eloficiodehistoriar.com.mx\/?p=22254"},"modified":"2021-05-20T23:37:55","modified_gmt":"2021-05-21T05:37:55","slug":"conmemoran-el-centenario-de-gucci-con-una-exposicion-en-florencia","status":"publish","type":"post","link":"https:\/\/eloficiodehistoriar.com.mx\/?p=22254","title":{"rendered":"Conmemoran el centenario de Gucci con una exposici\u00f3n en Florencia"},"content":{"rendered":"<p>Conmemoran el centenario de Gucci con una exposici\u00f3n en Florencia<\/p>\n<p>Ap<\/p>\n<p>La Jornada<\/p>\n<p>Florencia.<\/p>\n<p>Alessandro Michele ha cambiado radicalmente los c\u00f3digos de Gucci y retado las normas de la moda en sus seis a\u00f1os y medio como director creativo de la marca fundada por Guccio Gucci como una empresa de equipaje en Florencia hace 100 a\u00f1os.<\/p>\n<p>Para conmemorar el centenario, Michele cur\u00f3 una exposici\u00f3n en la galer\u00eda Jard\u00edn Gucci, en la Piazza della Signoria en Florencia, que subraya algunos momentos cruciales de su era. Incluye una campa\u00f1a para un perfume con una modelo transg\u00e9nero, un elenco completamente negro para la campa\u00f1a preoto\u00f1o 2017 y otra de rostros comunes con todas sus imperfecciones para un labial.<\/p>\n<p>La muestra ser\u00e1 reproducida en siete ciudades incluyendo Shangh\u00e1i, Tokio, Sydney y Se\u00fal.<\/p>\n<p>El director general, Marco Bizzarri, escogi\u00f3 a Michele para tomar el puesto de director creativo en enero de 2015, d\u00e1ndole libertad para ir m\u00e1s all\u00e1 de los esquemas usuales que impulsan los negocios de lujo.<\/p>\n<p>Nadie habr\u00eda querido, podemos decirlo, a una transexual en el mundo de la belleza, se\u00f1al\u00f3 Michele a reporteros el jueves en Florencia.<\/p>\n<p>Agreg\u00f3 que la campa\u00f1a con Hari Nef, Petra Collins y Dakota Johnson, quienes caminan por un campo de flores silvestres, demostr\u00f3 que las ideas convencionales del mundo de la moda estaban equivocadas al tiempo que cre\u00f3 una imagen femenina absolutamente actualizada.<\/p>\n<p>Agreg\u00f3: Si la moda y el mercado de la moda quieren seguir teniendo un escenario entonces debe haber una especie de movimiento. Esa campa\u00f1a de una manera muy sutil y po\u00e9tica dio espacio y voz al mundo de una feminidad muy diferente.<\/p>\n<p>Destac\u00f3 que el elenco de modelos negros de la campa\u00f1a de 2017 fue una revelaci\u00f3n en el momento. Se\u00f1al\u00f3 que las cosas han cambiado de forma vertiginosa y muy r\u00e1pida.<\/p>\n<p>El a\u00f1o de la pandemia ha sido de colaboraciones, incluyendo a North Face y Ken Scott y Doraemon. Mientras un trabajo con Balenciaga llegar\u00e1 a las tiendas en estos meses. Los ingresos de Gucci aumentaron 20 por ciento; 2.16 millones de euros en el primer trimestre de 2021 en comparaci\u00f3n con el mismo periodo de 2020, report\u00f3 Women\u2019s Wear Daily.<\/p>\n<p>Estilo ecl\u00e9ctico<\/p>\n<p>El estilo ecl\u00e9ctico de Michele, que ha avanzado para popularizar c\u00f3digos sin g\u00e9neros, especialmente para hombres, ha generado una especie de tribu de seguidores. Apodados Gucci Gang, ha adoptado completamente el poder de ese grupo tan distintivo en sus colecciones de pandemia, que han sido presentadas de manera digital.<\/p>\n<p>Estas colecciones incluyen Aria, en la que los modelos convergen et\u00e9reamente en un jard\u00edn, y Ouverture, de noviembre pasado, con videos de Gus Van Sant; en uno de ellos, una actriz italiana avanza en un raro paisaje romano con su tribu Gucci.<\/p>\n<p>Michele dijo que los fans de la marca escapan a cualquier encasillamiento con edades que van de los 10 a los 90 a\u00f1os.<\/p>\n<p>\u201cMe ha pasado que alguien que podr\u00eda ser de la edad de mi madre me saluda o que Marina Cicogna (una productora de cine de 86 a\u00f1os) me dice \u2018cuando voy a la tienda encuentro cosas alocadas\u2019\u201d, cont\u00f3.<\/p>\n<p>\u201cEs extra\u00f1o porque tambi\u00e9n podemos vestir a alguien de 13 a\u00f1os. Incluso un joven me detuvo y ten\u00eda un tatuaje que dec\u00eda \u2018Blind for Love\u2019\u201d, indic\u00f3 Michele en referencia a uno de los esl\u00f3ganes populares de sus creaciones.<\/p>\n<p>&nbsp;<\/p>\n","protected":false},"excerpt":{"rendered":"<p>Conmemoran el centenario de Gucci con una exposici\u00f3n en Florencia Ap La Jornada Florencia. Alessandro Michele ha cambiado radicalmente los c\u00f3digos de Gucci y retado las normas de la moda en sus seis a\u00f1os y medio como director creativo de la marca fundada por Guccio Gucci como una empresa de equipaje en Florencia hace 100 [&hellip;]<\/p>\n","protected":false},"author":249,"featured_media":22277,"comment_status":"open","ping_status":"closed","sticky":false,"template":"","format":"standard","meta":{"footnotes":""},"categories":[26],"tags":[],"class_list":["post-22254","post","type-post","status-publish","format-standard","has-post-thumbnail","hentry","category-mundo"],"_links":{"self":[{"href":"https:\/\/eloficiodehistoriar.com.mx\/index.php?rest_route=\/wp\/v2\/posts\/22254","targetHints":{"allow":["GET"]}}],"collection":[{"href":"https:\/\/eloficiodehistoriar.com.mx\/index.php?rest_route=\/wp\/v2\/posts"}],"about":[{"href":"https:\/\/eloficiodehistoriar.com.mx\/index.php?rest_route=\/wp\/v2\/types\/post"}],"author":[{"embeddable":true,"href":"https:\/\/eloficiodehistoriar.com.mx\/index.php?rest_route=\/wp\/v2\/users\/249"}],"replies":[{"embeddable":true,"href":"https:\/\/eloficiodehistoriar.com.mx\/index.php?rest_route=%2Fwp%2Fv2%2Fcomments&post=22254"}],"version-history":[{"count":1,"href":"https:\/\/eloficiodehistoriar.com.mx\/index.php?rest_route=\/wp\/v2\/posts\/22254\/revisions"}],"predecessor-version":[{"id":22255,"href":"https:\/\/eloficiodehistoriar.com.mx\/index.php?rest_route=\/wp\/v2\/posts\/22254\/revisions\/22255"}],"wp:featuredmedia":[{"embeddable":true,"href":"https:\/\/eloficiodehistoriar.com.mx\/index.php?rest_route=\/wp\/v2\/media\/22277"}],"wp:attachment":[{"href":"https:\/\/eloficiodehistoriar.com.mx\/index.php?rest_route=%2Fwp%2Fv2%2Fmedia&parent=22254"}],"wp:term":[{"taxonomy":"category","embeddable":true,"href":"https:\/\/eloficiodehistoriar.com.mx\/index.php?rest_route=%2Fwp%2Fv2%2Fcategories&post=22254"},{"taxonomy":"post_tag","embeddable":true,"href":"https:\/\/eloficiodehistoriar.com.mx\/index.php?rest_route=%2Fwp%2Fv2%2Ftags&post=22254"}],"curies":[{"name":"wp","href":"https:\/\/api.w.org\/{rel}","templated":true}]}}