{"id":22262,"date":"2021-05-17T10:15:44","date_gmt":"2021-05-17T16:15:44","guid":{"rendered":"https:\/\/eloficiodehistoriar.com.mx\/?p=22262"},"modified":"2021-05-20T23:32:03","modified_gmt":"2021-05-21T05:32:03","slug":"medalla-al-merito-universitario-al-critico-de-cine-jorge-ayala-blanco","status":"publish","type":"post","link":"https:\/\/eloficiodehistoriar.com.mx\/?p=22262","title":{"rendered":"Medalla al M\u00e9rito Universitario al cr\u00edtico de cine Jorge Ayala Blanco"},"content":{"rendered":"<p>Medalla al M\u00e9rito Universitario al cr\u00edtico de cine Jorge Ayala Blanco<\/p>\n<blockquote><p>La ceremonia virtual de reconocimiento a Jorge Ayala Blanco se transmitir\u00e1 en tiempo real, a partir de las 11:00 horas, por el canal oficial de UNAM Global en la plataforma YouTube.<\/p><\/blockquote>\n<p>Por Judith Amador Tello<\/p>\n<p>apro<\/p>\n<p>En una ceremonia virtual, la Universidad Nacional Aut\u00f3noma de M\u00e9xico (UNAM) entregar\u00e1 este lunes la Medalla al M\u00e9rito Universitario al cr\u00edtico y profesor de cine Jorge Ayala Blanco.<\/p>\n<p>Ganador de otros reconocimientos como la Medalla Salvador Toscano al M\u00e9rito Universitario 2011 y el Premio Universidad Nacional 2006, Ayala Blanco naci\u00f3 en la Ciudad de M\u00e9xico en 1942. Estudi\u00f3 la carrera de Ingenier\u00eda Qu\u00edmica Industrial en el Instituto Polit\u00e9cnico Nacional, pero desde 1964 es profesor del Centro Universitario de Estudios Cinematogr\u00e1ficos (CUEC) de la UNAM y cuenta con una trayectoria de m\u00e1s de medio siglo como cr\u00edtico.<\/p>\n<p>Ayala fue becario del Centro Mexicano de Escritores (CME) entre 1965 y 1966, tambi\u00e9n ha sido profesor en instituciones como el Centro Cultural Casa Lamm. Y en 1963 comenz\u00f3 su m\u00e1s grande y detallado estudio de la cinematograf\u00eda nacional a trav\u00e9s de la serie bibliogr\u00e1fica \u201cEl Abecedario del cine mexicano\u201d.<\/p>\n<p>El 28 de agosto de 2018, con motivo de la aparici\u00f3n del tomo \u201cn\u201d, La novedad del cine mexicano, relat\u00f3 en entrevista con el semanario Proceso, que como becario del CME escribi\u00f3 La aventura del cine mexicano, cuyos ejemplares le entregaron justo el 2 de octubre de 1968, lo cual le salv\u00f3 la vida pues ya no pudo ir a la manifestaci\u00f3n estudiantil en Tlatelolco, por ir a recogerlos a Iztapalapa.<\/p>\n<p>Posteriormente le pidieron actualizarlo, pero como era mucho material pens\u00f3 en otro libro e hizo La b\u00fasqueda del cine mexicano. Y entre burlas le preguntaban cu\u00e1ndo escribir\u00eda la \u201cc\u201d, para hacer el ABC del cine mexicano. No le pareci\u00f3 mala idea y public\u00f3 despu\u00e9s La condici\u00f3n del cine mexicano. Y siguieron La disolvencia, La eficacia, La fugacidad, La grandeza, La her\u00e9tica, La ilusi\u00f3n, La justeza, La kh\u00e1tarsis, La lucidez, La madurez, La novedad, La \u00f1erez y La org\u00e1nica. Varios de ellos ya disponibles en versi\u00f3n digital.<\/p>\n<p>En aquella ocasi\u00f3n present\u00f3 tambi\u00e9n su libro El cine actual, delirios narrativos, en el cual hace un recuento de 300 pel\u00edculas internacionales. Dijo entonces acerca del t\u00edtulo, que lo decidi\u00f3 luego de ver que las producciones cinematogr\u00e1ficas actuales ya no relatan de manera cl\u00e1sica:<\/p>\n<p>\u201cMe di cuenta de que el cine ya no narra: delira relatos. Alguien me dec\u00eda \u2018sangra relatos\u2019. Entonces me dije: \u2018bueno, vamos a observar esos delirios\u2019. Claro siempre hay una idea que encontr\u00e9 precisamente en Cr\u00edtica y cl\u00ednica de Gilles Deleuze. Es muy aguda porque dice que hay dos formas de delirar: una donde el artista, escritor, en fin, delira a trav\u00e9s del lenguaje. El resultado es por supuesto un arte insano, \u00a1enfermo, vamos!, los loquitos que hacen garabatos ser\u00eda un tipo de delirio. Pero existe tambi\u00e9n un delirio del artista, del creador, del escritor o del cineasta, que hacen delirar al lenguaje, y entonces esto s\u00ed comunica porque en realidad ellos no est\u00e1n delirando, est\u00e1n haciendo delirar a su instrumento\u201d.<\/p>\n<p>La ceremonia virtual de reconocimiento a Jorge Ayala Blanco se transmitir\u00e1 en tiempo real, a partir de las 11:00 horas, por el canal oficial de UNAM Global en la plataforma YouTube (https:\/\/www.youtube.com\/watch?v=zQfJZEnnHwc).<\/p>\n","protected":false},"excerpt":{"rendered":"<p>Medalla al M\u00e9rito Universitario al cr\u00edtico de cine Jorge Ayala Blanco La ceremonia virtual de reconocimiento a Jorge Ayala Blanco se transmitir\u00e1 en tiempo real, a partir de las 11:00 horas, por el canal oficial de UNAM Global en la plataforma YouTube. Por Judith Amador Tello apro En una ceremonia virtual, la Universidad Nacional Aut\u00f3noma [&hellip;]<\/p>\n","protected":false},"author":249,"featured_media":22268,"comment_status":"open","ping_status":"closed","sticky":false,"template":"","format":"standard","meta":{"footnotes":""},"categories":[26],"tags":[],"class_list":["post-22262","post","type-post","status-publish","format-standard","has-post-thumbnail","hentry","category-mundo"],"_links":{"self":[{"href":"https:\/\/eloficiodehistoriar.com.mx\/index.php?rest_route=\/wp\/v2\/posts\/22262","targetHints":{"allow":["GET"]}}],"collection":[{"href":"https:\/\/eloficiodehistoriar.com.mx\/index.php?rest_route=\/wp\/v2\/posts"}],"about":[{"href":"https:\/\/eloficiodehistoriar.com.mx\/index.php?rest_route=\/wp\/v2\/types\/post"}],"author":[{"embeddable":true,"href":"https:\/\/eloficiodehistoriar.com.mx\/index.php?rest_route=\/wp\/v2\/users\/249"}],"replies":[{"embeddable":true,"href":"https:\/\/eloficiodehistoriar.com.mx\/index.php?rest_route=%2Fwp%2Fv2%2Fcomments&post=22262"}],"version-history":[{"count":1,"href":"https:\/\/eloficiodehistoriar.com.mx\/index.php?rest_route=\/wp\/v2\/posts\/22262\/revisions"}],"predecessor-version":[{"id":22263,"href":"https:\/\/eloficiodehistoriar.com.mx\/index.php?rest_route=\/wp\/v2\/posts\/22262\/revisions\/22263"}],"wp:featuredmedia":[{"embeddable":true,"href":"https:\/\/eloficiodehistoriar.com.mx\/index.php?rest_route=\/wp\/v2\/media\/22268"}],"wp:attachment":[{"href":"https:\/\/eloficiodehistoriar.com.mx\/index.php?rest_route=%2Fwp%2Fv2%2Fmedia&parent=22262"}],"wp:term":[{"taxonomy":"category","embeddable":true,"href":"https:\/\/eloficiodehistoriar.com.mx\/index.php?rest_route=%2Fwp%2Fv2%2Fcategories&post=22262"},{"taxonomy":"post_tag","embeddable":true,"href":"https:\/\/eloficiodehistoriar.com.mx\/index.php?rest_route=%2Fwp%2Fv2%2Ftags&post=22262"}],"curies":[{"name":"wp","href":"https:\/\/api.w.org\/{rel}","templated":true}]}}