{"id":22287,"date":"2021-05-22T14:44:08","date_gmt":"2021-05-22T20:44:08","guid":{"rendered":"https:\/\/eloficiodehistoriar.com.mx\/?p=22287"},"modified":"2021-05-22T14:44:08","modified_gmt":"2021-05-22T20:44:08","slug":"fallece-diana-rabinovich-la-psicoanalista-que-tradujo-a-lacan","status":"publish","type":"post","link":"https:\/\/eloficiodehistoriar.com.mx\/?p=22287","title":{"rendered":"Fallece Diana Rabinovich, la psicoanalista que tradujo a Lacan"},"content":{"rendered":"<div class=\"l-highlighted-wrapper\">\n<div class=\"l-region l-region--highlighted\">\n<div id=\"block-luxbox-node-styles-luxbox-node-styles-header\" class=\"block block--luxbox-node-styles block--luxbox-node-styles-luxbox-node-styles-header\">\n<div class=\"block__content\"><main data-access=\"metered\"><\/p>\n<div class=\"ds-1col node node--article page-taxonomy-term-5 article icon-media-photo_paragraph view-mode-header_article node--header-article node--article--header-article clearfix\">\n<div class=\"field--title\">\n<h1 class=\"node-title display-xxlarge\">Fallece Diana Rabinovich, la psicoanalista que tradujo a Lacan<\/h1>\n<\/div>\n<div class=\"field--section\"><span class=\"lineage-item lineage-item-level-0\"><a href=\"https:\/\/vanguardia.com.mx\/seccion\/artes\">ARTES<\/a><\/span><\/div>\n<div class=\"field--post-date\">25 Abr 2021<\/div>\n<\/div>\n<p><\/main><\/div>\n<\/div>\n<\/div>\n<\/div>\n<div class=\"l-content\" role=\"main\">\n<div id=\"HOTWordsTxt\">\n<div id=\"block-luxbox-node-styles-luxbox-node-styles-highlight\" class=\"block block--luxbox-node-styles block--luxbox-node-styles-luxbox-node-styles-highlight\">\n<div class=\"block__content\">\n<div class=\"ds-1col entity entity-paragraphs-item paragraphs-item-photo-paragraph view-mode-full clearfix\">\n<div class=\"field--photo\" data-index=\"0\"><\/div>\n<\/div>\n<\/div>\n<\/div>\n<p><main data-access=\"metered\"><\/p>\n<div class=\"ds-1col node node--article page-taxonomy-term-5 article icon-media-photo_paragraph view-mode-article node--article node--article--article clearfix\">\n<div class=\"group-col-left field-group-div\">\n<div class=\"group-tags field-group-div\">\n<div class=\"field--topics\">La ensayista, psicoanalista y acad\u00e9mica argentina muri\u00f3 a los 77 a\u00f1os. Condecorada por el gobierno franc\u00e9s, fue una de las psiconalistas argentinas m\u00e1s respetadas en el mundo y organiz\u00f3 la que ser\u00eda la \u00fanica visita a Latinoam\u00e9rica de Jacques Lacan<\/div>\n<\/div>\n<\/div>\n<div class=\"field--netsonic\">\n<div id=\"netsonic-ad-miniplayer\"><\/div>\n<\/div>\n<div class=\"paragraphs-items paragraphs-items-field-paragraphs paragraphs-items-field-paragraphs-full paragraphs-items-full\">\n<div class=\"ds-1col entity entity-paragraphs-item paragraphs-item-text-paragraph view-mode-full clearfix\">\n<div class=\"field--text\">\n<p>Diana Rabinovich, la ensayista, psicoanalista y acad\u00e9mica argentina que tradujo al espa\u00f1ol los seminarios de Jaques Lacan, muri\u00f3 a los 77 a\u00f1os, como consecuencia de un paro cardiorrespiratorio,<strong>\u00a0informaron hoy la Universidad Nacional de Buenos Aires (UBA) y voceros de otras instituciones que lamentaron su fallecimiento.<\/strong><\/p>\n<p>Profesora Em\u00e9rita de la Facultad de Psicolog\u00eda como parte de las primeras promociones de esa carrera, Rabinovich -quien falleci\u00f3 ayer- fue \u201cuna de las psicoanalistas argentinas m\u00e1s relevantes a nivel mundial\u201d, se\u00f1al\u00f3 la UBA.<\/p>\n<p>Doctorada en la Universidad de La Sorbonne,\u00a0<strong>fund\u00f3 el Centro Franco-Argentino de la UBA y el gobierno franc\u00e9s la condecor\u00f3 con la<\/strong>\u00a0Orden del M\u00e9rito por su trabajo de colaboraci\u00f3n universitaria. Entre los seminarios que tradujo se encuentra La \u00e9tica del psicoan\u00e1lisis.<\/p>\n<p>Nacida en julio de 1943 en Buenos Aires en el seno de una familia inmigrantes rumanos, se exili\u00f3 a Venezuela durante la \u00faltima dictadura argentina y desde ah\u00ed organiz\u00f3, en 1980, la que ser\u00eda la \u00fanica visita a\u00a0<strong>Latinoam\u00e9rica de Jacques Lacan, cuando dict\u00f3 el Seminario de Caracas, un a\u00f1o antes de su muerte.<\/strong><\/p>\n<p>La UBA destac\u00f3 \u201cel permanente compromiso de Rabinovich con la democracia y con la educaci\u00f3n p\u00fablica\u201d, as\u00ed como \u201csu generosidad y buena disposici\u00f3n\u00a0<strong>para con sus estudiantes y colegas\u201d.<\/strong><\/p>\n<p>La C\u00e1mara Argentina del Libro, en tanto, expres\u00f3 su pesar\u201d ante la muerte de esta consagrada autora y catedr\u00e1tica, \u201cuna de las figuras m\u00e1s influyentes del\u00a0<strong>psicoan\u00e1lisis argen<\/strong>tino\u201d.<\/p>\n<p>Sus publicaciones incluyen La teor\u00eda del yo en la obra de Jacques Lacan, Sexualidad y significante, El concepto de objeto en la teor\u00eda psicoanalista, La significaci\u00f3n del falo, El deseo del psicoanalista y Modos l\u00f3gicos del amor de transferencia.<\/p>\n<p><em><strong>(Con informaci\u00f3n de Infobae)<\/strong><\/em><\/p>\n<\/div>\n<\/div>\n<\/div>\n<\/div>\n<p><\/main><\/div>\n<\/div>\n","protected":false},"excerpt":{"rendered":"<p>Fallece Diana Rabinovich, la psicoanalista que tradujo a Lacan ARTES 25 Abr 2021 La ensayista, psicoanalista y acad\u00e9mica argentina muri\u00f3 a los 77 a\u00f1os. Condecorada por el gobierno franc\u00e9s, fue una de las psiconalistas argentinas m\u00e1s respetadas en el mundo y organiz\u00f3 la que ser\u00eda la \u00fanica visita a Latinoam\u00e9rica de Jacques Lacan Diana Rabinovich, [&hellip;]<\/p>\n","protected":false},"author":249,"featured_media":22288,"comment_status":"open","ping_status":"closed","sticky":false,"template":"","format":"standard","meta":{"footnotes":""},"categories":[26],"tags":[],"class_list":["post-22287","post","type-post","status-publish","format-standard","has-post-thumbnail","hentry","category-mundo"],"_links":{"self":[{"href":"https:\/\/eloficiodehistoriar.com.mx\/index.php?rest_route=\/wp\/v2\/posts\/22287","targetHints":{"allow":["GET"]}}],"collection":[{"href":"https:\/\/eloficiodehistoriar.com.mx\/index.php?rest_route=\/wp\/v2\/posts"}],"about":[{"href":"https:\/\/eloficiodehistoriar.com.mx\/index.php?rest_route=\/wp\/v2\/types\/post"}],"author":[{"embeddable":true,"href":"https:\/\/eloficiodehistoriar.com.mx\/index.php?rest_route=\/wp\/v2\/users\/249"}],"replies":[{"embeddable":true,"href":"https:\/\/eloficiodehistoriar.com.mx\/index.php?rest_route=%2Fwp%2Fv2%2Fcomments&post=22287"}],"version-history":[{"count":1,"href":"https:\/\/eloficiodehistoriar.com.mx\/index.php?rest_route=\/wp\/v2\/posts\/22287\/revisions"}],"predecessor-version":[{"id":22289,"href":"https:\/\/eloficiodehistoriar.com.mx\/index.php?rest_route=\/wp\/v2\/posts\/22287\/revisions\/22289"}],"wp:featuredmedia":[{"embeddable":true,"href":"https:\/\/eloficiodehistoriar.com.mx\/index.php?rest_route=\/wp\/v2\/media\/22288"}],"wp:attachment":[{"href":"https:\/\/eloficiodehistoriar.com.mx\/index.php?rest_route=%2Fwp%2Fv2%2Fmedia&parent=22287"}],"wp:term":[{"taxonomy":"category","embeddable":true,"href":"https:\/\/eloficiodehistoriar.com.mx\/index.php?rest_route=%2Fwp%2Fv2%2Fcategories&post=22287"},{"taxonomy":"post_tag","embeddable":true,"href":"https:\/\/eloficiodehistoriar.com.mx\/index.php?rest_route=%2Fwp%2Fv2%2Ftags&post=22287"}],"curies":[{"name":"wp","href":"https:\/\/api.w.org\/{rel}","templated":true}]}}