{"id":22295,"date":"2021-05-23T16:14:27","date_gmt":"2021-05-23T22:14:27","guid":{"rendered":"https:\/\/eloficiodehistoriar.com.mx\/?p=22295"},"modified":"2021-05-23T16:14:27","modified_gmt":"2021-05-23T22:14:27","slug":"cdmx-desde-el-15-de-junio-conciertos-al-aire-libre","status":"publish","type":"post","link":"https:\/\/eloficiodehistoriar.com.mx\/?p=22295","title":{"rendered":"CDMX: Desde el 15 de junio, conciertos al aire libre"},"content":{"rendered":"<h2 id=\"article-title-tts\" class=\"title title-default\">CDMX: Desde el 15 de junio, conciertos al aire libre; cerca del verde<\/h2>\n<div class=\"article-info\"><a class=\"author\" href=\"https:\/\/www.jornada.com.mx\/author\/rocio-gonzalez-alvarado.html\">Roc\u00edo Gonz\u00e1lez Alvarado<\/a>\u00a0Tiempo de lectura: 3 min.<\/div>\n<div id=\"article-content-images\" class=\"content-items-media\"><\/div>\n<div class=\"article-row\">\n<div class=\"social-links right\">\n<div class=\"separator\"><em>Ciudad de M\u00e9xico.<\/em>\u00a0Por cuarta semana consecutiva la Ciudad de M\u00e9xico permanecer\u00e1 en amarillo del sem\u00e1foro epidemiol\u00f3gico, pero se encuentra a unas d\u00e9cimas de llegar al verde, al continuar la tendencia a la baja en el n\u00famero de contagios y hospitalizaciones por Covid-19, por lo que a partir del 15 de junio se podr\u00e1n realizar conciertos en \u00e1reas abiertas con palcos separados.<\/div>\n<\/div>\n<div class=\"article-main\">\n<div class=\"row\">\n<div id=\"article-content-tts\" class=\"article-content ljn-nota-contenido\">\n<div id=\"content_nitf\">\n<p>El titular de la Agencia Digital de Innovaci\u00f3n P\u00fablica, Jos\u00e9 Pe\u00f1a Merino, inform\u00f3 que los actos masivos se podr\u00e1n realizar con 25 por ciento de la capacidad de los recintos y con grupos de m\u00e1ximo ocho personas por palco, en los que debe haber sana distancia en lugares como ba\u00f1os y locales de venta de alimentos.<\/p>\n<p>En las \u00e1reas generales se permitir\u00e1 colocar estructuras de metal para los palcos, que deber\u00e1n tener una separaci\u00f3n de dos metros entre cada uno. Asimismo, se promover\u00e1 la venta de alimentos directamente en la secci\u00f3n, con el fin de evitar aglomeraciones, y no se podr\u00e1n reunir personas fuera de estos lugares.<\/p>\n<p>Todo el personal que participe en la organizaci\u00f3n deber\u00e1 tener una prueba negativa de ant\u00edgenos menor a 72 horas y ser\u00e1 obligatorio el registro del c\u00f3digo QR y el cubrebocas. La entrada y salida ser\u00e1 escalonada, para evitar la interacci\u00f3n entre grupos de asistentes.<\/p>\n<p>Pe\u00f1a Merino expres\u00f3 que con el modelo de palcos se busca generar \u201cburbujas de personas convivientes\u201d, es decir, que tienen una interacci\u00f3n donde podr\u00edan reunirse hasta 20 mil, seg\u00fan la capacidad de cada local.<\/p>\n<p>Se\u00f1al\u00f3 que a partir de la pr\u00f3xima semana, como parte del programa Reactivar sin arriesgar, se permitir\u00e1 ampliar el aforo a 30 por ciento en los centros de exposiciones y en las oficinas corporativas.<\/p>\n<h2>La cifra m\u00e1s baja de pacientes en nosocomios<\/h2>\n<p>Por su parte, el director general de Gobierno Digital de la agencia, Eduardo Clark Garc\u00eda, se\u00f1al\u00f3 que de acuerdo con los indicadores establecidos por las autoridades de salud federales, la ciudad est\u00e1 a d\u00e9cimas en un par de indicadores para pasar al verde del sem\u00e1foro epidemiol\u00f3gico.<\/p>\n<p>Detall\u00f3 que hasta el jueves por la noche la ocupaci\u00f3n hospitalaria era de 11.4 por ciento con 962 pacientes, 276 menos que la semana anterior, equivalente a 20 por ciento, por lo que por primera vez durante toda la pandemia se est\u00e1 por debajo de mil personas enfermas en las unidades m\u00e9dicas de la capital del pa\u00eds, en contraste con las 2 mil 500 que hubo el 28 de septiembre, que hab\u00eda sido la cifra m\u00e1s baja.<\/p>\n<p>Agreg\u00f3 que tambi\u00e9n ha habido una reducci\u00f3n significativa en la mortalidad, pues en la \u00faltima semana se registraron 141 decesos, 24 por ciento menos en comparaci\u00f3n con la anterior, cuando hubo 186 defunciones.<\/p>\n<p>En tanto, la secretaria de Salud, Oliva L\u00f3pez Arellano, se\u00f1al\u00f3 que a diferencia de lo que ocurre en otros pa\u00edses, donde se ha comenzado a dejar de usar el cubrebocas, en la Ciudad de M\u00e9xico se mantendr\u00e1 como una medida de protecci\u00f3n de manera permanente, as\u00ed como la sana distancia, la ventilaci\u00f3n y el lavado de manos.<\/p>\n<\/div>\n<\/div>\n<\/div>\n<\/div>\n<\/div>\n","protected":false},"excerpt":{"rendered":"<p>CDMX: Desde el 15 de junio, conciertos al aire libre; cerca del verde Roc\u00edo Gonz\u00e1lez Alvarado\u00a0Tiempo de lectura: 3 min. Ciudad de M\u00e9xico.\u00a0Por cuarta semana consecutiva la Ciudad de M\u00e9xico permanecer\u00e1 en amarillo del sem\u00e1foro epidemiol\u00f3gico, pero se encuentra a unas d\u00e9cimas de llegar al verde, al continuar la tendencia a la baja en el [&hellip;]<\/p>\n","protected":false},"author":249,"featured_media":22296,"comment_status":"open","ping_status":"closed","sticky":false,"template":"","format":"standard","meta":{"footnotes":""},"categories":[26],"tags":[],"class_list":["post-22295","post","type-post","status-publish","format-standard","has-post-thumbnail","hentry","category-mundo"],"_links":{"self":[{"href":"https:\/\/eloficiodehistoriar.com.mx\/index.php?rest_route=\/wp\/v2\/posts\/22295","targetHints":{"allow":["GET"]}}],"collection":[{"href":"https:\/\/eloficiodehistoriar.com.mx\/index.php?rest_route=\/wp\/v2\/posts"}],"about":[{"href":"https:\/\/eloficiodehistoriar.com.mx\/index.php?rest_route=\/wp\/v2\/types\/post"}],"author":[{"embeddable":true,"href":"https:\/\/eloficiodehistoriar.com.mx\/index.php?rest_route=\/wp\/v2\/users\/249"}],"replies":[{"embeddable":true,"href":"https:\/\/eloficiodehistoriar.com.mx\/index.php?rest_route=%2Fwp%2Fv2%2Fcomments&post=22295"}],"version-history":[{"count":1,"href":"https:\/\/eloficiodehistoriar.com.mx\/index.php?rest_route=\/wp\/v2\/posts\/22295\/revisions"}],"predecessor-version":[{"id":22297,"href":"https:\/\/eloficiodehistoriar.com.mx\/index.php?rest_route=\/wp\/v2\/posts\/22295\/revisions\/22297"}],"wp:featuredmedia":[{"embeddable":true,"href":"https:\/\/eloficiodehistoriar.com.mx\/index.php?rest_route=\/wp\/v2\/media\/22296"}],"wp:attachment":[{"href":"https:\/\/eloficiodehistoriar.com.mx\/index.php?rest_route=%2Fwp%2Fv2%2Fmedia&parent=22295"}],"wp:term":[{"taxonomy":"category","embeddable":true,"href":"https:\/\/eloficiodehistoriar.com.mx\/index.php?rest_route=%2Fwp%2Fv2%2Fcategories&post=22295"},{"taxonomy":"post_tag","embeddable":true,"href":"https:\/\/eloficiodehistoriar.com.mx\/index.php?rest_route=%2Fwp%2Fv2%2Ftags&post=22295"}],"curies":[{"name":"wp","href":"https:\/\/api.w.org\/{rel}","templated":true}]}}