{"id":22313,"date":"2021-05-26T11:39:56","date_gmt":"2021-05-26T17:39:56","guid":{"rendered":"https:\/\/eloficiodehistoriar.com.mx\/?p=22313"},"modified":"2021-05-26T11:39:56","modified_gmt":"2021-05-26T17:39:56","slug":"muere-francisco-brines-ultimo-premio-cervantes","status":"publish","type":"post","link":"https:\/\/eloficiodehistoriar.com.mx\/?p=22313","title":{"rendered":"Muere Francisco Brines, \u00faltimo premio Cervantes"},"content":{"rendered":"<header class=\"a_h | col desktop_12 tablet_8 mobile_4\">\n<div id=\"article_header\" class=\"a_hg basic | \">\n<h1 class=\"a_t | font_secondary color_gray_ultra_dark \">Muere Francisco Brines, \u00faltimo premio Cervantes<\/h1>\n<h2 class=\"a_st font_secondary color_gray_dark \">El autor valenciano, maestro de varias generaciones de poetas espa\u00f1oles, fallece a los 89 a\u00f1os<\/h2>\n<\/div>\n<div class=\"f f__v video_player | clearfix relative lead_art \">\n<div class=\"pointer  \">\n<div id=\"video_20210521102129228\" class=\"player | relative z_index_1\" tabindex=\"0\"><\/div>\n<\/div>\n<div class=\"row\">\n<div class=\"f_c | border_1 border_bottom border_gray_ultra_light_warm padding_vertical text_align_right color_gray_medium  width_full\"><a class=\"a_aut_n | color_black\" title=\"Ver todas las noticias de Javier Rodr\u00edguez Marcos\" href=\"https:\/\/elpais.com\/autor\/javier-rodriguez-marcos\/\">JAVIER RODR\u00cdGUEZ MARCOS<\/a><\/div>\n<\/div>\n<\/div>\n<div class=\"a_by | margin_bottom_lg  \">\n<div class=\"\">\n<div class=\"a_pt | uppercase color_gray_medium_lighter \"><span class=\"a_pl | capitalize  color_black\">Madrid<\/span>\u00a0&#8211;\u00a0<a id=\"article_date\" class=\"a_ti\" href=\"https:\/\/elpais.com\/hemeroteca\/2021-05-20\/\" data-date=\"2021-05-20T20:54:15.723Z\">20 MAY 2021 &#8211; 15:54\u00a0<abbr title=\" Central Daylight Time\">CDT<\/abbr><\/a><\/div>\n<\/div>\n<\/div>\n<\/header>\n<div class=\"a_w | col desktop_8 tablet_8 mobile_4\">\n<div id=\"ctn_article_body\" class=\"a_b article_body | color_gray_dark\">\n<p class=\"\">Francisco Brines muri\u00f3 el jueves en el hospital de Gand\u00eda (Valencia), donde estaba ingresado desde el pasado 13 de mayo y donde fue intervenido de una hernia, despu\u00e9s de que\u00a0<a href=\"https:\/\/elpais.com\/cultura\/2021-05-12\/los-reyes-entregan-el-premio-cervantes-al-poeta-francisco-brines-entre-naranjos-y-sillas-de-mimbre.html\" target=\"_blank\" rel=\"noopener\" data-link-track-dtm=\"\">los Reyes le entregaran el Premio Cervantes<\/a>\u00a0en su casa de Elca, seg\u00fan confirman a EL PA\u00cdS fuentes pr\u00f3ximas a la fundaci\u00f3n que lleva su nombre. Hac\u00eda a\u00f1os que no se mov\u00eda de su casa en el campo de Oliva, lugar fundamental en sus poemas. Desde all\u00ed, como desde sus versos, se ven a la vez el mar Mediterr\u00e1neo y el recio macizo del Montg\u00f3. Y as\u00ed,\u00a0<a href=\"https:\/\/elpais.com\/cultura\/2021-04-23\/francisco-brines-poesia-etica-y-cervantes-casero.html\" target=\"_blank\" rel=\"noopener\" data-link-track-dtm=\"\">hedonista y austera, es la herencia literaria<\/a>\u00a0que deja este hombre de 89 a\u00f1os que desde muy joven reuni\u00f3 su poes\u00eda completa bajo el t\u00edtulo de\u00a0<i>Ensayo de una despedida<\/i>. \u201cEl conjunto de mi obra, aun en los momentos en que aparece el c\u00e1ntico, no es otra cosa que una extensa eleg\u00eda\u201d, escribi\u00f3 en la introducci\u00f3n a su antolog\u00eda m\u00e1s personal:\u00a0<i>Selecci\u00f3n propia<\/i>\u00a0(1988).<\/p>\n<section class=\"more_info | border_1 border_top pull_right\">\n<h3 class=\"uppercase color_black padding_top\">M\u00c1S INFORMACI\u00d3N<\/h3>\n<ul class=\"list_unstyled font_secondary\">\n<li class=\"info_item | border_1 border_bottom border_gray_ultra_light flex container_column\"><a class=\"color_gray_ultra_dark\" href=\"https:\/\/elpais.com\/babelia\/2020-11-26\/alegria-de-francisco-brines.html?rel=listapoyo\" data-link-track-dtm=\"\">Alegr\u00eda de Francisco Brines<\/a><\/li>\n<li class=\"info_item | border_1 border_bottom border_gray_ultra_light flex container_column\"><a class=\"color_gray_ultra_dark\" href=\"https:\/\/elpais.com\/cultura\/2021-04-23\/francisco-brines-poesia-etica-y-cervantes-casero.html?rel=listapoyo\" data-link-track-dtm=\"\">Francisco Brines, poes\u00eda \u00e9tica y Cervantes casero<\/a><\/li>\n<li class=\"info_item | border_1 border_bottom border_gray_ultra_light flex container_column\"><a class=\"color_gray_ultra_dark\" href=\"https:\/\/elpais.com\/cultura\/2020-11-24\/la-buena-literatura-de-las-malas-personas.html?rel=listapoyo\" data-link-track-dtm=\"\">La buena literatura de las malas personas<\/a><\/li>\n<li class=\"info_item | border_1 border_bottom border_gray_ultra_light flex container_column\"><a class=\"color_gray_ultra_dark\" href=\"https:\/\/elpais.com\/cultura\/2021-05-12\/los-reyes-entregan-el-premio-cervantes-al-poeta-francisco-brines-entre-naranjos-y-sillas-de-mimbre.html?rel=listapoyo\" data-link-track-dtm=\"\">Los Reyes entregan el Premio Cervantes al poeta Francisco Brines entre naranjos y sillas de mimbre<\/a><\/li>\n<\/ul>\n<\/section>\n<div id=\"elpais_gpt-INTEXT\" data-google-query-id=\"CNCUprvx5_ACFcEzAQodKBsIdQ\">\n<div id=\"google_ads_iframe_7811748\/elpais_web\/cultura\/intext_0__container__\"><iframe id=\"google_ads_iframe_7811748\/elpais_web\/cultura\/intext_0\" title=\"3rd party ad content\" name=\"google_ads_iframe_7811748\/elpais_web\/cultura\/intext_0\" width=\"1\" height=\"1\" frameborder=\"0\" marginwidth=\"0\" marginheight=\"0\" scrolling=\"no\" data-google-container-id=\"8\" data-load-complete=\"true\" data-mce-fragment=\"1\"><\/iframe><\/div>\n<\/div>\n<p class=\"\">Cuando en 2000 decidi\u00f3 vivir rodeado de naranjos, bromeaba con los amigos diciendo que se hab\u00eda retirado para morir. \u201cNo tengo prisa\u201d, matizaba al instante. Nunca la tuvo. Tampoco para vivir ni para escribir. Ni siquiera cuando hace una d\u00e9cada dos infartos lo dejaron maltrecho y en el umbral de la decadencia \u2014solo f\u00edsica\u2014 que el jueves termin\u00f3 con su vida. En 1995, public\u00f3\u00a0<i>La \u00faltima costa<\/i>\u00a0y dio por cerrada su obra. Luego vendr\u00eda una serie de poemas destinados a un libro que ya ser\u00e1 p\u00f3stumo. Fue adelant\u00e1ndolo en diversas antolog\u00edas y hasta le puso t\u00edtulo \u2014<i>Donde muere la muerte<\/i>\u2014, pero se resisti\u00f3 a cerrarlo. Ten\u00eda la sensaci\u00f3n, confesaba, de que si lo terminaba se morir\u00eda. Lo dec\u00eda, como todo, con media sonrisa, sin patetismo alguno. Detr\u00e1s de tanta dilaci\u00f3n estaba, en el fondo, su car\u00e1cter a la vez perezoso y perfeccionista. Prefer\u00eda la vida que la literatura, conversar que dormir, contemplar la belleza del mundo que escribir sobre ella. Por eso sus versos tienen el tono crepuscular de alguien consciente de la fugacidad de lo bueno, lo bello y lo verdadero. Pocos autores\u00a0<a href=\"https:\/\/elpais.com\/babelia\/2020-11-26\/alegria-de-francisco-brines.html\" target=\"_blank\" rel=\"noopener\" data-link-track-dtm=\"\">tan vitalistas como Francisco Brines<\/a>\u00a0habr\u00e1n escrito tanto sobre la muerte.<iframe class=\"teads-resize\" data-mce-fragment=\"1\"><\/iframe><\/p>\n<div class=\"teads-inread sm-screen\">\n<div>\n<div class=\"teads-ui-components-adchoices\"><\/div>\n<div class=\"teads-ui-components-label\">PUBLICIDAD<\/div>\n<div id=\"teads0\" class=\"teads-player smart-position-corner\">\n<div class=\"teads-ui-components-smart-header\">\n<div class=\"smart-header-content\">\n<div class=\"close-button-smart\">\n<div class=\"close-button icon-close\"><\/div>\n<\/div>\n<div class=\"adChoices-button-smart\"><\/div>\n<div class=\"sound-button-smart\">\n<div class=\"icon-muteon\"><\/div>\n<\/div>\n<\/div>\n<\/div>\n<p><iframe frameborder=\"0\" scrolling=\"no\" data-mce-fragment=\"1\"><\/iframe><\/div>\n<div class=\"teads-player teads-compensation-div\"><\/div>\n<\/div>\n<\/div>\n<p class=\"\">Amante de la pintura, futbolero y aficionado a los toros, su curiosidad inagotable y su sentido del humor le granjearon la admiraci\u00f3n universal de un gremio, el de los poetas, muy dado a formar bandos y a cavar trincheras. Transparente sin perder la hondura, su poes\u00eda fue una\u00a0<i>rara avis<\/i>\u00a0carnal y metaf\u00edsica en medio una posguerra marcada por la poes\u00eda social. Publicado en 1960 tras ganar el Premio Adonais, su primer libro \u2014<i>Las brasas<\/i>\u2014 lo hab\u00eda escrito un joven que se acercaba a la treintena, pero recog\u00eda, con su punto de premonici\u00f3n, la voz madura de alguien que en una casa solitaria empezaba a despedirse de todo.<\/p>\n<figure class=\"f | margin_top\"><img loading=\"lazy\" decoding=\"async\" class=\"lazyload block width_full\" src=\"https:\/\/imagenes.elpais.com\/resizer\/aiSqhmG58iC_LpLgT1PTAqdl7vc=\/414x0\/cloudfront-eu-central-1.images.arcpublishing.com\/prisa\/MUWI7Q4LTBEHHBESWJD3H36BZA.JPG\" srcset=\"https:\/\/imagenes.elpais.com\/resizer\/aiSqhmG58iC_LpLgT1PTAqdl7vc=\/414x0\/cloudfront-eu-central-1.images.arcpublishing.com\/prisa\/MUWI7Q4LTBEHHBESWJD3H36BZA.JPG 414w,https:\/\/imagenes.elpais.com\/resizer\/Ia6oY2RSZgn4aFFavM7yzr3yr_M=\/828x0\/cloudfront-eu-central-1.images.arcpublishing.com\/prisa\/MUWI7Q4LTBEHHBESWJD3H36BZA.JPG 640w,https:\/\/imagenes.elpais.com\/resizer\/sYt-BixgdzHVHgTOXzQLQAYXG7Y=\/980x0\/cloudfront-eu-central-1.images.arcpublishing.com\/prisa\/MUWI7Q4LTBEHHBESWJD3H36BZA.JPG 1000w,https:\/\/imagenes.elpais.com\/resizer\/jWAxbjWEUYIrbXlzvHpwruAOV64=\/1960x0\/cloudfront-eu-central-1.images.arcpublishing.com\/prisa\/MUWI7Q4LTBEHHBESWJD3H36BZA.JPG 1960w\" alt=\"Brines, en su casa de Oliva (Valencia) en 2006.\" width=\"1584\" height=\"1056\" \/><figcaption class=\"f_c | border_bottom border_1 border_gray_ultra_light_warm text_align_right padding_vertical color_gray_medium\">Brines, en su casa de Oliva (Valencia) en 2006.<span class=\"f_a | color_black margin_left uppercase light\"><span class=\"author\">JES\u00daS CISCAR<\/span><\/span><\/figcaption><\/figure>\n<p class=\"\">Licenciado en Derecho \u2014nunca ejercer\u00eda\u2014 y estudiante de Historia y Filolog\u00eda, aquel libro le garantiz\u00f3 una plaza en el canon de la generaci\u00f3n de los cincuenta junto a poetas como\u00a0<a href=\"https:\/\/elpais.com\/noticias\/jaime-gil-de-biedma\/\" target=\"_blank\" rel=\"noopener\" data-link-track-dtm=\"\">Jaime Gil de Biedma<\/a>, Jos\u00e9 Agust\u00edn Goytisolo o sus amigos\u00a0<a href=\"https:\/\/elpais.com\/cultura\/2013\/04\/20\/actualidad\/1366486016_226686.html\" target=\"_blank\" rel=\"noopener\" data-link-track-dtm=\"\">Jos\u00e9 \u00c1ngel Valente<\/a>\u00a0y Claudio Rodr\u00edguez. Con estos dos \u00faltimos compartir\u00eda multitud de viajes camino de \u00d3xford (Reino Unido) en los dos a\u00f1os que pas\u00f3 como lector en esa universidad. La experiencia inglesa quedar\u00eda reflejada en el libro\u00a0<i>Palabras a la oscuridad<\/i>\u00a0(1966), galardonado con el Premio de la Cr\u00edtica y cuyo tono meditativo dejaba ya patente la impronta de uno de sus grandes referentes, Luis Cernuda, objeto en 2006 de su discurso de ingreso en la Real Academia Espa\u00f1ola. Su otro gran maestro fue Juan Ram\u00f3n Jim\u00e9nez, al que reivindic\u00f3 en un tiempo, la dictadura de Franco, en que el simbolismo era considerado un lujo y el viento soplaba a favor de Antonio Machado.<\/p>\n<p class=\"\">Su maestro vital fue, sin embargo, otro poeta de la generaci\u00f3n del 27: Vicente Aleixandre. En su casa de\u00a0<a href=\"https:\/\/elpais.com\/cultura\/2021-02-05\/rodriguez-uribes-pide-a-la-comunidad-de-madrid-que-declare-bic-la-casa-de-vicente-aleixandre.html\" target=\"_blank\" rel=\"noopener\" data-link-track-dtm=\"\">Velintonia<\/a>\u00a0(Madrid) coincidi\u00f3 con su gran amigo Carlos Bouso\u00f1o, nueve a\u00f1os mayor que \u00e9l, y con poetas j\u00f3venes como Luis Antonio de Villena o Antonio Colinas, que siempre supieron apreciar una obra exigente que iba creciendo en libros como\u00a0<i>A\u00fan no<\/i>\u00a0(1971) o\u00a0<i>Insistencias en Luzbel<\/i>\u00a0(1977). \u201cNo tuve amor a las palabras; \/ si las us\u00e9 con desnudez, si sufr\u00ed en esa busca, \/ fue por necesidad de no perder la vida, \/ y envejecer con algo de memoria \/ y alguna claridad\u201d, se lee en el poema que cierra ese libro. Su obra se te\u00f1\u00eda de soledad, la amistad iba llenando su vida.<\/p>\n<p class=\"\">Pagano educado en los jesuitas, cristiano pasado por el mundo grecolatino, estoico m\u00e1s que epic\u00fareo, tard\u00f3 casi una d\u00e9cada en sacar otro libro. Fue Abelardo Linares el que public\u00f3 en su editorial, Renacimiento, el poemario que supuso, en efecto, el renacer del Brines escritor:\u00a0<i>El oto\u00f1o de las rosas<\/i>\u00a0(1986). El Premio Nacional no hizo m\u00e1s que certificar la calidad de un t\u00edtulo que incluye alguno de los m\u00e1s altos ejemplos de la poes\u00eda homoer\u00f3tica en lengua castellana y la vuelta de un autor que con poco m\u00e1s de 50 a\u00f1os ejerc\u00eda de maestro. La obra de paisanos suyos como Carlos Marzal o Vicente Gallego hubiera evolucionado de manera distinta sin su amistad e influencia.<\/p>\n<p class=\"\">Con todo, se demor\u00f3 casi otros 10 a\u00f1os en publicar de nuevo. Ya por \u00faltima vez. En 1995 dio a las prensas\u00a0<i>La \u00faltima costa<\/i>, que se cierra con un poema que relata el paso de la laguna Estigia en compa\u00f1\u00eda de su madre. La muerte de esta le llev\u00f3 a cerrar primero la casa de Madrid \u2014donde ten\u00eda como vecino a Jos\u00e9 Manuel Caballero Bonald, fallecido hace dos semanas\u2014 y luego, la de Valencia. Se instal\u00f3 entonces a las afueras de su pueblo natal, rodeado de frutales. Todav\u00eda le dio tiempo a ver a su querido Valencia Club de F\u00fatbol en la final de la Copa de Europa. Por dos veces (perdi\u00f3 las dos). Tambi\u00e9n a entrar en la RAE, a ganar el Premio Reina Sof\u00eda de Poes\u00eda Iberoamericana y,\u00a0<a href=\"https:\/\/elpais.com\/cultura\/2020-11-16\/el-poeta-valenciano-francisco-brines-gana-el-premio-cervantes-2020.html\" target=\"_blank\" rel=\"noopener\" data-link-track-dtm=\"\">en noviembre pasado, el Cervantes<\/a>. \u201cPuesto que nunca podr\u00e1s dejar de ser el que eres, secreto y jubiloso, ama\u201d. Francisco Brines puso esta frase como frontispicio a\u00a0<i>El oto\u00f1o de las rosas<\/i>. Secreto y jubiloso, escribi\u00f3 un pu\u00f1ado de poemas memorables e hizo mejores a todos cuantos, poetas y no poetas, le rodearon. Ha muerto un gran maestro de la poes\u00eda espa\u00f1ola.<\/p>\n<\/div>\n<\/div>\n","protected":false},"excerpt":{"rendered":"<p>Muere Francisco Brines, \u00faltimo premio Cervantes El autor valenciano, maestro de varias generaciones de poetas espa\u00f1oles, fallece a los 89 a\u00f1os JAVIER RODR\u00cdGUEZ MARCOS Madrid\u00a0&#8211;\u00a020 MAY 2021 &#8211; 15:54\u00a0CDT Francisco Brines muri\u00f3 el jueves en el hospital de Gand\u00eda (Valencia), donde estaba ingresado desde el pasado 13 de mayo y donde fue intervenido de una [&hellip;]<\/p>\n","protected":false},"author":249,"featured_media":22314,"comment_status":"open","ping_status":"closed","sticky":false,"template":"","format":"standard","meta":{"footnotes":""},"categories":[30,10,12,28,26,59,9],"tags":[],"class_list":["post-22313","post","type-post","status-publish","format-standard","has-post-thumbnail","hentry","category-arte","category-historia","category-libros","category-literatura","category-mundo","category-noticias","category-otros-lugares"],"_links":{"self":[{"href":"https:\/\/eloficiodehistoriar.com.mx\/index.php?rest_route=\/wp\/v2\/posts\/22313","targetHints":{"allow":["GET"]}}],"collection":[{"href":"https:\/\/eloficiodehistoriar.com.mx\/index.php?rest_route=\/wp\/v2\/posts"}],"about":[{"href":"https:\/\/eloficiodehistoriar.com.mx\/index.php?rest_route=\/wp\/v2\/types\/post"}],"author":[{"embeddable":true,"href":"https:\/\/eloficiodehistoriar.com.mx\/index.php?rest_route=\/wp\/v2\/users\/249"}],"replies":[{"embeddable":true,"href":"https:\/\/eloficiodehistoriar.com.mx\/index.php?rest_route=%2Fwp%2Fv2%2Fcomments&post=22313"}],"version-history":[{"count":1,"href":"https:\/\/eloficiodehistoriar.com.mx\/index.php?rest_route=\/wp\/v2\/posts\/22313\/revisions"}],"predecessor-version":[{"id":22315,"href":"https:\/\/eloficiodehistoriar.com.mx\/index.php?rest_route=\/wp\/v2\/posts\/22313\/revisions\/22315"}],"wp:featuredmedia":[{"embeddable":true,"href":"https:\/\/eloficiodehistoriar.com.mx\/index.php?rest_route=\/wp\/v2\/media\/22314"}],"wp:attachment":[{"href":"https:\/\/eloficiodehistoriar.com.mx\/index.php?rest_route=%2Fwp%2Fv2%2Fmedia&parent=22313"}],"wp:term":[{"taxonomy":"category","embeddable":true,"href":"https:\/\/eloficiodehistoriar.com.mx\/index.php?rest_route=%2Fwp%2Fv2%2Fcategories&post=22313"},{"taxonomy":"post_tag","embeddable":true,"href":"https:\/\/eloficiodehistoriar.com.mx\/index.php?rest_route=%2Fwp%2Fv2%2Ftags&post=22313"}],"curies":[{"name":"wp","href":"https:\/\/api.w.org\/{rel}","templated":true}]}}