{"id":22317,"date":"2021-05-26T11:43:03","date_gmt":"2021-05-26T17:43:03","guid":{"rendered":"https:\/\/eloficiodehistoriar.com.mx\/?p=22317"},"modified":"2021-05-26T11:43:03","modified_gmt":"2021-05-26T17:43:03","slug":"laurence-des-cars-primera-mujer-que-dirige-el-museo-del-louvre","status":"publish","type":"post","link":"https:\/\/eloficiodehistoriar.com.mx\/?p=22317","title":{"rendered":"Laurence des Cars, primera mujer que dirige el Museo del Louvre"},"content":{"rendered":"<header class=\"a_h | col desktop_12 tablet_8 mobile_4\">\n<div id=\"article_header\" class=\"a_hg basic | \">\n<h2 class=\"a_t | font_secondary color_gray_ultra_dark \">Laurence des Cars, primera mujer que dirige el Museo del Louvre<\/h2>\n<h3 class=\"a_st font_secondary color_gray_dark \">La historiadora del arte francesa, partidaria de una apertura a temas de actualidad y al p\u00fablico joven, se convierte en presidenta de la pinacoteca m\u00e1s visitada del mundo, con 10 millones de entradas en 2019<\/h3>\n<\/div>\n<div class=\"sb | width_full border_bottom border_5\">\n<div class=\"sb_w | border_bottom border_1 padding_bottom flex\n          justify_space_between relative\"><\/p>\n<div class=\"flex container_row social-icons right-links horizontal  \"><a class=\"a_aut_n | color_black\" title=\"Ver todas las noticias de \u00c1lex Vicente\" href=\"https:\/\/elpais.com\/autor\/alex-vicente\/\">\u00c1LEX VICENTE<\/a><\/div>\n<\/div>\n<\/div>\n<div class=\"a_by | margin_bottom_lg  \">\n<div class=\"\">\n<div class=\"a_pt | uppercase color_gray_medium_lighter \"><span class=\"a_pl | capitalize  color_black\">Par\u00eds<\/span>\u00a0&#8211;\u00a0<a id=\"article_date\" class=\"a_ti\" href=\"https:\/\/elpais.com\/hemeroteca\/2021-05-26\/\" data-date=\"2021-05-26T09:27:29.372Z\">26 MAY 2021 &#8211; 04:27\u00a0<abbr title=\" Central Daylight Time\">CDT<\/abbr><\/a><\/div>\n<\/div>\n<\/div>\n<\/header>\n<div class=\"a_w | col desktop_8 tablet_8 mobile_4\">\n<div id=\"ctn_article_body\" class=\"a_b article_body | color_gray_dark\">\n<p class=\"\">La historiadora del arte\u00a0<a href=\"https:\/\/elpais.com\/cultura\/2019\/07\/04\/actualidad\/1562269419_021571.html\" target=\"_blank\" rel=\"noopener\" data-link-track-dtm=\"\">Laurence des Cars<\/a>\u00a0(Antony, Francia, 54 a\u00f1os) ha sido nombrada este mi\u00e9rcoles nueva presidenta del\u00a0<a href=\"https:\/\/elpais.com\/noticias\/museo-louvre\/\" target=\"_blank\" rel=\"noopener\" data-link-track-dtm=\"\">Museo del Louvre<\/a>, convirti\u00e9ndose en la primera mujer que ocupa el cargo desde la fundaci\u00f3n del museo en 1793. Des Cars encabezar\u00e1 la pinacoteca m\u00e1s visitada del mundo, que super\u00f3 la plusmarca de los 10 millones de entradas vendidas en 2019. Lo har\u00e1 con una voluntad de apertura a nuevos p\u00fablicos y tem\u00e1ticas, similar a la que ha desarrollado en los \u00faltimos a\u00f1os en el\u00a0<a href=\"https:\/\/elpais.com\/diario\/2009\/05\/12\/cultura\/1242079201_850215.html\" target=\"_blank\" rel=\"noopener\" data-link-track-dtm=\"\">Museo de Orsay<\/a>, instituci\u00f3n que dirig\u00eda desde 2017. Su proyecto, titulado\u00a0<i>Louvre 2030<\/i>, con el que propone \u201cabrirse al mundo de hoy hablando del pasado\u201d, convenci\u00f3 al Ministerio de Cultura y al propio El\u00edseo, del que depende el nombramiento de los responsables de los mayores museos franceses, como el Louvre, el Museo de Orsay, el Centro Pompidou y el Palacio de Versalles.<\/p>\n<div id=\"elpais_gpt-INTEXT\" data-google-query-id=\"CKn4s9vw5_ACFdA9AQod_S8M1A\">\n<div id=\"google_ads_iframe_7811748\/elpais_web\/cultura\/intext_0__container__\"><iframe id=\"google_ads_iframe_7811748\/elpais_web\/cultura\/intext_0\" title=\"3rd party ad content\" name=\"google_ads_iframe_7811748\/elpais_web\/cultura\/intext_0\" width=\"1\" height=\"1\" frameborder=\"0\" marginwidth=\"0\" marginheight=\"0\" scrolling=\"no\" data-google-container-id=\"8\" data-load-complete=\"true\" data-mce-fragment=\"1\"><\/iframe><\/div>\n<\/div>\n<p class=\"\">\u201cEl Louvre puede ser plenamente contempor\u00e1neo. Necesitamos perspectiva, salimos de una crisis que nos desestabiliza. Vivimos en una \u00e9poca apasionante, pero complicada\u201d, expres\u00f3 Des Cars este mi\u00e9rcoles en su primera entrevista como presidenta, en la radio France Inter. \u201cEl museo es la caja de resonancia de la sociedad. Siempre ha reflejado el mundo que le rodea. No se trata solo de un lugar de conservaci\u00f3n, sino tambi\u00e9n de transmisi\u00f3n. Para hacerlo, hay que escuchar al p\u00fablico y a sus distintas sensibilidades\u201d, afirm\u00f3 Des Cars, que opina que el Louvre tiene \u201cmucho que decir\u201d a los j\u00f3venes. \u201cEstar\u00e1n en el centro de mis preocupaciones como presidenta\u201d, a\u00f1adi\u00f3.<iframe class=\"teads-resize\" data-mce-fragment=\"1\"><\/iframe><\/p>\n<div class=\"teads-inread sm-screen\">\n<div>\n<div class=\"teads-ui-components-adchoices\"><\/div>\n<div class=\"teads-ui-components-label\">PUBLICIDAD<\/div>\n<div id=\"teads0\" class=\"teads-player\"><iframe frameborder=\"0\" scrolling=\"no\" data-mce-fragment=\"1\"><\/iframe><\/div>\n<\/div>\n<\/div>\n<p class=\"\">Formada en la\u00a0<a href=\"https:\/\/elpais.com\/noticias\/universidad-paris-sorbona\/\" target=\"_blank\" rel=\"noopener\" data-link-track-dtm=\"\">Sorbona<\/a>\u00a0y la Escuela del Louvre, prestigioso vivero de conservadores de arte en territorio franc\u00e9s, Des Cars empez\u00f3 su carrera en el Museo de Orsay en 1994, donde comenz\u00f3 haciendo inventario de los marcos que criaban polvo en sus archivos. Esta especialista en el arte del siglo XIX y comienzos del XX no tard\u00f3 en asumir proyectos de mayor envergadura: en 1996, orquest\u00f3 el ingreso de\u00a0<a href=\"https:\/\/elpais.com\/cultura\/2018\/09\/26\/actualidad\/1537987216_179635.html\" target=\"_blank\" rel=\"noopener\" data-link-track-dtm=\"\"><i>El origen del mundo<\/i>, el pol\u00e9mico cuadro de Courbet<\/a>, a las salas de la instituci\u00f3n, donde se hizo cargo de exposiciones dedicadas a \u00c9douard Vuillard, Thomas Eakins o Edward Burne-Jones, entre otros pintores decimon\u00f3nicos. Permaneci\u00f3 en el Museo de Orsay hasta 2007, cuando fue nombrada directora cient\u00edfica de la agencia France Mus\u00e9ums, a cargo del desarrollo del proyecto del\u00a0<a href=\"https:\/\/elpais.com\/noticias\/museo-louvre-abu-dabi\/\" target=\"_blank\" rel=\"noopener\" data-link-track-dtm=\"\">Louvre de Abu Dabi<\/a>\u00a0y de la adquisici\u00f3n de su colecci\u00f3n en los a\u00f1os previos a su inauguraci\u00f3n. Despu\u00e9s dirigi\u00f3 el Museo de la Orangerie entre 2014 y 2017, cuando regres\u00f3 al Museo de Orsay convertida en su m\u00e1xima responsable. All\u00ed ha pilotado una programaci\u00f3n respetuosa con la solemnidad del centro, pero tambi\u00e9n muy renovadora, con proyectos a cargo de artistas contempor\u00e1neos como Marlene Dumas, Tracey Emin o Julian Schnabel.<\/p>\n<p class=\"\">Des Cars, mujer de voz ronca y de un humor mordaz que esconde detr\u00e1s de formas exquisitas, desciende de una familia aristocr\u00e1tica en la que abundan los intelectuales, pero se ha desmarcado en el mundo del arte franc\u00e9s con un discurso que cuestiona ciertos privilegios y jerarqu\u00edas sociales. Por ejemplo, su exposici\u00f3n\u00a0<a href=\"https:\/\/elpais.com\/cultura\/2019\/07\/02\/actualidad\/1562084728_935063.html\" target=\"_blank\" rel=\"noopener\" data-link-track-dtm=\"\"><i>El modelo negro<\/i>, que triunf\u00f3 en el Museo de Orsay en 2019<\/a>, dirig\u00eda una mirada cr\u00edtica a la representaci\u00f3n de hombres y mujeres de color en el arte de los \u00faltimos siglos. \u201cLas instituciones son aprensivas, tienen miedo de la inestabilidad. Cuando anunci\u00e9 esta exposici\u00f3n muchos creyeron que estaba completamente loca, que iba a poner el museo en peligro\u201d, relataba en\u00a0<a href=\"https:\/\/elpais.com\/cultura\/2019\/08\/23\/babelia\/1566575289_906920.html\" target=\"_blank\" rel=\"noopener\" data-link-track-dtm=\"\">una entrevista con EL PA\u00cdS en 2019<\/a>\u00a0respecto a una muestra que antes fue rechazada por el MoMA y el Metropolitan de Nueva York. \u201cLos museos no pueden ser un lugar aislado, dedicados solo al turismo o la contemplaci\u00f3n est\u00e9tica. Deben tratar tem\u00e1ticas que est\u00e9n en el coraz\u00f3n de la sociedad actual, con seriedad y sin oportunismo, pero tambi\u00e9n sin tener miedo a ser pol\u00edticos\u201d. En el marco de esa muestra, cambi\u00f3 los nombres de las obras con t\u00edtulos racistas, como\u00a0<i>Retrato de Madeleine<\/i>\u00a0\u2014antes llamado\u00a0<i>Portrait d\u2019une n\u00e9gresse,<\/i>\u00a0t\u00e9rmino peyorativo en franc\u00e9s actual\u2014, convertido en icono desde que\u00a0<a href=\"https:\/\/elpais.com\/cultura\/2018\/06\/17\/actualidad\/1529231079_870495.html\" target=\"_blank\" rel=\"noopener\" data-link-track-dtm=\"\">Beyonc\u00e9 le concedi\u00f3 un papel protagonista en su v\u00eddeo grabado en el Louvre en 2018<\/a>.<\/p>\n<h3 class=\"font_secondary color_gray_ultra_dark\">Al borde del colapso<\/h3>\n<p class=\"\">La nueva presidenta del Louvre suceder\u00e1, a partir de septiembre, a\u00a0<a href=\"https:\/\/elpais.com\/cultura\/2013\/04\/03\/actualidad\/1364981026_786416.html\" target=\"_blank\" rel=\"noopener\" data-link-track-dtm=\"\">Jean-Luc Martinez<\/a>, que se despide de la instituci\u00f3n tras ocho a\u00f1os encabez\u00e1ndola. Aspiraba a continuar con un tercer mandato, pero el El\u00edseo, atento a la renovaci\u00f3n y tambi\u00e9n a la paridad, prefiri\u00f3 el perfil de Des Cars, que tambi\u00e9n se impuso a otros candidatos, como el director del Museo Picasso de Par\u00eds, Laurent Le Bon. Martinez deja el Louvre tras haber organizado fastuosas retrospectivas dedicadas a\u00a0<a href=\"https:\/\/elpais.com\/cultura\/2019\/10\/18\/actualidad\/1571418523_031153.html\" target=\"_blank\" rel=\"noopener\" data-link-track-dtm=\"\">Leonardo da Vinci<\/a>,\u00a0<a href=\"https:\/\/elpais.com\/cultura\/2017\/02\/21\/actualidad\/1487707670_547151.html\" target=\"_blank\" rel=\"noopener\" data-link-track-dtm=\"\">Vermeer<\/a>\u00a0o\u00a0<a href=\"https:\/\/elpais.com\/cultura\/2018\/04\/01\/actualidad\/1522598787_479651.html\" target=\"_blank\" rel=\"noopener\" data-link-track-dtm=\"\">Delacroix<\/a>, que ya han pasado a la historia del museo, y haber tomado medidas importantes\u00a0<a href=\"https:\/\/elpais.com\/cultura\/2014\/12\/26\/actualidad\/1419608628_102927.html\" target=\"_blank\" rel=\"noopener\" data-link-track-dtm=\"\">para mejorar los accesos y la calidad de la visita<\/a>. Pero tambi\u00e9n con las salas saturadas y al borde del colapso, antes de que la pandemia pusiera fin a la era de los\u00a0<i>blockbusters<\/i>\u00a0muse\u00edsticos y excesivamente\u00a0<a href=\"https:\/\/elpais.com\/cultura\/2020-06-24\/el-louvre-reabre-sus-puertas-y-se-reafirma-como-museo-turistico.html\" target=\"_blank\" rel=\"noopener\" data-link-track-dtm=\"\">dependientes del turismo, que en 2019 supon\u00eda el 75% de sus visitas<\/a>.<iframe class=\"teads-resize\" data-mce-fragment=\"1\"><\/iframe><\/p>\n<div class=\"teads-inread sm-screen\">\n<div>\n<div class=\"teads-ui-components-adchoices\"><\/div>\n<div class=\"teads-ui-components-label\">PUBLICIDAD<\/div>\n<div id=\"teads1\" class=\"teads-player\"><iframe frameborder=\"0\" scrolling=\"no\" data-mce-fragment=\"1\"><\/iframe><\/div>\n<\/div>\n<\/div>\n<p class=\"\">Entre los retos de Des Cars figura la necesidad de reajustar esos flujos y de remontar el descalabro financiero de 2020, que se reproducir\u00e1, sin lugar a dudas, este a\u00f1o: el museo acaba de reabrir tras m\u00e1s de seis meses de cierre. Des Cars, que este mi\u00e9rcoles se neg\u00f3 a designar su obra favorita del museo que ahora dirigir\u00e1, s\u00ed avanz\u00f3 que no aceptar\u00e1 que su joya de la corona abandone sus salas,\u00a0<a href=\"https:\/\/elpais.com\/cultura\/2018\/03\/02\/actualidad\/1520005240_429969.html\" target=\"_blank\" rel=\"noopener\" data-link-track-dtm=\"\">tras las especulaciones de los \u00faltimos a\u00f1os<\/a>. \u201cLa Gioconda es una obra muy fr\u00e1gil, todos los conservadores lo sabemos. Adem\u00e1s, esa es una de las maravillas de ir a un museo: poder descubrir obras que uno sabe que no se mover\u00e1n de ah\u00ed\u201d, zanj\u00f3.<\/p>\n<\/div>\n<\/div>\n","protected":false},"excerpt":{"rendered":"<p>Laurence des Cars, primera mujer que dirige el Museo del Louvre La historiadora del arte francesa, partidaria de una apertura a temas de actualidad y al p\u00fablico joven, se convierte en presidenta de la pinacoteca m\u00e1s visitada del mundo, con 10 millones de entradas en 2019 \u00c1LEX VICENTE Par\u00eds\u00a0&#8211;\u00a026 MAY 2021 &#8211; 04:27\u00a0CDT La historiadora [&hellip;]<\/p>\n","protected":false},"author":249,"featured_media":22318,"comment_status":"open","ping_status":"closed","sticky":false,"template":"","format":"standard","meta":{"footnotes":""},"categories":[26],"tags":[],"class_list":["post-22317","post","type-post","status-publish","format-standard","has-post-thumbnail","hentry","category-mundo"],"_links":{"self":[{"href":"https:\/\/eloficiodehistoriar.com.mx\/index.php?rest_route=\/wp\/v2\/posts\/22317","targetHints":{"allow":["GET"]}}],"collection":[{"href":"https:\/\/eloficiodehistoriar.com.mx\/index.php?rest_route=\/wp\/v2\/posts"}],"about":[{"href":"https:\/\/eloficiodehistoriar.com.mx\/index.php?rest_route=\/wp\/v2\/types\/post"}],"author":[{"embeddable":true,"href":"https:\/\/eloficiodehistoriar.com.mx\/index.php?rest_route=\/wp\/v2\/users\/249"}],"replies":[{"embeddable":true,"href":"https:\/\/eloficiodehistoriar.com.mx\/index.php?rest_route=%2Fwp%2Fv2%2Fcomments&post=22317"}],"version-history":[{"count":1,"href":"https:\/\/eloficiodehistoriar.com.mx\/index.php?rest_route=\/wp\/v2\/posts\/22317\/revisions"}],"predecessor-version":[{"id":22319,"href":"https:\/\/eloficiodehistoriar.com.mx\/index.php?rest_route=\/wp\/v2\/posts\/22317\/revisions\/22319"}],"wp:featuredmedia":[{"embeddable":true,"href":"https:\/\/eloficiodehistoriar.com.mx\/index.php?rest_route=\/wp\/v2\/media\/22318"}],"wp:attachment":[{"href":"https:\/\/eloficiodehistoriar.com.mx\/index.php?rest_route=%2Fwp%2Fv2%2Fmedia&parent=22317"}],"wp:term":[{"taxonomy":"category","embeddable":true,"href":"https:\/\/eloficiodehistoriar.com.mx\/index.php?rest_route=%2Fwp%2Fv2%2Fcategories&post=22317"},{"taxonomy":"post_tag","embeddable":true,"href":"https:\/\/eloficiodehistoriar.com.mx\/index.php?rest_route=%2Fwp%2Fv2%2Ftags&post=22317"}],"curies":[{"name":"wp","href":"https:\/\/api.w.org\/{rel}","templated":true}]}}