{"id":22332,"date":"2021-05-28T12:21:47","date_gmt":"2021-05-28T18:21:47","guid":{"rendered":"https:\/\/eloficiodehistoriar.com.mx\/?p=22332"},"modified":"2021-05-28T12:22:11","modified_gmt":"2021-05-28T18:22:11","slug":"queretaro-y-el-regreso-a-clases-seguro-con-un-robot-que-detecta-covid-19","status":"publish","type":"post","link":"https:\/\/eloficiodehistoriar.com.mx\/?p=22332","title":{"rendered":"Quer\u00e9taro y el regreso a clases seguro con un robot que detecta COVID-19"},"content":{"rendered":"<header class=\"entry-header\">\n<h1 class=\"entry-title\">Quer\u00e9taro y el regreso a clases seguro con un robot que detecta COVID-19<\/h1>\n<div class=\"entry-meta\"><span class=\"posted-on\"><time class=\"entry-date published\" datetime=\"2021-05-27T13:00:36-05:00\">27 mayo, 2021<\/time>\u00a0| 13:00<\/span><span class=\"byline\">\u00a0Ricardo S\u00e1nchez | Quer\u00e9taro | Uno TV<\/span><\/div>\n<\/header>\n<div id=\"shareSticky\" class=\"share\"><\/div>\n<div class=\"entry-content\">\n<p>En\u00a0<strong><a href=\"https:\/\/www.unotv.com\/estados\/queretaro\/queretaro-vacunacion-covid-para-mayores-de-50-y-embarazadas-en-la-capital\/\" target=\"_blank\" rel=\"noreferrer noopener\" aria-label=\"undefined (abre en una nueva pesta\u00f1a)\">Quer\u00e9taro<\/a>, escuelas privadas y p\u00fablicas se alistan para el regreso a clases<\/strong>\u00a0con Benebot,\u00a0<strong>un robot capaz<\/strong>\u00a0de\u00a0<strong>detectar s\u00edntomas del COVID-19\u00a0<\/strong>en segundos.<\/p>\n<h2>\u00bfQu\u00e9 dijeron tras probar el robot?<\/h2>\n<p><strong>Los ni\u00f1os s\u00f3lo tienen que colocar su barbilla en el dispositivo y estirar las manos\u00a0<\/strong>para que Benebot arroje el resultado. Despu\u00e9s de probar el robot,\u00a0<a href=\"https:\/\/www.unotv.com\/estados\/jalisco\/jalisco-escuelas-reabren-para-atender-a-padres-y-estudiantes\/\" target=\"_blank\" rel=\"noreferrer noopener\" aria-label=\"undefined (abre en una nueva pesta\u00f1a)\">los estudiantes<\/a>\u00a0que interactuaron con \u00e9l dieron sus impresiones al respecto.<\/p>\n<blockquote class=\"wp-block-quote\"><p>\u201cMe gust\u00f3 y me siento, la verdad, segura, porque mis compa\u00f1eritos y yo podremos estar bien\u201d.<\/p>\n<p><cite>Mariana, estudiante de tercer grado de primaria.<\/cite><\/p><\/blockquote>\n<p>El colegio La Salle es uno de los primeros que prueba este mecanismo. Adem\u00e1s,\u00a0<strong>a profesores y padres de familia, este dispositivo les da tranquilidad para el regreso a clases.<\/strong><\/p>\n<figure class=\"wp-block-image size-large\"><figcaption>Los ni\u00f1os s\u00f3lo tienen que colocar su barbilla en el robot y estirar las manos para que arroje el resultado. Foto: Ricardo S\u00e1nchez<\/figcaption><\/figure>\n<blockquote class=\"wp-block-quote\"><p>\u201cMe siento tranquila porque b\u00e1sicamente te cuidas t\u00fa y nos cuidamos todos, y el robot nos est\u00e1 ayudando a cuidarnos en general todos\u201d.<\/p>\n<p><cite>Eneri Guti\u00e9rrez, madre de familia.<\/cite><\/p><\/blockquote>\n<p>Una<strong>\u00a0maestra<\/strong>\u00a0del colegio Salesiano\u00a0<strong>explic\u00f3<\/strong>\u00a0que, aunque\u00a0<strong>cuesta un poco de trabajo verificar c\u00f3mo utilizar el robot, con la pr\u00e1ctica se vuelve f\u00e1cil emplearlo<\/strong>.<\/p>\n<div class=\"code-block code-block-center code-block-8\"><\/div>\n<blockquote class=\"wp-block-quote\"><p>\u201cDe principio siempre a todos nos cuesta un poquito de trabajo, y verificar c\u00f3mo utilizarlo. Pero ya despu\u00e9s fue m\u00e1s f\u00e1cil. Super\u00e1gil realizar la medici\u00f3n\u201d.<\/p>\n<p><cite>Gabriela Montufal, maestra del colegio Salesiano.<\/cite><\/p><\/blockquote>\n<h2>\u00bfC\u00f3mo funciona Benebot?<\/h2>\n<p>Por su parte, Antonio Robles, encargado del \u00e1rea de Tecnolog\u00eda de Benebot, indic\u00f3 el mecanismo del robot que,\u00a0<strong>en conjunto con sus dispositivos y sensores, hace un escaneo en manos, boca, ojos y temperatura.\u00a0<a href=\"https:\/\/www.unotv.com\/ciencia-y-tecnologia\/sindrome-inflamatorio-multisistemico-que-es-y-como-afecta-a-ninos\/\" target=\"_blank\" rel=\"noreferrer noopener\" aria-label=\"undefined (abre en una nueva pesta\u00f1a)\">Este escaneo lo que presenta es un cuadro completo, el cual puede referenciar precisamente una sintomatolog\u00eda como la del COVID-19<\/a><\/strong>.<\/p>\n<figure class=\"wp-block-image size-large\"><img decoding=\"async\" class=\"i-amphtml-intrinsic-sizer\" role=\"presentation\" src=\"data:image\/svg+xml;base64,PHN2ZyBoZWlnaHQ9JzQwMCcgd2lkdGg9JzY0MCcgeG1sbnM9J2h0dHA6Ly93d3cudzMub3JnLzIwMDAvc3ZnJyB2ZXJzaW9uPScxLjEnLz4=\" alt=\"\" aria-hidden=\"true\" \/><img decoding=\"async\" class=\"i-amphtml-fill-content i-amphtml-replaced-content\" src=\"https:\/\/www.unotv.com\/uploads\/2021\/05\/robot-1-124314.jpg\" alt=\"\" \/><figcaption>El robot arroja una serie de datos que permiten saber si los alumnos tienen COVID u otras enfermedades. Foto: Ricardo S\u00e1nchez<\/figcaption><\/figure>\n<ul>\n<li>Adem\u00e1s del COVID-19, el Benebot puede detectar caries y conjuntivitis al revisar boca, garganta, ojos y manos.<\/li>\n<\/ul>\n<blockquote class=\"wp-block-quote\"><p>\u201cHace una toma de imagen que no es s\u00f3lo una fotograf\u00eda. Esta toma de imagen lo que hace es un an\u00e1lisis por cuadros. Imaginemos que lo hace en cuadr\u00edcula. En min\u00fasculas part\u00edculas. Y guarda la relaci\u00f3n de todo lo que vemos: puntos rojos, inflamaciones, toda esa capacidad que tiene el equipo de visualizarlo y relacionarlo\u201d.<\/p>\n<p><cite>Antonio Robles, encargado del \u00e1rea de Tecnolog\u00eda del Benebot.<\/cite><\/p><\/blockquote>\n<h2>\u00a0Escuelas en Quer\u00e9taro ya usan el robot<\/h2>\n<p><strong>Al menos 15 escuelas en Quer\u00e9taro ya cuentan con sus servicios<\/strong>, los cuales tambi\u00e9n ya se hacen presentes en<strong>\u00a0planteles educativos de Oaxaca, Puebla y Ciudad de M\u00e9xico (CDMX)<\/strong>. El\u00a0<strong>Benebot<\/strong>\u00a0est\u00e1 disponible para su compra o arrendamiento en la empresa\u00a0<strong>Benelife<\/strong>.<\/p>\n<\/div>\n","protected":false},"excerpt":{"rendered":"<p>Quer\u00e9taro y el regreso a clases seguro con un robot que detecta COVID-19 27 mayo, 2021\u00a0| 13:00\u00a0Ricardo S\u00e1nchez | Quer\u00e9taro | Uno TV En\u00a0Quer\u00e9taro, escuelas privadas y p\u00fablicas se alistan para el regreso a clases\u00a0con Benebot,\u00a0un robot capaz\u00a0de\u00a0detectar s\u00edntomas del COVID-19\u00a0en segundos. \u00bfQu\u00e9 dijeron tras probar el robot? Los ni\u00f1os s\u00f3lo tienen que colocar su [&hellip;]<\/p>\n","protected":false},"author":249,"featured_media":22333,"comment_status":"open","ping_status":"closed","sticky":false,"template":"","format":"standard","meta":{"footnotes":""},"categories":[8,27,59],"tags":[],"class_list":["post-22332","post","type-post","status-publish","format-standard","has-post-thumbnail","hentry","category-ciudad-de-queretaro","category-latinoamerica","category-noticias"],"_links":{"self":[{"href":"https:\/\/eloficiodehistoriar.com.mx\/index.php?rest_route=\/wp\/v2\/posts\/22332","targetHints":{"allow":["GET"]}}],"collection":[{"href":"https:\/\/eloficiodehistoriar.com.mx\/index.php?rest_route=\/wp\/v2\/posts"}],"about":[{"href":"https:\/\/eloficiodehistoriar.com.mx\/index.php?rest_route=\/wp\/v2\/types\/post"}],"author":[{"embeddable":true,"href":"https:\/\/eloficiodehistoriar.com.mx\/index.php?rest_route=\/wp\/v2\/users\/249"}],"replies":[{"embeddable":true,"href":"https:\/\/eloficiodehistoriar.com.mx\/index.php?rest_route=%2Fwp%2Fv2%2Fcomments&post=22332"}],"version-history":[{"count":2,"href":"https:\/\/eloficiodehistoriar.com.mx\/index.php?rest_route=\/wp\/v2\/posts\/22332\/revisions"}],"predecessor-version":[{"id":22335,"href":"https:\/\/eloficiodehistoriar.com.mx\/index.php?rest_route=\/wp\/v2\/posts\/22332\/revisions\/22335"}],"wp:featuredmedia":[{"embeddable":true,"href":"https:\/\/eloficiodehistoriar.com.mx\/index.php?rest_route=\/wp\/v2\/media\/22333"}],"wp:attachment":[{"href":"https:\/\/eloficiodehistoriar.com.mx\/index.php?rest_route=%2Fwp%2Fv2%2Fmedia&parent=22332"}],"wp:term":[{"taxonomy":"category","embeddable":true,"href":"https:\/\/eloficiodehistoriar.com.mx\/index.php?rest_route=%2Fwp%2Fv2%2Fcategories&post=22332"},{"taxonomy":"post_tag","embeddable":true,"href":"https:\/\/eloficiodehistoriar.com.mx\/index.php?rest_route=%2Fwp%2Fv2%2Ftags&post=22332"}],"curies":[{"name":"wp","href":"https:\/\/api.w.org\/{rel}","templated":true}]}}