{"id":22337,"date":"2021-05-28T12:26:38","date_gmt":"2021-05-28T18:26:38","guid":{"rendered":"https:\/\/eloficiodehistoriar.com.mx\/?p=22337"},"modified":"2021-05-28T12:31:01","modified_gmt":"2021-05-28T18:31:01","slug":"memoria-de-meiras","status":"publish","type":"post","link":"https:\/\/eloficiodehistoriar.com.mx\/?p=22337","title":{"rendered":"Memoria de Meir\u00e1s"},"content":{"rendered":"<nav class=\"t_n\">\n<div class=\"gh_c\">\n<div id=\"header_outer_div\" class=\"global-header global-header__article | flex_grid no_gutter_mobile color_gray_dark relative background_white\">\n<div class=\"header_middle-bar | row relative border_top border_1 border_gray_ultra_light border_bottom\">\n<div id=\"header_middle\" class=\"flex height_full width_full header_collapsed fixed z_index_highest breakout\">\n<div id=\"header_middle_bar\" class=\"middle-bar col row breakin align_items_center align_items_center flex\">\n<h2 id=\"cnd_section_header\" class=\"hamburguer-wrap doh flex align_items_center flex_1x_mobile \">Memoria de Meir\u00e1s<\/h2>\n<\/div>\n<\/div>\n<\/div>\n<\/div>\n<\/div>\n<\/nav>\n<article class=\"a | flex_grid background_white\">\n<header class=\"a_h | col desktop_12 tablet_8 mobile_4\">\n<div id=\"article_header\" class=\"a_hg opinion | flex container_column align_items_center text_align_center padding_h_xxl\">\n<h4 class=\"a_st font_secondary color_gray_dark normal\">En el centenario del fallecimiento de Emilia Pardo Baz\u00e1n convendr\u00eda separar an\u00e9cdotas de categor\u00edas. El mal llamado pazo est\u00e1 ligado a una de las m\u00e1s grandes intelectuales espa\u00f1olas de todos los tiempo.<\/h4>\n<\/div>\n<div class=\"sb | width_full border_bottom border_5\">\n<div class=\"sb_w | border_bottom border_1 padding_bottom flex justify_space_between relative\">\n<div class=\"flex container_row social-icons right-links horizontal \"><a class=\"a_aut_n | color_black\" title=\"Ver todas las noticias de Dar\u00edo Villanueva\" href=\"https:\/\/elpais.com\/autor\/dario-villanueva\/\">DAR\u00cdO VILLANUEVA<\/a><\/div>\n<\/div>\n<\/div>\n<div class=\"a_by | margin_bottom_lg \">\n<div class=\"\">\n<div class=\"a_pt | uppercase color_gray_medium_lighter \"><a id=\"article_date\" class=\"a_ti\" href=\"https:\/\/elpais.com\/hemeroteca\/2021-05-26\/\" data-date=\"2021-05-26T03:00:00Z\">25 MAY 2021 &#8211; 22:00\u00a0<abbr title=\" Central Daylight Time\">CDT<\/abbr><\/a><\/div>\n<\/div>\n<\/div>\n<div data-fusion-collection=\"features\" data-fusion-type=\"article\/lead-art\"><\/div>\n<\/header>\n<div class=\"a_w | col desktop_8 tablet_8 mobile_4\">\n<div id=\"ctn_article_body\" class=\"a_b article_body | color_gray_dark\">\n<p class=\"\"><a href=\"https:\/\/elpais.com\/diario\/1980\/09\/14\/madrid\/337778656_850215.html\" target=\"_blank\" rel=\"noopener\" data-link-track-dtm=\"\">El palacio de El Pardo fue la residencia oficial de Francisco Franco\u00a0<\/a>desde 1939 hasta su fallecimiento. Convertido en el epicentro del r\u00e9gimen, aquel recinto que hab\u00eda comenzado su historia en el siglo XV como pabell\u00f3n de caza real, fue testigo no solo de la cotidianidad del jefe del Estado sino tambi\u00e9n de su acci\u00f3n pol\u00edtica. All\u00ed se reun\u00eda el Consejo de Ministros, se tomaban las grandes decisiones que condicionar\u00edan a los espa\u00f1oles, y el propio<i>\u00a0General\u00edsimo\u00a0<\/i><a href=\"https:\/\/elpais.com\/politica\/2015\/10\/28\/actualidad\/1446061318_427210.html\" target=\"_blank\" rel=\"noopener\" data-link-track-dtm=\"\">fue sometido a una operaci\u00f3n a vida o muerte\u00a0<\/a>en un improvisado quir\u00f3fano que se qued\u00f3 sin suministro el\u00e9ctrico en plena intervenci\u00f3n. Incluso la propaganda oficial puso en circulaci\u00f3n un mito cursi, el de la \u201clucecita del Pardo\u201d, para ensalzar la vigilia perenne del dictador, bulo que el teniente general Franco Salgado desmont\u00f3.<\/p>\n<div id=\"elpais_gpt-INTEXT\" data-google-query-id=\"CKuX_uH57PACFQgXPwodZlcJyw\">\n<div id=\"google_ads_iframe_7811748\/elpais_web\/opinion\/intext_0__container__\"><iframe id=\"google_ads_iframe_7811748\/elpais_web\/opinion\/intext_0\" title=\"3rd party ad content\" name=\"google_ads_iframe_7811748\/elpais_web\/opinion\/intext_0\" width=\"1\" height=\"1\" frameborder=\"0\" marginwidth=\"0\" marginheight=\"0\" scrolling=\"no\" data-google-container-id=\"8\" data-load-complete=\"true\" data-mce-fragment=\"1\"><\/iframe><\/div>\n<\/div>\n<p class=\"\">Despu\u00e9s de 1975, el palacio de El Pardo cerr\u00f3 este cap\u00edtulo franquista de 36 a\u00f1os para desempe\u00f1ar funciones similares a las que desde sus or\u00edgenes hab\u00eda cumplido al servicio de la Corona y del Estado. Con los Borbones pas\u00f3 a ser residencia invernal de la corte, y all\u00ed falleci\u00f3 Alfonso XII. Con la Rep\u00fablica, don Manuel Aza\u00f1a lo utiliz\u00f3 igualmente como casa presidencial, y all\u00ed tuvo noticia del levantamiento militar del 17 de julio.\u00a0<a href=\"https:\/\/elpais.com\/elpais\/2013\/07\/04\/eps\/1372931959_394249.html\" target=\"_blank\" rel=\"noopener\" data-link-track-dtm=\"\">Y a partir de 1980 fue nuevamente reformado para que recuperara utilidades<\/a>\u00a0que ya hab\u00eda tenido: la de ser residencia de los mandatarios extranjeros en visita oficial y acoger actos de relevancia pol\u00edtica, social o cultural.<iframe class=\"teads-resize\" data-mce-fragment=\"1\"><\/iframe><\/p>\n<div class=\"teads-inread sm-screen\">\n<div>\n<div class=\"teads-ui-components-adchoices\"><\/div>\n<div class=\"teads-ui-components-label\">PUBLICIDAD<\/div>\n<div id=\"teads0\" class=\"teads-player smart-position-corner\">\n<div class=\"teads-ui-components-smart-header\">\n<div class=\"smart-header-content\">\n<div class=\"close-button-smart\">\n<div class=\"close-button icon-close\"><\/div>\n<\/div>\n<div class=\"adChoices-button-smart\"><\/div>\n<div class=\"sound-button-smart\">\n<div class=\"icon-muteon\"><\/div>\n<\/div>\n<\/div>\n<\/div>\n<p><iframe frameborder=\"0\" scrolling=\"no\" data-mce-fragment=\"1\"><\/iframe><\/p>\n<\/div>\n<div class=\"teads-player teads-compensation-div\"><\/div>\n<\/div>\n<\/div>\n<p class=\"\">El mal llamado pazo de Meir\u00e1s \u2014<a href=\"https:\/\/elpais.com\/opinion\/2020-12-11\/restituir-la-memoria-de-pardo-bazan-en-meiras.html\" target=\"_blank\" rel=\"noopener\" data-link-track-dtm=\"\">denominaci\u00f3n totalmente ajena a los Pardo Baz\u00e1n<\/a>\u2014 cuya propiedad acaba de ser atribuida en firme al Estado espa\u00f1ol, fue obsequiado en 1938 como residencia de veraneo a Francisco Franco, que como tal la utiliz\u00f3 junto con el donostiarra palacio de Ayete, donde tambi\u00e9n tuvieron lugar, al igual que en Meir\u00e1s, consejos de ministros, y de donde Franco parti\u00f3 para su\u00a0<a href=\"https:\/\/elpais.com\/cultura\/2015\/03\/13\/actualidad\/1426270034_810705.html\" target=\"_blank\" rel=\"noopener\" data-link-track-dtm=\"\">entrevista con Hitler en Hendaya<\/a>.<\/p>\n<p class=\"\">Del mismo modo que el palacio de El Pardo, Meir\u00e1s ten\u00eda una historia propia antes del par\u00e9ntesis franquista. Despu\u00e9s de ser bot\u00edn de guerra cuando la francesada, y tras un complicado pleito sucesorio, Miguel Pardo Baz\u00e1n, el abuelo de la escritora que lo defini\u00f3 como \u201cun liberal aforrado en mas\u00f3n\u201d, colegial de Fonseca y combatiente en el Batall\u00f3n literario contra los invasores y luego militante contra el absolutismo, se hizo con la propiedad de la granja de Meir\u00e1s, donde su hijo Jos\u00e9, \u201cun hombre ilustrado, que tiene aficiones de pol\u00edtico, jurisconsulto y agr\u00f3nomo\u201d seg\u00fan la novelista, hizo agricultura experimental. All\u00ed se cas\u00f3 do\u00f1a Emilia el mismo a\u00f1o de la Gloriosa, y lo convirti\u00f3 luego en \u201cel lugar donde siento m\u00e1s de continuo la ligera fiebre que acompa\u00f1a a la creaci\u00f3n art\u00edstica\u201d tal y como confiesa en los \u201cApuntes autobiogr\u00e1ficos\u201d\u00a0<a href=\"https:\/\/elpais.com\/cultura\/2021-05-09\/cien-anos-de-morrina-por-emilia-pardo-bazan.html\" target=\"_blank\" rel=\"noopener\" data-link-track-dtm=\"\">que prologan\u00a0<i>Los pazos de Ulloa<\/i>\u00a0de 1886.<\/a><\/p>\n<p class=\"\">Faltaban entonces todav\u00eda unos a\u00f1os para que en 1894 la escritora iniciase, con el total apoyo de su madre, la transformaci\u00f3n de aquella modesta granja \u2014nunca pazo\u2014 en\u00a0<a href=\"https:\/\/elpais.com\/espana\/2020-11-14\/meiras-abre-el-cofre-de-sus-tesoros.html\" target=\"_blank\" rel=\"noopener\" data-link-track-dtm=\"\">el ambicioso proyecto de las Torres de Meir\u00e1s,<\/a>\u00a0concluido en 1907 bajo la atenta direcci\u00f3n de ambas, que se distribuyen el trabajo. A Emilia le corresponde precisamente la f\u00e1brica, de lo que ella misma se jactaba en carta a Emilio Ferrari: \u201cTenemos obra abierta, sin m\u00e1s arquitecto ni m\u00e1s dibujante que yo\u201d. Igualmente, por su correspondencia con Blanca de los R\u00edos sabemos que pidi\u00f3 consejo en su empe\u00f1o a grandes amigos como Jos\u00e9 L\u00e1zaro Galdiano o Francisco Giner de los R\u00edos, su m\u00e1s influyente mentor intelectual, que cultivaba incluso la relaci\u00f3n veraneando asiduamente en Galicia. Tan solo consta\u00a0<a href=\"https:\/\/elpais.com\/elpais\/2020\/09\/02\/album\/1599047362_305425.html\" target=\"_blank\" rel=\"noopener\" data-link-track-dtm=\"\">el encargo al arquitecto Rafel Balsa de la Vega de la nueva capilla<\/a>, en la que la condesa manifest\u00f3 reiteradamente que deseaba ser sepultada y no en la cripta de la madrile\u00f1a iglesia de la Concepci\u00f3n, adonde se traslad\u00f3 su f\u00e9retro desde el cementerio de San Lorenzo, deseo que cien a\u00f1os despu\u00e9s de su muerte todav\u00eda no se ha cumplido, en parte por ese par\u00e9ntesis franquista abierto en 1938 que ahora, en 2021, deber\u00eda cerrarse tambi\u00e9n en lo que afecta a esta circunstancia luctuosa.<iframe class=\"teads-resize\" data-mce-fragment=\"1\"><\/iframe><\/p>\n<div class=\"teads-inread sm-screen\">\n<div>\n<div class=\"teads-ui-components-adchoices\"><\/div>\n<div class=\"teads-ui-components-label\">PUBLICIDAD<\/div>\n<div id=\"teads1\" class=\"teads-player\"><iframe frameborder=\"0\" scrolling=\"no\" data-mce-fragment=\"1\"><\/iframe><\/div>\n<\/div>\n<\/div>\n<p class=\"\">En todo caso, all\u00ed Emilia Pardo Baz\u00e1n no solo escribi\u00f3 la mayor\u00eda de sus p\u00e1ginas de creaci\u00f3n narrativa y teatral, de\u00a0<a href=\"https:\/\/elpais.com\/elpais\/2021\/05\/05\/album\/1620226236_312949.html\" target=\"_blank\" rel=\"noopener\" data-link-track-dtm=\"\">cr\u00edtica literaria, de pensamiento feminista y de debate period\u00edstico<\/a>, sino que tambi\u00e9n cultiv\u00f3, como en su sal\u00f3n madrile\u00f1o, la tertulia y la relaci\u00f3n con personalidades de la vida cultural y pol\u00edtica espa\u00f1ola, desde el poeta Jos\u00e9 Zorrilla hasta Miguel de Unamuno, que recoge en\u00a0<i>Por tierras de Portugal y Espa\u00f1a\u00a0<\/i>la huella que dej\u00f3 en \u00e9l su estancia en las Torres, donde ley\u00f3 a Rosal\u00eda de Castro durante unos \u201cd\u00edas de regalo espiritual\u201d en que su \u201cbuena amiga do\u00f1a Emilia\u201d lo rode\u00f3 \u201cde cultura y de tolerancia\u201d.<\/p>\n<p class=\"\">Con ello, seg\u00fan el rector salmantino, en Meir\u00e1s \u201custed ha hecho una de sus m\u00e1s nobles obras\u201d, afirmaci\u00f3n muy certera y valiosa por venir de quien ven\u00eda, pues las Torres representaron la creaci\u00f3n de una escritora y una intelectual eminente no solo en beneficio de su propia producci\u00f3n literaria, que noveliza aquel recinto en\u00a0<i>La Quimera<\/i>\u00a0en donde aparece transmutado en el pazo de Alborada, uno de cuyos personajes, Silvio Santiago, es trasunto puntual del pintor Joaqu\u00edn Vaamonde que all\u00ed falleci\u00f3. Precisamente la escritora reserv\u00f3 para s\u00ed la que ella misma denomin\u00f3 \u201cTorre de la Quimera\u201d, el espacio privilegiado de su obrador, de su biblioteca y de su intimidad, abierto al paisaje de la Mari\u00f1a desde el \u201cbalc\u00f3n de las Musas\u201d.<\/p>\n<p class=\"\">El centenario de un escritor que alcanz\u00f3 gran fama en vida ofrece una oportunidad de oro para valorar cu\u00e1l ha sido el recorrido p\u00f3stumo de su obra y hasta qu\u00e9 punto ha continuado viva la memoria de su personalidad creativa e intelectual. El paso de los a\u00f1os hasta llegar a cien, como es el caso de Emilia Pardo Baz\u00e1n en 2021, se erige en el gran juez de la literatura en cuanto a su pervivencia, pero la voluntad de alcanzarla est\u00e1 en el propio origen de la vocaci\u00f3n art\u00edstica.<\/p>\n<p class=\"\">La perspectiva hist\u00f3rica que nos proporciona todo un siglo en el que la autora ya estuvo presente tan solo a trav\u00e9s de sus libros nos permite afirmar que Emilia Pardo Baz\u00e1n\u00a0<a href=\"https:\/\/elpais.com\/cultura\/2019\/05\/01\/babelia\/1556700979_449543.html\" target=\"_blank\" rel=\"noopener\" data-link-track-dtm=\"\">ocupa un lugar preeminente no solo entre los literatos de su tiempo<\/a>, sino entre los intelectuales espa\u00f1oles de entre siglos. No les cede primac\u00eda en ning\u00fan rubro; muy al contrario, en alguno de ellos, especialmente valioso y apreciado cien a\u00f1os despu\u00e9s, no encuentra parang\u00f3n. Y para m\u00ed que hay dos vectores especialmente significativos a este respecto: Emilia Pardo Baz\u00e1n, que se defini\u00f3 a s\u00ed misma como una \u201cradical feminista\u201d, fue la gran aportaci\u00f3n espa\u00f1ola a la primera ola de la reivindicaci\u00f3n intelectual y activa de la igualdad de la mujer, y destac\u00f3 a la vez por su cosmopolitismo al que alud\u00eda en una carta a Narc\u00eds Oller: \u201cEn Espa\u00f1a creo ser una de las pocas personas que tienen la cabeza para mirar lo que pasa en el extranjero\u201d.<\/p>\n<p class=\"\">Ese cosmopolitismo asoma tambi\u00e9n en la creaci\u00f3n de las Torres de Meir\u00e1s. No es de dudar su inspiraci\u00f3n en la granja escocesa de Cartleyhole que Sir Walter Scott transform\u00f3 hacia 1811 en Abbotsford, defini\u00e9ndola como \u201c<i>a<\/i>\u00a0<i>sort of romance in Architecture\u201d\u00a0<\/i>[una especie de romance en Arquitectura]<i>.<\/i>\u00a0La francofilia de nuestra escritora nos conduce, sin embargo, hacia otras dos conexiones inexcusables: la mansi\u00f3n de La Vall\u00e9e-aux-Loups que Ren\u00e9 de Chateaubriand construy\u00f3 tambi\u00e9n a su imagen y semejanza, en cuya torre Velleda comenz\u00f3 a escribir\u00a0<a href=\"https:\/\/elpais.com\/diario\/2004\/12\/11\/babelia\/1102726217_850215.html\" target=\"_blank\" rel=\"noopener\" data-link-track-dtm=\"\"><i>Memorias de ultratumba<\/i><\/a>, y la casa de M\u00e9dan, el templo del naturalismo al que do\u00f1a Emilia peregrin\u00f3, adquirida por \u00c9mile Zola en 1878 y adornada tambi\u00e9n con dos torres, en una de las cuales, la de planta cuadrada, ten\u00eda su despacho el autor de Th\u00e9r\u00e8se Raquin.<\/p>\n<p class=\"\">Vueltas las aguas a su cauce, a la hora de recuperar las memorias de Meir\u00e1s en el a\u00f1o del centenario de una autora cuya obra ingente sigue viva, convendr\u00eda separar an\u00e9cdotas de categor\u00edas. Hay recintos mucho m\u00e1s significativos como icono del dictador que su lugar de veraneo, cuando este, tanto como granja como Torres de Meir\u00e1s, est\u00e1 \u00edntimamente ligado a la potencialidad creativa y al legado de Emilia Pardo Baz\u00e1n, que merece un lugar preeminente en nuestra memoria hist\u00f3rica y cultural.<\/p>\n<p class=\"\"><b>Dar\u00edo Villanueva\u00a0<\/b>fue director de la RAE entre 2014 y 2018.<\/p>\n<\/div>\n<\/div>\n<\/article>\n","protected":false},"excerpt":{"rendered":"<p>Memoria de Meir\u00e1s En el centenario del fallecimiento de Emilia Pardo Baz\u00e1n convendr\u00eda separar an\u00e9cdotas de categor\u00edas. El mal llamado pazo est\u00e1 ligado a una de las m\u00e1s grandes intelectuales espa\u00f1olas de todos los tiempo. DAR\u00cdO VILLANUEVA 25 MAY 2021 &#8211; 22:00\u00a0CDT El palacio de El Pardo fue la residencia oficial de Francisco Franco\u00a0desde 1939 [&hellip;]<\/p>\n","protected":false},"author":249,"featured_media":22340,"comment_status":"open","ping_status":"closed","sticky":false,"template":"","format":"standard","meta":{"footnotes":""},"categories":[30,10,12,28,26,59,9],"tags":[],"class_list":["post-22337","post","type-post","status-publish","format-standard","has-post-thumbnail","hentry","category-arte","category-historia","category-libros","category-literatura","category-mundo","category-noticias","category-otros-lugares"],"_links":{"self":[{"href":"https:\/\/eloficiodehistoriar.com.mx\/index.php?rest_route=\/wp\/v2\/posts\/22337","targetHints":{"allow":["GET"]}}],"collection":[{"href":"https:\/\/eloficiodehistoriar.com.mx\/index.php?rest_route=\/wp\/v2\/posts"}],"about":[{"href":"https:\/\/eloficiodehistoriar.com.mx\/index.php?rest_route=\/wp\/v2\/types\/post"}],"author":[{"embeddable":true,"href":"https:\/\/eloficiodehistoriar.com.mx\/index.php?rest_route=\/wp\/v2\/users\/249"}],"replies":[{"embeddable":true,"href":"https:\/\/eloficiodehistoriar.com.mx\/index.php?rest_route=%2Fwp%2Fv2%2Fcomments&post=22337"}],"version-history":[{"count":2,"href":"https:\/\/eloficiodehistoriar.com.mx\/index.php?rest_route=\/wp\/v2\/posts\/22337\/revisions"}],"predecessor-version":[{"id":22339,"href":"https:\/\/eloficiodehistoriar.com.mx\/index.php?rest_route=\/wp\/v2\/posts\/22337\/revisions\/22339"}],"wp:featuredmedia":[{"embeddable":true,"href":"https:\/\/eloficiodehistoriar.com.mx\/index.php?rest_route=\/wp\/v2\/media\/22340"}],"wp:attachment":[{"href":"https:\/\/eloficiodehistoriar.com.mx\/index.php?rest_route=%2Fwp%2Fv2%2Fmedia&parent=22337"}],"wp:term":[{"taxonomy":"category","embeddable":true,"href":"https:\/\/eloficiodehistoriar.com.mx\/index.php?rest_route=%2Fwp%2Fv2%2Fcategories&post=22337"},{"taxonomy":"post_tag","embeddable":true,"href":"https:\/\/eloficiodehistoriar.com.mx\/index.php?rest_route=%2Fwp%2Fv2%2Ftags&post=22337"}],"curies":[{"name":"wp","href":"https:\/\/api.w.org\/{rel}","templated":true}]}}