{"id":22342,"date":"2021-05-28T13:59:25","date_gmt":"2021-05-28T19:59:25","guid":{"rendered":"https:\/\/eloficiodehistoriar.com.mx\/?p=22342"},"modified":"2021-05-28T13:59:25","modified_gmt":"2021-05-28T19:59:25","slug":"los-futbolisimos-celebra-su-volumen-numero-20-con-una-aventura-interactiva-situada-en-venecia","status":"publish","type":"post","link":"https:\/\/eloficiodehistoriar.com.mx\/?p=22342","title":{"rendered":"\u2018Los Futbol\u00edsimos\u2019 celebra su volumen n\u00famero 20 con una aventura interactiva situada en Venecia"},"content":{"rendered":"<header class=\"a_h | col desktop_12 tablet_8 mobile_4\">\n<div id=\"article_header\" class=\"a_hg basic | \">\n<h2 class=\"a_t | font_secondary color_gray_ultra_dark \">Roberto Santiago: \u201cLos lectores infantiles te transmiten una emoci\u00f3n tan sincera que no hay nada comparable\u201d<\/h2>\n<h2 class=\"a_st font_secondary color_gray_dark \">\u2018Los Futbol\u00edsimos\u2019 celebra su volumen n\u00famero 20 con una aventura interactiva situada en Venecia<\/h2>\n<\/div>\n<div class=\"sb | width_full border_bottom border_5\">\n<div class=\"sb_w | border_bottom border_1 padding_bottom flex\n          justify_space_between relative\"><\/p>\n<div class=\"flex container_row social-icons right-links horizontal  \"><a class=\"a_aut_n | color_black\" title=\"Ver todas las noticias de Jos\u00e9 Gonz\u00e1lez Vargas\" href=\"https:\/\/elpais.com\/autor\/jose-eduardo-gonzalez-vargas\/\">JOS\u00c9 GONZ\u00c1LEZ VARGAS<\/a><\/div>\n<\/div>\n<\/div>\n<div class=\"a_by | margin_bottom_lg  \">\n<div class=\"\">\n<div class=\"a_pt | uppercase color_gray_medium_lighter \"><span class=\"a_pl | capitalize  color_black\">Madrid<\/span>\u00a0&#8211;\u00a0<a id=\"article_date\" class=\"a_ti\" href=\"https:\/\/elpais.com\/hemeroteca\/2021-05-24\/\" data-date=\"2021-05-24T10:34:20.351Z\">24 MAY 2021 &#8211; 05:34\u00a0<abbr title=\" Central Daylight Time\">CDT<\/abbr><\/a><\/div>\n<\/div>\n<\/div>\n<\/header>\n<div class=\"a_w | col desktop_8 tablet_8 mobile_4\">\n<div id=\"ctn_article_body\" class=\"a_b article_body | color_gray_dark\">\n<p class=\"\">Cuando\u00a0<a href=\"https:\/\/elpais.com\/cultura\/2018\/08\/23\/actualidad\/1535016262_178403.html\" target=\"_blank\" rel=\"noopener\" data-link-track-dtm=\"\"><i>Los Futbol\u00edsimos<\/i><\/a>\u00a0lleg\u00f3 a las librer\u00edas en mayo de 2013, su autor\u00a0<a href=\"https:\/\/elpais.com\/noticias\/roberto-santiago\/\" target=\"_blank\" rel=\"noopener\" data-link-track-dtm=\"\">Roberto Santiago<\/a>\u00a0(Madrid, 52 a\u00f1os) no sospechaba que las aventuras del equipo de Soto Alto tendr\u00eda un palmar\u00e9s de 19 vol\u00famenes, una pel\u00edcula y una obra musical. \u201cEs algo que no pod\u00eda imaginarme cuando comenc\u00e9 la colecci\u00f3n y a d\u00eda de hoy me sigue pareciendo casi un milagro\u201d, comenta el escritor y cineasta, en el vest\u00edbulo de un hotel en Madrid a mediados de mayo. Un mech\u00f3n azul cruza un lado de su cabellera negra, una referencia que los lectores del m\u00e1s reciente libro publicado,<i>\u00a0El misterio de las brujas futbolistas<\/i>, captar\u00e1n de inmediato. Santiago ahora ha formado equipo con el diario deportivo\u00a0<i>As<\/i>\u00a0para celebrar la vig\u00e9sima entrega de\u00a0<i>Los Futbol\u00edsimos<\/i>\u00a0con una<a href=\"https:\/\/as.com\/futbol\/2021\/04\/29\/mas_futbol\/1619685738_486354.html\" target=\"_blank\" rel=\"noopener\" data-link-track-dtm=\"\">\u00a0aventura interactiva<\/a>\u00a0muy especial.<\/p>\n<section class=\"more_info | border_1 border_top pull_right\">\n<ul class=\"list_unstyled font_secondary\">\n<li class=\"info_item | border_1 border_bottom border_gray_ultra_light flex container_column\"><\/li>\n<\/ul>\n<\/section>\n<p class=\"\">\u201cFue muy r\u00e1pido\u201d, comenta el autor sobre el \u00e9xito de la saga, que ha vendido casi cuatro millones de ejemplares en m\u00e1s de 15 idiomas. \u201cLos primeros dos vol\u00famenes salieron en 2013 y en la\u00a0<a href=\"https:\/\/elpais.com\/noticias\/feria-libro-madrid\/\" target=\"_blank\" rel=\"noopener\" data-link-track-dtm=\"\">Feria del Libro de Madrid<\/a>\u00a0de ese a\u00f1o me pas\u00f3 algo muy curioso: el segundo fin de semana ven\u00edan ni\u00f1os que eran amigos de los que hab\u00edan venido el primer fin de semana. No pens\u00e9 que fuera un fen\u00f3meno, pero s\u00ed que hab\u00eda tocado una tecla\u201d. El escritor resalta que algo que sus j\u00f3venes admiradores siempre le dicen es que lo que les atrae no es el f\u00fatbol o el misterio, sino su identificaci\u00f3n con los personajes. \u201cLos ni\u00f1os se me acercan y me dicen que les gustar\u00eda ser parte de la pandilla de\u00a0<i>Los Futbol\u00edsimos<\/i>\u201d, a\u00f1ade Santiago con una sonrisa. \u201cA m\u00ed tambi\u00e9n me hubiese gustado a los 11 a\u00f1os\u201d.<\/p>\n<h2 class=\"font_secondary color_gray_ultra_dark\">Una aventura de 20 semanas en Venecia<\/h2>\n<p class=\"\">Pakete y el equipo de Soto Alto ir\u00e1n a un campeonato en Venecia en su aventura n\u00famero 20,\u00a0<i>El misterio de la m\u00e1scara de oro<\/i>. No obstante, como explica el creador, esta no es la \u00fanica novedad. \u201cVa a ser una novela interactiva\u201d, afirma el madrile\u00f1o. \u201cCada viernes se publicar\u00e1 un cap\u00edtulo en\u00a0<a href=\"https:\/\/as.com\/https:\/\/as.com\/futbol\/2021\/04\/29\/mas_futbol\/1619685738_486354.html\" target=\"_blank\" rel=\"noopener\" data-link-track-dtm=\"\">la edici\u00f3n digital del diario\u00a0<i>As<\/i><\/a>, donde se puede leer totalmente gratis, y al final doy tres opciones. Dependiendo de lo que voten los lectores, tengo 48 horas para escribir el siguiente cap\u00edtulo\u201d. Santiago jura que solamente tiene escrito el primero, que se publicar\u00e1 el 28 de mayo, y no sabe c\u00f3mo avanzar\u00e1 la historia. \u201c20 cap\u00edtulos a lo largo de 20 semanas\u201d, declara el escritor. El desenlace est\u00e1 pautado para el 11 de octubre y\u00a0<a href=\"https:\/\/as.com\/futbol\/2021\/04\/29\/mas_futbol\/1619685738_486354.html\" target=\"_blank\" rel=\"noopener\" data-link-track-dtm=\"\">permanecer\u00e1 en el sitio web del peri\u00f3dico deportivo<\/a>\u00a0hasta el 11 de noviembre, fecha en que se espera que la edici\u00f3n f\u00edsica llegue a las librer\u00edas.<\/p>\n<figure class=\"f | margin_top pull_left width_half\"><img loading=\"lazy\" decoding=\"async\" class=\"lazyload block width_full\" src=\"https:\/\/imagenes.elpais.com\/resizer\/A6jyDr4DjG8nOoq7c2LvhQ277ks=\/414x0\/cloudfront-eu-central-1.images.arcpublishing.com\/prisa\/DF2H2DMO6NDK7LBH7VAUUOQZZA.jpg\" srcset=\"https:\/\/imagenes.elpais.com\/resizer\/A6jyDr4DjG8nOoq7c2LvhQ277ks=\/414x0\/cloudfront-eu-central-1.images.arcpublishing.com\/prisa\/DF2H2DMO6NDK7LBH7VAUUOQZZA.jpg 414w,https:\/\/imagenes.elpais.com\/resizer\/9Zsw8jfpjxrXvQOBznGZ-FqY8EQ=\/828x0\/cloudfront-eu-central-1.images.arcpublishing.com\/prisa\/DF2H2DMO6NDK7LBH7VAUUOQZZA.jpg 640w,https:\/\/imagenes.elpais.com\/resizer\/7lb4EVVJAqofzmeMyRqtTHK9FYs=\/980x0\/cloudfront-eu-central-1.images.arcpublishing.com\/prisa\/DF2H2DMO6NDK7LBH7VAUUOQZZA.jpg 1000w,https:\/\/imagenes.elpais.com\/resizer\/mmTniV4pQrROBTP72k41KwQlHGQ=\/1960x0\/cloudfront-eu-central-1.images.arcpublishing.com\/prisa\/DF2H2DMO6NDK7LBH7VAUUOQZZA.jpg 1960w\" alt=\"Portada de 'El misterio de la m\u00e1scara de oro', de Roberto Santiago.\" width=\"1776\" height=\"2534\" \/><figcaption class=\"f_c | border_bottom border_1 border_gray_ultra_light_warm text_align_right padding_vertical color_gray_medium\">Portada de &#8216;El misterio de la m\u00e1scara de oro&#8217;, de Roberto Santiago.<span class=\"f_a | color_black margin_left uppercase light\"><span class=\"author\">LITERATURA SM<\/span><\/span><\/figcaption><\/figure>\n<p class=\"\">Santiago no puede ocultar la gran emoci\u00f3n, y una pizca de nervios, que siente ante el proyecto. \u201c<a href=\"https:\/\/elpais.com\/noticias\/juan-jose-millas\/\" target=\"_blank\" rel=\"noopener\" data-link-track-dtm=\"\">Juan Jos\u00e9 Mill\u00e1s<\/a>, que fue uno de mis profesores, dec\u00eda que \u00e9l escrib\u00eda con br\u00fajula pero sin mapa, yo escribo as\u00ed\u201d, comenta el autor, con mucho \u00e1nimo. \u201cAunque son novelas de misterio, no me hago una estructura o una escaleta\u201d. Admite, sin embargo, que suele reescribir mucho a medida que va trabajando una novela, algo que no ser\u00e1 posible aqu\u00ed. \u201c\u00a1Vamos a ver ad\u00f3nde me llevan los lectores!\u201d.<\/p>\n<p class=\"\">El autor no tiene previsto un fin para la saga y opina que depende de dos factores: el inter\u00e9s de su joven p\u00fablico y la sensaci\u00f3n que las historias de Pakete y el equipo de Soto Alto sigan teniendo algo que contar. No obstante, es consciente de que el final llegar\u00e1 en alg\u00fan momento. \u201cNo lo s\u00e9, pero ahora mismo tengo ganas de seguir\u201d, declara. \u201cM\u00e1s all\u00e1 de ventas, m\u00e1s all\u00e1 de una pel\u00edcula, son tan absolutamente genuinos los lectores infantiles y te transmiten una emoci\u00f3n tan sincera que no hay nada comparable\u201d.<\/p>\n<\/div>\n<p>Algo que le ha ayudado a no agotarse con\u00a0<i>Los Futbol\u00edsimos<\/i>\u00a0ha sido alternar su trabajo con otros proyectos. El m\u00e1s reciente es\u00a0<a href=\"https:\/\/elpais.com\/television\/2021-01-16\/las-series-espanolas-que-veremos-en-2021.html\" target=\"_blank\" rel=\"noopener\" data-link-track-dtm=\"\"><i>Ana Tramel, el juego<\/i><\/a>, una adaptaci\u00f3n televisiva de la novela policiaca que Santiago public\u00f3 en 2017 y que ahora retoma como coguionista. \u201cEs muy terap\u00e9utico. Creo que hacer esos cambios entre g\u00e9neros y formatos tan distintos se traduce en una mejor escritura\u201d, reflexiona el autor sobre su trabajo en el cine. \u201cEn general, a la gente le gusta encasillarte: este es el que hace novelas infantiles, este es el que hace comedias. Me han permitido escribir historias muy distintas y he sido muy afortunado\u201d, concluye Santiago.<\/p>\n<\/div>\n","protected":false},"excerpt":{"rendered":"<p>Roberto Santiago: \u201cLos lectores infantiles te transmiten una emoci\u00f3n tan sincera que no hay nada comparable\u201d \u2018Los Futbol\u00edsimos\u2019 celebra su volumen n\u00famero 20 con una aventura interactiva situada en Venecia JOS\u00c9 GONZ\u00c1LEZ VARGAS Madrid\u00a0&#8211;\u00a024 MAY 2021 &#8211; 05:34\u00a0CDT Cuando\u00a0Los Futbol\u00edsimos\u00a0lleg\u00f3 a las librer\u00edas en mayo de 2013, su autor\u00a0Roberto Santiago\u00a0(Madrid, 52 a\u00f1os) no sospechaba que [&hellip;]<\/p>\n","protected":false},"author":249,"featured_media":22343,"comment_status":"open","ping_status":"closed","sticky":false,"template":"","format":"standard","meta":{"footnotes":""},"categories":[12,26,59,9],"tags":[],"class_list":["post-22342","post","type-post","status-publish","format-standard","has-post-thumbnail","hentry","category-libros","category-mundo","category-noticias","category-otros-lugares"],"_links":{"self":[{"href":"https:\/\/eloficiodehistoriar.com.mx\/index.php?rest_route=\/wp\/v2\/posts\/22342","targetHints":{"allow":["GET"]}}],"collection":[{"href":"https:\/\/eloficiodehistoriar.com.mx\/index.php?rest_route=\/wp\/v2\/posts"}],"about":[{"href":"https:\/\/eloficiodehistoriar.com.mx\/index.php?rest_route=\/wp\/v2\/types\/post"}],"author":[{"embeddable":true,"href":"https:\/\/eloficiodehistoriar.com.mx\/index.php?rest_route=\/wp\/v2\/users\/249"}],"replies":[{"embeddable":true,"href":"https:\/\/eloficiodehistoriar.com.mx\/index.php?rest_route=%2Fwp%2Fv2%2Fcomments&post=22342"}],"version-history":[{"count":1,"href":"https:\/\/eloficiodehistoriar.com.mx\/index.php?rest_route=\/wp\/v2\/posts\/22342\/revisions"}],"predecessor-version":[{"id":22344,"href":"https:\/\/eloficiodehistoriar.com.mx\/index.php?rest_route=\/wp\/v2\/posts\/22342\/revisions\/22344"}],"wp:featuredmedia":[{"embeddable":true,"href":"https:\/\/eloficiodehistoriar.com.mx\/index.php?rest_route=\/wp\/v2\/media\/22343"}],"wp:attachment":[{"href":"https:\/\/eloficiodehistoriar.com.mx\/index.php?rest_route=%2Fwp%2Fv2%2Fmedia&parent=22342"}],"wp:term":[{"taxonomy":"category","embeddable":true,"href":"https:\/\/eloficiodehistoriar.com.mx\/index.php?rest_route=%2Fwp%2Fv2%2Fcategories&post=22342"},{"taxonomy":"post_tag","embeddable":true,"href":"https:\/\/eloficiodehistoriar.com.mx\/index.php?rest_route=%2Fwp%2Fv2%2Ftags&post=22342"}],"curies":[{"name":"wp","href":"https:\/\/api.w.org\/{rel}","templated":true}]}}