{"id":22358,"date":"2021-05-31T20:08:00","date_gmt":"2021-06-01T02:08:00","guid":{"rendered":"https:\/\/eloficiodehistoriar.com.mx\/?p=22358"},"modified":"2021-05-31T20:08:00","modified_gmt":"2021-06-01T02:08:00","slug":"eduardo-ramirez-villamizar-el-artista-constructivo-pionero-del-arte-abstracto-en-colombia","status":"publish","type":"post","link":"https:\/\/eloficiodehistoriar.com.mx\/?p=22358","title":{"rendered":"Eduardo Ram\u00edrez Villamizar, el artista constructivo pionero del arte abstracto en Colombia"},"content":{"rendered":"<div class=\"articulo__apertura\">\n<header id=\"articulo-encabezado\" class=\"articulo-encabezado \">\n<div class=\"articulo-encabezado-texto\">\n<div id=\"articulo-titulares\" class=\"articulo-titulares\">\n<h1 id=\"articulo-titulo\" class=\"articulo-titulo \">Eduardo Ram\u00edrez Villamizar, el artista constructivo pionero del arte abstracto en Colombia<\/h1>\n<div class=\"articulo-subtitulos\">\n<h2 class=\"articulo-subtitulo\">La transformaci\u00f3n que realiz\u00f3 del arte precolombino en figuras geom\u00e9tricas minimalistas le vali\u00f3 el reconocimiento mundial<button id=\"boton_imprimir\" class=\"boton_imprimir\"><\/button><\/h2>\n<\/div>\n<\/div>\n<\/div>\n<\/header>\n<div class=\"articulo-apertura \">\n<figure class=\"foto superior foto_w980\"><img loading=\"lazy\" decoding=\"async\" src=\"https:\/\/ep01.epimg.net\/cultura\/imagenes\/2019\/08\/27\/actualidad\/1566904056_018544_1566905349_noticia_normal.jpg\" srcset=\"\/\/ep01.epimg.net\/cultura\/imagenes\/2019\/08\/27\/actualidad\/1566904056_018544_1566905349_noticia_normal_recorte1.jpg 1960w, \/\/ep01.epimg.net\/cultura\/imagenes\/2019\/08\/27\/actualidad\/1566904056_018544_1566905349_noticia_normal_recorte2.jpg 720w, \/\/ep01.epimg.net\/cultura\/imagenes\/2019\/08\/27\/actualidad\/1566904056_018544_1566905349_noticia_normal.jpg 980w\" alt=\"Eduardo Ramirez\" width=\"980\" height=\"586\" \/><figcaption class=\"foto-pie\"><span class=\"foto-texto\">Hoy se celebra el aniversario del nacimiento del artista Eduardo Ram\u00edrez Villamizar<\/span>\u00a0<span class=\"foto-firma\"><span class=\"foto-autor\">HERN\u00c1N D\u00cdAZ<\/span>\u00a0<span class=\"foto-agencia\">BIBLIOTECA LUIS \u00c1NGEL ARANGO<\/span><\/span><\/figcaption><\/figure>\n<div class=\"firma \">\n<div class=\"autor\">\n<div class=\"autor-texto\"><span class=\"autor-nombre\"><a title=\"Ver todas las noticias de Alberto L\u00f3pez\" href=\"https:\/\/elpais.com\/autor\/alberto_lopez_herrero\/a\/\">ALBERTO L\u00d3PEZ<\/a><\/span><\/div>\n<\/div>\n<\/div>\n<div class=\"articulo-datos\"><strong>Eduardo Ram\u00edrez Villamizar<\/strong>\u00a0el \u00e9xito temprano lo convirti\u00f3 en un icono del arte en Iberoam\u00e9rica. Sabiendo hacer de la necesidad virtud, el menor de 11 hermanos e hijo de un joyero abocado a la bancarrota, estudi\u00f3 Arquitectura, pero pronto se dio cuenta de que su vida era el\u00a0<a href=\"https:\/\/elpais.com\/tag\/arte\/a\">arte<\/a>: primero dedicado a la pintura y m\u00e1s tarde a la\u00a0<a href=\"https:\/\/elpais.com\/tag\/escultura\/a\">escultura<\/a>, hasta obtener el reconocimiento mundial y convertirse en pionero del\u00a0<a href=\"https:\/\/elpais.com\/tag\/arte_abstracto\/a\">arte abstracto y minimalista en Colombia<\/a>.<\/div>\n<\/div>\n<\/div>\n<div id=\"articulo_contenedor\" class=\"articulo__contenedor\">\n<div id=\"cuerpo_noticia\" class=\"articulo-cuerpo\">\n<p>Sus viajes a\u00a0<a href=\"https:\/\/elpais.com\/tag\/paris\/a\">Par\u00eds<\/a>\u00a0y\u00a0<a href=\"https:\/\/elpais.com\/tag\/nueva_york\/a\">Nueva York<\/a>\u00a0le permitieron conocer las vanguardias y a sus protagonistas en persona. Influenciado por el expresionismo, primero, y por el arte figurativo y abstracto despu\u00e9s, toda su obra posee una gran unidad y un reconocimiento mundial que han llevado sus obras a numerosos pa\u00edses.<\/p>\n<section id=\"sumario_1|apoyos\" class=\"sumario_apoyos derecha\"><a name=\"sumario_1\"><\/a><\/section>\n<p><strong>Eduardo Ram\u00edrez Villamizar<\/strong>\u00a0nac\u00eda el 27 de agosto de 1923 en la localidad colombiana de Pamplona, departamento Norte de Santander. Fue el menor de 11 hermanos y se vio obligado a trasladarse a C\u00facuta, capital del departamento, con toda la familia, ante la situaci\u00f3n de bancarrota del negocio de joyer\u00eda de su padre.<\/p>\n<p>A pesar de las dificultades econ\u00f3micas familiares, logra viajar a Bogot\u00e1 para estudiar Arquitectura en la Universidad Nacional de Colombia, aunque su verdadero inter\u00e9s comienza a ser por la pintura. Tambi\u00e9n estudia all\u00ed Arte y Decoraci\u00f3n, ya con el futuro orientado de forma clara hacia las artes pl\u00e1sticas, sobre todo a la pintura y a la escultura.<\/p>\n<p>Con solo 22 a\u00f1os\u00a0<strong>Eduardo Ram\u00edrez Villamizar<\/strong>\u00a0realiza su primera exposici\u00f3n, que fue colectiva. Participa en ella con algunas acuarelas de corte figurativo, aunque su evoluci\u00f3n fue r\u00e1pida, tanto en las t\u00e9cnicas como en las tem\u00e1ticas, llegando pronto a planteamientos expresionistas relacionados con las circunstancias sociopol\u00edticas del pa\u00eds y abandonando la acuarela para comenzar a trabajar con \u00f3leo.<\/p>\n<p>Desde joven tuvo la oportunidad de viajar a Par\u00eds, donde pudo conocer personalmente la obra de\u00a0<a href=\"https:\/\/elpais.com\/tag\/pablo_picasso\/a\">Picasso<\/a>\u00a0y de Brancusi, as\u00ed como acercarse a las manifestaciones art\u00edsticas abstractas de principios de siglo y a la abstracci\u00f3n geom\u00e9trica de la postguerra. De esta etapa reconoce al pintor\u00a0<a href=\"https:\/\/elpais.com\/tag\/victor_vasarely\/a\">Victor Vasarely<\/a>\u00a0como su mayor influencia, asegurando que \u00e9l \u201cme ense\u00f1o que no hab\u00eda que representar nada para expresar lo maravilloso de la creaci\u00f3n; color, formas y geometr\u00eda sumados son suficientes\u201d.<\/p>\n<section id=\"sumario_2|apoyos\" class=\"sumario_apoyos derecha\">\n<div class=\"sumario__interior\">\n<div class=\"sumario-texto\">\n<div class=\"apoyos\">\n<p><strong>Eduardo Ram\u00edrez Villamizar<\/strong>\u00a0empez\u00f3 a ser conocido por la seguridad que mostraba en sus pinturas y tuvo la oportunidad de realizar continuos viajes a principios de la d\u00e9cada de los 50 entre Par\u00eds, Madrid, Roma y Nueva York. Una de sus piezas, \u2018The black and white painting\u2019, fue adquirida por el Museo de Arte Moderno de Nueva York en 1956, y dos a\u00f1os despu\u00e9s gan\u00f3 un premio Guggenheim cuando ya hab\u00eda aceptado impartir clases en la Escuela de Bellas Artes de Bogot\u00e1.<\/p>\n<\/div>\n<\/div>\n<\/div>\n<\/section>\n<p>Al regresar a Colombia se convirti\u00f3 en pionero del\u00a0<a href=\"https:\/\/elpais.com\/tag\/arte_abstracto\/a\">arte abstracto<\/a>\u00a0en su pa\u00eds. Su exposici\u00f3n individual de 1952 en la Biblioteca Nacional de Bogot\u00e1 fue una de las primeras muestras de pintura abstracta, y su \u2018Composici\u00f3n en ocres\u2019, de 1957, fue el primer mural no objetivo en Colombia.<\/p>\n<p>Sigui\u00f3 evolucionando y las formas curvas de su gran relieve de \u2018El Dorado\u2019, creado para el Banco de Bogot\u00e1, estaban cubiertas de pan de oro a semejanza de las figuras precolombinas y la orfebrer\u00eda hispanoamericana. Se puede decir que ese fue su bautismo en la escultura, en cuyas obras siempre trat\u00f3 de traducir las formas distintivas del arte precolombino en planos abstractos pero manteniendo una marcada orientaci\u00f3n arquitect\u00f3nica espacial en toda su obra, inconfundible a lo largo de su vida.<\/p>\n<p>En 1969, Eduardo Ram\u00edrez representa a Colombia en la V Bienal de S\u00e3o Paulo junto con otros artistas, entre los cuales se incluyen Obreg\u00f3n y Wiedemann, logrando el segundo premio internacional. Tambi\u00e9n particip\u00f3 en la exposici\u00f3n \u2018South American Art today\u2019 del Museo de Dallas, en compa\u00f1\u00eda de Obreg\u00f3n, Grau y Negret, adem\u00e1s de\u00a0<a href=\"https:\/\/elpais.com\/tag\/fernando_botero\/a\">Fernando Botero<\/a>, quien, nueve a\u00f1os m\u00e1s joven que Eduardo Ram\u00edrez Villamizar, es otra estrella ascendente en el panorama del arte colombiano del momento.<\/p>\n<p>Durante la segunda mitad de la d\u00e9cada de los 60 y gran parte de los 70 Eduardo Ram\u00edrez Villamizar estuvo muy en contacto con el movimiento escult\u00f3rico internacional emplazado en Nueva York, exponiendo en galer\u00edas comerciales, en museos como el de Arte Moderno y en el\u00a0<a href=\"https:\/\/elpais.com\/tag\/museo_guggenheim\/a\">Guggenheim<\/a>, y recibiendo encargos monumentales de corporaciones privadas e instituciones p\u00fablicas. El artista tuvo tiempo de ensayar nuevos materiales, si bien en los \u00faltimos a\u00f1os de su carrera su predilecto fue el hierro.<\/p>\n<p>De este periodo art\u00edstico son \u2018Relieve vertical\u2019 y \u2018Relieve horizontal\u2019, acr\u00edlicos de 1967. En su carrera destaca la colocaci\u00f3n, en los jardines exteriores del Kennedy Center, en Washington, de la obra \u2018From Colombia to John F. Kennedy\u2019, regalo de Colombia a dicho centro de las artes. Dos piezas m\u00e1s fueron emplazadas tambi\u00e9n ese a\u00f1o en el Fort Tryon Park y en la Beach High School de Nueva York.<\/p>\n<p>A comienzos de los a\u00f1os 80\u00a0<strong>Eduardo Ram\u00edrez V illamizar<\/strong>\u00a0volvi\u00f3 a trabajar esculturas de l\u00edneas rectas y realiz\u00f3 algunas piezas de escasa altura. Se instal\u00f3 en Suba, en una casa con un amplio jard\u00edn donde coleccion\u00f3, junto a algunas obras precolombinas y modernas, cientos de caracoles.<\/p>\n<p>Tambi\u00e9n empez\u00f3 a dedicar su tiempo a conocer los principales lugares arqueol\u00f3gicos de Hispanoam\u00e9rica, y el viaje a Machu Picchu, a finales de 1983, fue definitivo para la producci\u00f3n que comenz\u00f3 a principios del a\u00f1o siguiente, de grandes construcciones plenas de sobriedad pero que recuerdan los sillares poligonales de la arquitectura inca.<\/p>\n<p>Finalmente, entre 1989 y 1990 el artista adelant\u00f3 tambi\u00e9n algunas construcciones en madera, entre las que se destaca la maqueta de \u2018El templo de las leyes\u2019, un homenaje al general Francisco de Paula Santander.<\/p>\n<p>Los reconocimientos a su gran y extendida obra llegaron desde numerosos puntos y foros, destacando la prestigiosa Cruz de Boyac\u00e1 que le concedi\u00f3 el gobierno colombiano.<\/p>\n<p>El 23 de agosto de 2004, el maestro\u00a0<strong>Eduardo Ram\u00edrez Villamizar<\/strong> fallec\u00eda en Bogot\u00e1, a los 80 a\u00f1os. Desde el 22 de septiembre de ese a\u00f1o sus cenizas reposan en una vasija de barro de la artista Beatriz Daza y est\u00e1n depositadas al pie de un magnolio centenario, en el patio central del museo de arte moderno que lleva su nombre en su ciudad natal, Pamplona, como as\u00ed lo quiso \u00e9l. All\u00ed, gran parte de su legado contin\u00faa en una gran casa colonial de la localidad para ser admirado como el artista que abri\u00f3 las puertas de Colombia al mundo y al arte abstracto.<\/p>\n<\/div>\n<\/div>\n","protected":false},"excerpt":{"rendered":"<p>Eduardo Ram\u00edrez Villamizar, el artista constructivo pionero del arte abstracto en Colombia La transformaci\u00f3n que realiz\u00f3 del arte precolombino en figuras geom\u00e9tricas minimalistas le vali\u00f3 el reconocimiento mundial Hoy se celebra el aniversario del nacimiento del artista Eduardo Ram\u00edrez Villamizar\u00a0HERN\u00c1N D\u00cdAZ\u00a0BIBLIOTECA LUIS \u00c1NGEL ARANGO ALBERTO L\u00d3PEZ Eduardo Ram\u00edrez Villamizar\u00a0el \u00e9xito temprano lo convirti\u00f3 en un [&hellip;]<\/p>\n","protected":false},"author":249,"featured_media":22359,"comment_status":"open","ping_status":"closed","sticky":false,"template":"","format":"standard","meta":{"footnotes":""},"categories":[30,27,26,9,46],"tags":[],"class_list":["post-22358","post","type-post","status-publish","format-standard","has-post-thumbnail","hentry","category-arte","category-latinoamerica","category-mundo","category-otros-lugares","category-pintura"],"_links":{"self":[{"href":"https:\/\/eloficiodehistoriar.com.mx\/index.php?rest_route=\/wp\/v2\/posts\/22358","targetHints":{"allow":["GET"]}}],"collection":[{"href":"https:\/\/eloficiodehistoriar.com.mx\/index.php?rest_route=\/wp\/v2\/posts"}],"about":[{"href":"https:\/\/eloficiodehistoriar.com.mx\/index.php?rest_route=\/wp\/v2\/types\/post"}],"author":[{"embeddable":true,"href":"https:\/\/eloficiodehistoriar.com.mx\/index.php?rest_route=\/wp\/v2\/users\/249"}],"replies":[{"embeddable":true,"href":"https:\/\/eloficiodehistoriar.com.mx\/index.php?rest_route=%2Fwp%2Fv2%2Fcomments&post=22358"}],"version-history":[{"count":1,"href":"https:\/\/eloficiodehistoriar.com.mx\/index.php?rest_route=\/wp\/v2\/posts\/22358\/revisions"}],"predecessor-version":[{"id":22360,"href":"https:\/\/eloficiodehistoriar.com.mx\/index.php?rest_route=\/wp\/v2\/posts\/22358\/revisions\/22360"}],"wp:featuredmedia":[{"embeddable":true,"href":"https:\/\/eloficiodehistoriar.com.mx\/index.php?rest_route=\/wp\/v2\/media\/22359"}],"wp:attachment":[{"href":"https:\/\/eloficiodehistoriar.com.mx\/index.php?rest_route=%2Fwp%2Fv2%2Fmedia&parent=22358"}],"wp:term":[{"taxonomy":"category","embeddable":true,"href":"https:\/\/eloficiodehistoriar.com.mx\/index.php?rest_route=%2Fwp%2Fv2%2Fcategories&post=22358"},{"taxonomy":"post_tag","embeddable":true,"href":"https:\/\/eloficiodehistoriar.com.mx\/index.php?rest_route=%2Fwp%2Fv2%2Ftags&post=22358"}],"curies":[{"name":"wp","href":"https:\/\/api.w.org\/{rel}","templated":true}]}}