{"id":22361,"date":"2021-05-31T20:14:18","date_gmt":"2021-06-01T02:14:18","guid":{"rendered":"https:\/\/eloficiodehistoriar.com.mx\/?p=22361"},"modified":"2021-05-31T20:14:18","modified_gmt":"2021-06-01T02:14:18","slug":"punto-final-a-una-vuelta-al-mundo-de-13-anos","status":"publish","type":"post","link":"https:\/\/eloficiodehistoriar.com.mx\/?p=22361","title":{"rendered":"Punto final a una vuelta al mundo de 13 a\u00f1os"},"content":{"rendered":"<header id=\"articulo-encabezado\" class=\"articulo-encabezado \">\n<div id=\"articulo-titulares\" class=\"articulo-titulares\">\n<h2 id=\"articulo-titulo\" class=\"articulo-titulo \">Punto final a una vuelta al mundo de 13 a\u00f1os<\/h2>\n<div class=\"articulo-subtitulos\">\n<h3 class=\"articulo-subtitulo\">Despu\u00e9s de 13 a\u00f1os dando la vuelta al mundo en bicicleta, \u00c1lvaro Neil, &#8216;El Biciclown&#8217;, decide colgar las alforjas. Ma\u00f1ana acaba en Oviedo uno de los viajes m\u00e1s alucinantes que se puedan imaginar<\/h3>\n<\/div>\n<\/div>\n<\/header>\n<div class=\"articulo-apertura \">\n<figure class=\"foto centro foto_w980\"><img loading=\"lazy\" decoding=\"async\" src=\"https:\/\/ep01.epimg.net\/elpais\/imagenes\/2017\/11\/17\/paco_nadal\/1510913658_561646_1510915048_noticia_normal.jpg\" srcset=\"\/\/ep01.epimg.net\/elpais\/imagenes\/2017\/11\/17\/paco_nadal\/1510913658_561646_1510915048_noticia_normal_recorte1.jpg 1960w, \/\/ep01.epimg.net\/elpais\/imagenes\/2017\/11\/17\/paco_nadal\/1510913658_561646_1510915048_noticia_normal_recorte2.jpg 720w, \/\/ep01.epimg.net\/elpais\/imagenes\/2017\/11\/17\/paco_nadal\/1510913658_561646_1510915048_noticia_normal.jpg 980w\" alt=\"Punto final a una vuelta al mundo de 13 a\u00f1os\" width=\"980\" height=\"551\" \/><\/figure>\n<div class=\"firma firma--vertical\">\n<div class=\"autor\">\n<div class=\"autor-texto\"><span class=\"autor-nombre\"><a title=\"Ver todas las noticias de Paco Nadal\" href=\"https:\/\/elpais.com\/autor\/paco_nadal\/a\/\">PACO NADAL<\/a><\/span><\/div>\n<\/div>\n<\/div>\n<div><\/div>\n<div class=\"articulo-datos\">\u201cDecid\u00ed volver porque se me acab\u00f3 el mundo\u201d. <strong>\u00c1lvaro Neil<\/strong>\u00a0habla con frases redondas, casi de titular. Producto \u2013imagino- de muchos soliloquios sobre su\u00a0<strong>bicicleta<\/strong>: trece a\u00f1os dando vueltas por el mundo (decir solo \u201cvuelta\u201d, en singular, cuando has hecho kil\u00f3metros para circunvalar cinco veces el Ecuador me parece rid\u00edculo) dan para muchas horas de razonamientos e\u00a0<strong>introspecci\u00f3n<\/strong>.<\/div>\n<\/div>\n<div id=\"roba_principal\" class=\"envoltorio_publi\">\n<div id=\"elpais_gpt-MPU1\" class=\"publi_luto_horizontal\"><\/div>\n<\/div>\n<div id=\"articulo_contenedor\" class=\"articulo__contenedor\">\n<div id=\"cuerpo_noticia\" class=\"articulo-cuerpo\">\n<p><strong>\u00c1lvaro Neil<\/strong>, m\u00e1s conocido como\u00a0<strong><em>El Biciclown<\/em><\/strong>, es un asturiano que en 2004 decidi\u00f3 dejar una confortable y mon\u00f3tona vida de oficial de notar\u00edas en Madrid para irse a vivir otra vida menos confortable pero m\u00e1s aut\u00e9ntica. Coloc\u00f3 las alforjas a su bici y como el protagonista de\u00a0<em>El ins\u00f3lito peregrinaje de Harold Fry<\/em>\u00a0empez\u00f3 a alejarse de su casa sin rumbo fijo ni plan establecido; cada d\u00eda un poco m\u00e1s, un continente m\u00e1s, otro un a\u00f1o m\u00e1s, luego dos \u2026 y as\u00ed hasta 13 largos a\u00f1os en los que ha hecho\u00a0<strong>200.000 kil\u00f3metros<\/strong>, visitado 115 pa\u00edses, roto cuatro bicicletas y seis cuadros y regalando sonrisas con su show de mimo-payaso a 21.000 ni\u00f1os de medio mundo.<\/p>\n<p>La noticia es que\u00a0<strong><em>El Biciclown<\/em><\/strong>, vuelve a casa. Si no pasa nada y no hay pinchazo en el puerto de Pajares, ma\u00f1ana domingo 19 de noviembre (el mismo d\u00eda en que sali\u00f3 en 2004, ya es casualidad, \u00bfo no?) dejar\u00e1 por fin de pedalear en su Oviedo natal.<\/p>\n<p>Localizo a\u00a0<strong>\u00c1lvaro<\/strong>\u00a0por tel\u00e9fono en un bar de\u00a0<strong>Benavente<\/strong>. \u201cEstoy tomando un caf\u00e9 antes de hacer los \u00faltimos 20 kil\u00f3metros de hoy y buscar un \u00e1rbol bajo el que poner mi casa, o sea, mi tienda\u201d. Y le pregunto lo que todos querr\u00edamos preguntar:<\/p>\n<section id=\"sumario_1|foto\" class=\"sumario_foto centro\"><a name=\"sumario_1\"><\/a><\/p>\n<div class=\"sumario__interior\">\n<figure class=\"foto foto_w980\"><img loading=\"lazy\" decoding=\"async\" src=\"https:\/\/ep01.epimg.net\/elpais\/imagenes\/2017\/11\/17\/paco_nadal\/1510913658_561646_1510991100_sumario_normal.jpg\" srcset=\"\/\/ep01.epimg.net\/elpais\/imagenes\/2017\/11\/17\/paco_nadal\/1510913658_561646_1510991100_sumario_normal_recorte1.jpg 1960w, \/\/ep01.epimg.net\/elpais\/imagenes\/2017\/11\/17\/paco_nadal\/1510913658_561646_1510991100_sumario_normal_recorte2.jpg 720w, \/\/ep01.epimg.net\/elpais\/imagenes\/2017\/11\/17\/paco_nadal\/1510913658_561646_1510991100_sumario_normal.jpg 980w\" alt=\"Punto final a una vuelta al mundo de 13 a\u00f1os\" width=\"980\" height=\"656\" \/><\/figure>\n<div class=\"sumario-texto\"><\/div>\n<\/div>\n<\/section>\n<p>&#8211; \u00bfPor qu\u00e9 decidiste\u00a0<strong>volver<\/strong>?<\/p>\n<p>&#8211; \u201cPorque si te vas y no vuelves parece que has perdido la cabeza. Ser\u00e1s aquel que se fue y no volvi\u00f3, porque deb\u00eda estar un poco\u00a0<strong>loco<\/strong>. Si vuelves recuerdas a tu gente, a la gente en general, que te fuiste por una raz\u00f3n y que es posible cumplir un sue\u00f1o, que se puede hacer\u201d.<\/p>\n<p>Cuenta que ni se acuerda d\u00f3nde estaba cuando decidi\u00f3 volver, dice que se dijo que ser\u00eda por unos ocho a\u00f1os, pero luego se encontr\u00f3\u00a0<strong>feliz<\/strong>\u00a0y lo estir\u00f3 hasta 10 a\u00f1os. Y en 2014 se plante\u00f3 terminar pero se dio cuenta de que le quedaba Europa, as\u00ed que sigui\u00f3 un poquito m\u00e1s, total, \u00a1qu\u00e9 son tres a\u00f1os m\u00e1s pedaleando!<\/p>\n<p>&#8211; \u201cAl final vi que podr\u00eda cuadrarlo para regresar el\u00a0<strong>mismo d\u00eda en que part\u00ed<\/strong>\u00a0y me pareci\u00f3 bonito: 13 a\u00f1os despu\u00e9s y, bueno, puede que en el fondo todo lo que he vivido haya sido un sue\u00f1o\u201d.<\/p>\n<p>S\u00e9 que le van a hacer muchas entrevistas, que ser\u00e1 un tema medi\u00e1tico \u2013ef\u00edmero, pero medi\u00e1tico-. Y que todos le van a preguntar por an\u00e9cdotas de tan tremendo viaje. Pero a m\u00ed me interesa m\u00e1s otra cosa:<\/p>\n<section id=\"sumario_2|foto\" class=\"sumario_foto centro\"><a name=\"sumario_2\"><\/a><\/p>\n<div class=\"sumario__interior\">\n<figure class=\"foto foto_w980\"><img loading=\"lazy\" decoding=\"async\" src=\"https:\/\/ep01.epimg.net\/elpais\/imagenes\/2017\/11\/17\/paco_nadal\/1510913658_561646_1510991633_sumario_normal.jpg\" srcset=\"\/\/ep01.epimg.net\/elpais\/imagenes\/2017\/11\/17\/paco_nadal\/1510913658_561646_1510991633_sumario_normal_recorte1.jpg 1960w, \/\/ep01.epimg.net\/elpais\/imagenes\/2017\/11\/17\/paco_nadal\/1510913658_561646_1510991633_sumario_normal_recorte2.jpg 720w, \/\/ep01.epimg.net\/elpais\/imagenes\/2017\/11\/17\/paco_nadal\/1510913658_561646_1510991633_sumario_normal.jpg 980w\" alt=\"Punto final a una vuelta al mundo de 13 a\u00f1os\" width=\"980\" height=\"734\" \/><\/figure>\n<div class=\"sumario-texto\"><\/div>\n<\/div>\n<\/section>\n<p>\u00a0-\u00bfQu\u00e9 has\u00a0<strong>aprendido<\/strong>\u00a0en esos 13 a\u00f1os, \u00c1lvaro?<\/p>\n<p>&#8211; \u201cMuchas cosas, pero se podr\u00edan resumir en que el ser humano es\u00a0<strong>mucho mejor<\/strong>\u00a0de lo que sale en los medios de comunicaci\u00f3n. Que los malos que salen en los papeles son en realidad los buenos. Y los buenos son los malos. He aprendido que seguir tu\u00a0<strong>intuici\u00f3n<\/strong>\u00a0es apostar a caballo ganador. La voz interna de la conciencia me dec\u00eda ponte a trabajar y a cotizar, lleva una vida normal. Menos mal que no le hice caso, que hice caso a mi intuici\u00f3n. Ahora la conciencia me mira un tanto sonrojada, como diciendo: \u2018me has pillado, intent\u00e9 convencerte, pero me has pillado\u201d.<\/p>\n<p><a href=\"https:\/\/elpais.com\/elpais\/2014\/06\/11\/paco_nadal\/1402489500_140248.html\" target=\"_blank\" rel=\"noopener\">Conoc\u00ed a\u00a0<strong>\u00c1lvaro<\/strong>\u00a0hace tres a\u00f1os en\u00a0<strong>Quito<\/strong>,<\/a>\u00a0cuando al enterarse de que iba a viajar all\u00ed me pidi\u00f3 por Twitter que le llevara unos recambios para su bici. Entonces llevaba 10 a\u00f1os, 77 pa\u00edses y 132.467 kil\u00f3metros sobre la bici. Y ya era un hombre completamente\u00a0<strong>feliz<\/strong>. Todo en \u00e9l, esa nariz ancha, sus cejas pobladas, el pelo negro que pintaba ya abundantes canas de sabidur\u00eda, sus ojos peque\u00f1os y vivos \u2013todo- emanaba energ\u00eda positiva. Ya entonces me confes\u00f3 algo que ha sido su lema de vida: \u201cno tengo planes. Ni me asusta la soledad, es m\u00e1s la necesito\u201d.<\/p>\n<p>&#8211; Y ahora que llegas, \u00bftienes planes? \u00bfqu\u00e9 pasar\u00e1 el lunes, cuando no tengas que montarte en la bicicleta?, le pregunto.<\/p>\n<section id=\"sumario_3|foto\" class=\"sumario_foto derecha\"><a name=\"sumario_3\"><\/a><\/p>\n<div class=\"sumario__interior\">\n<figure class=\"foto foto_w360\"><img loading=\"lazy\" decoding=\"async\" src=\"https:\/\/ep01.epimg.net\/elpais\/imagenes\/2017\/11\/17\/paco_nadal\/1510913658_561646_1510991304_sumario_normal.jpg\" srcset=\"\/\/ep01.epimg.net\/elpais\/imagenes\/2017\/11\/17\/paco_nadal\/1510913658_561646_1510991304_sumario_normal_recorte1.jpg 720w, \/\/ep01.epimg.net\/elpais\/imagenes\/2017\/11\/17\/paco_nadal\/1510913658_561646_1510991304_sumario_normal.jpg 360w\" alt=\"Punto final a una vuelta al mundo de 13 a\u00f1os\" width=\"360\" height=\"246\" \/><\/figure>\n<div class=\"sumario-texto\"><\/div>\n<\/div>\n<\/section>\n<p>&#8211; \u201cNo tengo\u00a0<strong>planes<\/strong>\u00a0para el lunes, de hecho, no tengo donde dormir ni donde vivir. Cuando se vayan los m\u00e1s de 100 amigos que viene a la fiesta y me qued\u00e9 solo me preguntar\u00e9 qu\u00e9 hacer. Un amigo me ha ofrecido una casa que tiene vac\u00eda para los pr\u00f3ximos tres meses, igual me voy all\u00ed a empezar a escribir mi s\u00e9ptimo libro. Pero no me preocupa. La\u00a0<strong>vida<\/strong>\u00a0te dice siempre qu\u00e9 tienes que hacer. Siempre me ha ido bien as\u00ed y voy a dejar que siga dici\u00e9ndomelo. Me gustar\u00eda comprarme una\u00a0<strong>autocaravana<\/strong>\u00a0de segunda mano, algo sencillo, solo necesito dentro una mesa y una silla para ponerme a escribir. Dar\u00e9 charlas sobre el sentido de la vida, como vengo haciendo desde hace a\u00f1os. La vida es un\u00a0<strong>regalo<\/strong>\u00a0que vale la pena abrir. No hay que guardarlo para cuando te jubilas; hay que tirarse a la piscina ya. Pero no echar\u00e9 ra\u00edces, eso es seguro; me cuesta dormir siempre bajo el mismo cielo\u201d.<\/p>\n<p>En estos tiempos de tanto\u00a0<em>postureo<\/em>, en el que uno se abre un blog y tiene la osad\u00eda de decir que ya es\u00a0<strong>viajero<\/strong>\u00a0y no\u00a0<strong>turista<\/strong>, gente cargada de humanidad como este payaso-ciclista es un faro y gu\u00eda. He conocido a muy pocos, muy pocos viajeros de verdad. Y ninguno iba\u00a0<strong>fanfarroneando<\/strong>\u00a0de serlo.<\/p>\n<p>\u00c1lvaro Neil es uno de ellos.<\/p>\n<\/div>\n<\/div>\n","protected":false},"excerpt":{"rendered":"<p>Punto final a una vuelta al mundo de 13 a\u00f1os Despu\u00e9s de 13 a\u00f1os dando la vuelta al mundo en bicicleta, \u00c1lvaro Neil, &#8216;El Biciclown&#8217;, decide colgar las alforjas. Ma\u00f1ana acaba en Oviedo uno de los viajes m\u00e1s alucinantes que se puedan imaginar PACO NADAL \u201cDecid\u00ed volver porque se me acab\u00f3 el mundo\u201d. \u00c1lvaro Neil\u00a0habla [&hellip;]<\/p>\n","protected":false},"author":249,"featured_media":22362,"comment_status":"open","ping_status":"closed","sticky":false,"template":"","format":"standard","meta":{"footnotes":""},"categories":[30,21,11,64,27,65,66],"tags":[],"class_list":["post-22361","post","type-post","status-publish","format-standard","has-post-thumbnail","hentry","category-arte","category-espectaculos","category-fotografia","category-hispanoamerica","category-latinoamerica","category-teatro","category-viajes"],"_links":{"self":[{"href":"https:\/\/eloficiodehistoriar.com.mx\/index.php?rest_route=\/wp\/v2\/posts\/22361","targetHints":{"allow":["GET"]}}],"collection":[{"href":"https:\/\/eloficiodehistoriar.com.mx\/index.php?rest_route=\/wp\/v2\/posts"}],"about":[{"href":"https:\/\/eloficiodehistoriar.com.mx\/index.php?rest_route=\/wp\/v2\/types\/post"}],"author":[{"embeddable":true,"href":"https:\/\/eloficiodehistoriar.com.mx\/index.php?rest_route=\/wp\/v2\/users\/249"}],"replies":[{"embeddable":true,"href":"https:\/\/eloficiodehistoriar.com.mx\/index.php?rest_route=%2Fwp%2Fv2%2Fcomments&post=22361"}],"version-history":[{"count":1,"href":"https:\/\/eloficiodehistoriar.com.mx\/index.php?rest_route=\/wp\/v2\/posts\/22361\/revisions"}],"predecessor-version":[{"id":22363,"href":"https:\/\/eloficiodehistoriar.com.mx\/index.php?rest_route=\/wp\/v2\/posts\/22361\/revisions\/22363"}],"wp:featuredmedia":[{"embeddable":true,"href":"https:\/\/eloficiodehistoriar.com.mx\/index.php?rest_route=\/wp\/v2\/media\/22362"}],"wp:attachment":[{"href":"https:\/\/eloficiodehistoriar.com.mx\/index.php?rest_route=%2Fwp%2Fv2%2Fmedia&parent=22361"}],"wp:term":[{"taxonomy":"category","embeddable":true,"href":"https:\/\/eloficiodehistoriar.com.mx\/index.php?rest_route=%2Fwp%2Fv2%2Fcategories&post=22361"},{"taxonomy":"post_tag","embeddable":true,"href":"https:\/\/eloficiodehistoriar.com.mx\/index.php?rest_route=%2Fwp%2Fv2%2Ftags&post=22361"}],"curies":[{"name":"wp","href":"https:\/\/api.w.org\/{rel}","templated":true}]}}