{"id":22376,"date":"2021-06-02T21:03:01","date_gmt":"2021-06-03T03:03:01","guid":{"rendered":"https:\/\/eloficiodehistoriar.com.mx\/?p=22376"},"modified":"2021-06-02T21:03:01","modified_gmt":"2021-06-03T03:03:01","slug":"nadadora-paralimpica-teresa-perales-princesa-de-asturias-de-deportes","status":"publish","type":"post","link":"https:\/\/eloficiodehistoriar.com.mx\/?p=22376","title":{"rendered":"Nadadora paral\u00edmpica Teresa Perales, Princesa de Asturias de Deportes"},"content":{"rendered":"<h2 id=\"article-title-tts\" class=\"title title-default\">Nadadora paral\u00edmpica Teresa Perales, Princesa de Asturias de Deportes<\/h2>\n<div class=\"article-info\"><a class=\"author\" href=\"https:\/\/www.jornada.com.mx\/author\/afp.html\">AFP<\/a>\u00a0Tiempo de lectura: 3 min.<\/div>\n<div class=\"foto-pie\">La nadadora espa\u00f1ola Teresa Perales, una de las deportistas paral\u00edmpicas m\u00e1s laureadas del mundo, fue distinguida con el premio Princesa de Asturias de los Deportes por encarnar \u00ablos m\u00e1s admirables valores deportivos\u00bb.\u00a0<span class=\"pie-author\">Foto\u00a0<b>Afp \/ Archivo<\/b><\/span><\/div>\n<div class=\"article-row\">\n<div class=\"social-links right\">\n<div class=\"share\"><\/div>\n<div class=\"separator\"><em>Madrid.<\/em>\u00a0La nadadora espa\u00f1ola Teresa Perales, una de las deportistas paral\u00edmpicas m\u00e1s laureadas del mundo, fue distinguida este mi\u00e9rcoles con el premio Princesa de Asturias de los Deportes por encarnar \u00ablos m\u00e1s admirables valores deportivos\u00bb.<\/div>\n<\/div>\n<div class=\"article-main\">\n<div class=\"row\">\n<div id=\"article-content-tts\" class=\"article-content ljn-nota-contenido\">\n<div id=\"content_nitf\">\n<p>Perales practic\u00f3 karate de ni\u00f1a hasta que a los 19 a\u00f1os una neuropat\u00eda le hizo perder la movilidad en ambas piernas.<\/p>\n<p>A partir de ah\u00ed encontr\u00f3 su pasi\u00f3n en la nataci\u00f3n, y con su impresionante palmar\u00e9s en competiciones europeas, mundiales y paral\u00edmpicas se ha convertido en \u00abun ejemplo de superaci\u00f3n para millones de personas con discapacidad en todo el mundo\u00bb, tal como destac\u00f3 el jurado de los Princesa de Asturias.<\/p>\n<p>\u00abTeresa es una extraordinaria deportista y un \u00edcono del movimiento paral\u00edmpico internacional (\u2026), ha configurado un excepcional palmar\u00e9s solo equiparable a su profundo, activo y valiente compromiso social. Su figura re\u00fane de manera ejemplar los m\u00e1s admirables valores deportivos\u00bb, agreg\u00f3 el jurado presidido por el ex atleta espa\u00f1ol Abel Ant\u00f3n.<\/p>\n<p>El medallero atesorado desde 1998 por Teresa Perales, de 45 a\u00f1os y madre de un ni\u00f1o, es abrumador: 43 preseas en campeonatos europeos de nataci\u00f3n, 22 en mundiales, y 26 (7 oros, 9 platas y 10 bronces) en los \u00faltimos cinco juegos paral\u00edmpicos: Sidney 2000, Atenas 2004, Pek\u00edn 2008, Londres 2012 y R\u00edo 2016.<\/p>\n<h2>El agua, un descubrimiento casual<\/h2>\n<p>Recientemente, la nadadora cont\u00f3 c\u00f3mo de ni\u00f1a le costaba mucho desenvolverse en el medio acu\u00e1tico.<\/p>\n<p>Todo cambi\u00f3 cuando la enfermedad la oblig\u00f3 a desplazarse en silla de ruedas, y un buen d\u00eda de verano, en la peque\u00f1a piscina que hab\u00eda junto a su departamento familiar, se tir\u00f3 al agua con un chaleco salvavidas, animada por su madre.<\/p>\n<p>\u00abEntonces descubr\u00ed esa libertad que te da el agua\u00bb, explic\u00f3 Perales, que tiene claro que todo \u00abdepende de c\u00f3mo te muestras a los dem\u00e1s, para que los dem\u00e1s te traten como t\u00fa quieres que te traten\u00bb.<\/p>\n<p>En paralelo a su carrera como deportista, Perales, nacida en Zaragoza, desempe\u00f1\u00f3 cargos p\u00fablicos en la regi\u00f3n de Arag\u00f3n, como asesora en servicios sociales, deporte y atenci\u00f3n a la dependencia. Cont\u00f3 su historia en dos libros,\u00a0<em>Mi vida sobre ruedas<\/em>\u00a0(2007), y\u00a0<em>La fuerza de un sue\u00f1o<\/em>\u00a0(2014).<\/p>\n<p>El de Deportes es el cuarto de los ocho premios Princesa de Asturias, los m\u00e1s prestigiosos del mundo iberoamericano, que distinguen anualmente a personas o instituciones relevantes en \u00e1mbitos que van desde la investigaci\u00f3n cient\u00edfica hasta las letras.<\/p>\n<p>En la categor\u00eda este mi\u00e9rcoles compet\u00edan 18 candidaturas de nueve nacionalidades diferentes. El ganador del a\u00f1o pasado fue el piloto espa\u00f1ol de rallies Carlos Sainz.<\/p>\n<p>En lo que va de edici\u00f3n 2021 se fallaron ya el premio de las Artes para la serbia Marina Abramovic, considerada un \u00edcono de la &#8216;performance&#8217;, el de Comunicaci\u00f3n y Humanidades para la escritora estadunidense Gloria Steinem, referente del movimiento feminista, y el de Ciencias Sociales para el economista indio Amartya Sen.<\/p>\n<p>Instituidos en 1981, los premios est\u00e1n dotados con 50 mil euros (unos 60 mil d\u00f3lares) y una escultura creada por el fallecido artista catal\u00e1n Joan Mir\u00f3.<\/p>\n<p>Los galardones deben su nombre al t\u00edtulo de la heredera del trono de Espa\u00f1a, la princesa Leonor, y son entregados por los reyes Felipe y Letizia en octubre en una ceremonia solemne en Oviedo, capital de Asturias.<\/p>\n<\/div>\n<\/div>\n<\/div>\n<\/div>\n<\/div>\n","protected":false},"excerpt":{"rendered":"<p>Nadadora paral\u00edmpica Teresa Perales, Princesa de Asturias de Deportes AFP\u00a0Tiempo de lectura: 3 min. La nadadora espa\u00f1ola Teresa Perales, una de las deportistas paral\u00edmpicas m\u00e1s laureadas del mundo, fue distinguida con el premio Princesa de Asturias de los Deportes por encarnar \u00ablos m\u00e1s admirables valores deportivos\u00bb.\u00a0Foto\u00a0Afp \/ Archivo Madrid.\u00a0La nadadora espa\u00f1ola Teresa Perales, una de [&hellip;]<\/p>\n","protected":false},"author":249,"featured_media":22377,"comment_status":"open","ping_status":"closed","sticky":false,"template":"","format":"standard","meta":{"footnotes":""},"categories":[70,11,64,26,59],"tags":[],"class_list":["post-22376","post","type-post","status-publish","format-standard","has-post-thumbnail","hentry","category-deportes","category-fotografia","category-hispanoamerica","category-mundo","category-noticias"],"_links":{"self":[{"href":"https:\/\/eloficiodehistoriar.com.mx\/index.php?rest_route=\/wp\/v2\/posts\/22376","targetHints":{"allow":["GET"]}}],"collection":[{"href":"https:\/\/eloficiodehistoriar.com.mx\/index.php?rest_route=\/wp\/v2\/posts"}],"about":[{"href":"https:\/\/eloficiodehistoriar.com.mx\/index.php?rest_route=\/wp\/v2\/types\/post"}],"author":[{"embeddable":true,"href":"https:\/\/eloficiodehistoriar.com.mx\/index.php?rest_route=\/wp\/v2\/users\/249"}],"replies":[{"embeddable":true,"href":"https:\/\/eloficiodehistoriar.com.mx\/index.php?rest_route=%2Fwp%2Fv2%2Fcomments&post=22376"}],"version-history":[{"count":1,"href":"https:\/\/eloficiodehistoriar.com.mx\/index.php?rest_route=\/wp\/v2\/posts\/22376\/revisions"}],"predecessor-version":[{"id":22378,"href":"https:\/\/eloficiodehistoriar.com.mx\/index.php?rest_route=\/wp\/v2\/posts\/22376\/revisions\/22378"}],"wp:featuredmedia":[{"embeddable":true,"href":"https:\/\/eloficiodehistoriar.com.mx\/index.php?rest_route=\/wp\/v2\/media\/22377"}],"wp:attachment":[{"href":"https:\/\/eloficiodehistoriar.com.mx\/index.php?rest_route=%2Fwp%2Fv2%2Fmedia&parent=22376"}],"wp:term":[{"taxonomy":"category","embeddable":true,"href":"https:\/\/eloficiodehistoriar.com.mx\/index.php?rest_route=%2Fwp%2Fv2%2Fcategories&post=22376"},{"taxonomy":"post_tag","embeddable":true,"href":"https:\/\/eloficiodehistoriar.com.mx\/index.php?rest_route=%2Fwp%2Fv2%2Ftags&post=22376"}],"curies":[{"name":"wp","href":"https:\/\/api.w.org\/{rel}","templated":true}]}}