{"id":22385,"date":"2021-06-03T10:03:27","date_gmt":"2021-06-03T16:03:27","guid":{"rendered":"https:\/\/eloficiodehistoriar.com.mx\/?p=22385"},"modified":"2021-06-03T11:26:04","modified_gmt":"2021-06-03T17:26:04","slug":"logran-normalistas-de-mactumactza-libertad-condicional","status":"publish","type":"post","link":"https:\/\/eloficiodehistoriar.com.mx\/?p=22385","title":{"rendered":"Logran normalistas de Mactumactz\u00e1 libertad condicional"},"content":{"rendered":"<div class=\"cabeza\">Logran normalistas de Mactumactz\u00e1 libertad condicional<\/div>\n<div class=\"sumarios\"><\/div>\n<div id=\"article-text\" class=\"text\">\n<div class=\"col col1\">\n<div class=\"credito-autor\">Elio Henr\u00edquez<\/div>\n<div class=\"credito-titulo\"><\/div>\n<div class=\"hemero\">La Jornada<\/div>\n<div class=\"hemero\">Tuxtla Guti\u00e9rrez, Chis.,<\/div>\n<div class=\"hemero\">Los 17 alumnos de la Escuela Normal Rural Mactumactz\u00e1 y dos desplazados del municipio de Chenalh\u00f3 que estaban presos en el penal de El Amate, fueron liberados ayer de manera condicionada, luego de que un juez de Chiapas determin\u00f3 el cambio de medida cautelar, informaron autoridades estatales.<\/div>\n<p>Indicaron que el juzgador fij\u00f3 una firma peri\u00f3dica y la restricci\u00f3n de activismo en espacios p\u00fablicos a las 19 personas que permanec\u00edan recluidas en el centro penitenciario de El Amate, ubicado en Cintalapa.<\/p>\n<p>Se\u00f1alaron que el juzgador dio\u00a0<q>continuidad al debido proceso y por petici\u00f3n de la defensa ante las probatorias de la Fiscal\u00eda General del Estado (FGE), determin\u00f3 el cambio de medida cautelar<\/q>.<\/p>\n<p>En tanto, padres de familia, normalistas, la secci\u00f3n 7 del Sindicato Nacional de Trabajadores de la Educaci\u00f3n (SNTE), adherida a la CNTE, y representantes de los desplazados de Chenalh\u00f3, exigieron la liberaci\u00f3n incondicional de las 19 personas, por lo que demandaron la instalaci\u00f3n de una mesa de negociaciones.<\/p>\n<p>En conferencia de prensa realizada en el parque central de Tux\u00adtla Guti\u00e9rrez, donde mantienen un plant\u00f3n, un paterfamilia recalc\u00f3:\u00a0<q>No nos vamos a marchar hasta que los liberen incondicionalmente<\/q>.<\/p>\n<p>A las 12:30 horas, los 17 estudiantes y dos desplazados de Chenalh\u00f3 fueron recibidos afuera del reclusorio por padres de familia, normalistas y maestros que atravesaron autobuses en la carretera para bloquear el tr\u00e1fico. Al salir, abordaron un cami\u00f3n que los traslad\u00f3 a Tuxtla Guti\u00e9rrez.<\/p>\n<\/div>\n<div class=\"col col2\">\n<p>En un comunicado, el Poder Judicial y la FGE puntualizaron que los 17 normalistas y los desplazados del ejido Puebla, Chenalh\u00f3, acusados de robo con violencia, da\u00f1os, mot\u00edn, atentados contra la paz, integridad corporal y patrimonial de la colectividad y pandillerismo,\u00a0<q>enfrentar\u00e1n los cargos en libertad, con las restricciones ordenadas por las autoridades, de no poder participar en actos que alteren el orden p\u00fablico<\/q>.<\/p>\n<p>De esta manera, agregaron,\u00a0<q>desde la respetuosa colaboraci\u00f3n, la FGE y el Poder Judicial se conducen con estricto apego a derecho, porlo que las 95 personas detenidas por actos vand\u00e1licos ocurridos en la caseta de cobro de la autopista Chiapa de Corzo-San Crist\u00f3bal de Las Casas el 18 de mayo continuar\u00e1n vinculadas a proceso (desde su domicilio o escuela) y en caso de reincidir ser\u00e1n reingresadas al penal de El Amate<\/q>.<\/p>\n<p>Recordaron que de las 95 personas detenidas inicialmente, 74 mujeres recibieron el 23 de mayo la medida cautelar de firma peri\u00f3dica; dos menores, la de liberaci\u00f3n, y, finalmente, 17 normalistas y dos desplazados, la medida de firma peri\u00f3dica,\u00a0<q>por lo que todos los detenidos continuar\u00e1n sujetos a proceso<\/q>.<\/p>\n<p>&nbsp;<\/p>\n<\/div>\n<\/div>\n<div class=\"go gui\">\n<div class=\"go-prev\"><a id=\"page_link_prev\" href=\"https:\/\/www.jornada.com.mx\/2021\/06\/03\/politica\/007n1pol\">A nterior<\/a><\/div>\n<div class=\"go-next\"><a id=\"page_link_next\" href=\"https:\/\/www.jornada.com.mx\/2021\/06\/03\/politica\/008n2pol\">S iguiente<\/a><\/div>\n<div class=\"go-up\"><a href=\"https:\/\/www.jornada.com.mx\/2021\/06\/03\/politica\/008n1pol#texto\">Subir al inicio del texto<\/a><\/div>\n<\/div>\n<div id=\"comentarios\"><\/div>\n","protected":false},"excerpt":{"rendered":"<p>Logran normalistas de Mactumactz\u00e1 libertad condicional Elio Henr\u00edquez La Jornada Tuxtla Guti\u00e9rrez, Chis., Los 17 alumnos de la Escuela Normal Rural Mactumactz\u00e1 y dos desplazados del municipio de Chenalh\u00f3 que estaban presos en el penal de El Amate, fueron liberados ayer de manera condicionada, luego de que un juez de Chiapas determin\u00f3 el cambio de [&hellip;]<\/p>\n","protected":false},"author":249,"featured_media":22394,"comment_status":"open","ping_status":"closed","sticky":false,"template":"","format":"standard","meta":{"footnotes":""},"categories":[64,27,69,26,59,9],"tags":[74,75],"class_list":["post-22385","post","type-post","status-publish","format-standard","has-post-thumbnail","hentry","category-hispanoamerica","category-latinoamerica","category-mexico","category-mundo","category-noticias","category-otros-lugares","tag-educacion","tag-politica"],"_links":{"self":[{"href":"https:\/\/eloficiodehistoriar.com.mx\/index.php?rest_route=\/wp\/v2\/posts\/22385","targetHints":{"allow":["GET"]}}],"collection":[{"href":"https:\/\/eloficiodehistoriar.com.mx\/index.php?rest_route=\/wp\/v2\/posts"}],"about":[{"href":"https:\/\/eloficiodehistoriar.com.mx\/index.php?rest_route=\/wp\/v2\/types\/post"}],"author":[{"embeddable":true,"href":"https:\/\/eloficiodehistoriar.com.mx\/index.php?rest_route=\/wp\/v2\/users\/249"}],"replies":[{"embeddable":true,"href":"https:\/\/eloficiodehistoriar.com.mx\/index.php?rest_route=%2Fwp%2Fv2%2Fcomments&post=22385"}],"version-history":[{"count":2,"href":"https:\/\/eloficiodehistoriar.com.mx\/index.php?rest_route=\/wp\/v2\/posts\/22385\/revisions"}],"predecessor-version":[{"id":22395,"href":"https:\/\/eloficiodehistoriar.com.mx\/index.php?rest_route=\/wp\/v2\/posts\/22385\/revisions\/22395"}],"wp:featuredmedia":[{"embeddable":true,"href":"https:\/\/eloficiodehistoriar.com.mx\/index.php?rest_route=\/wp\/v2\/media\/22394"}],"wp:attachment":[{"href":"https:\/\/eloficiodehistoriar.com.mx\/index.php?rest_route=%2Fwp%2Fv2%2Fmedia&parent=22385"}],"wp:term":[{"taxonomy":"category","embeddable":true,"href":"https:\/\/eloficiodehistoriar.com.mx\/index.php?rest_route=%2Fwp%2Fv2%2Fcategories&post=22385"},{"taxonomy":"post_tag","embeddable":true,"href":"https:\/\/eloficiodehistoriar.com.mx\/index.php?rest_route=%2Fwp%2Fv2%2Ftags&post=22385"}],"curies":[{"name":"wp","href":"https:\/\/api.w.org\/{rel}","templated":true}]}}