{"id":22387,"date":"2021-06-03T10:07:38","date_gmt":"2021-06-03T16:07:38","guid":{"rendered":"https:\/\/eloficiodehistoriar.com.mx\/?p=22387"},"modified":"2021-06-03T11:28:32","modified_gmt":"2021-06-03T17:28:32","slug":"cuando-pierdes-la-curiosidad-de-un-nino-te-mueres-dice-ruben-blades","status":"publish","type":"post","link":"https:\/\/eloficiodehistoriar.com.mx\/?p=22387","title":{"rendered":"Cuando pierdes la curiosidad de un ni\u00f1o, te mueres, dice Rub\u00e9n Blades"},"content":{"rendered":"<div class=\"cabeza\">Cuando pierdes la curiosidad de un ni\u00f1o, te mueres, dice Rub\u00e9n Blades<\/div>\n<div class=\"sumarios\">\n<p>El paname\u00f1o fue declarado ayer Persona del A\u00f1o 2021 por la academia que entrega los Grammy Latinos \/\/ Promueve\u00a0<em>Salswing<\/em><\/p>\n<\/div>\n<div id=\"article-text\" class=\"text\">\n<div class=\"col col1\">\n<div class=\"credito-autor\">Juan Jos\u00e9 Olivares<\/div>\n<div class=\"credito-titulo\"><\/div>\n<div class=\"hemero\">\n<p>La Jornada<\/p>\n<\/div>\n<p class=\"s-s\">Cuando est\u00e1 en la planta baja de su casa, en Nueva York, tiene 72 a\u00f1os, pero al subir al primer piso es un ni\u00f1o de ocho, el cual, en el cuarto tiene juguetes, pasquines y algunos c\u00f3mics de\u00a0<em>Chanoc,<\/em>\u00a0historieta mexicana de los a\u00f1os 60 del siglo pasado.<\/p>\n<p>Ese infante curioso es referente en la m\u00fasica latinomericana. Fue parte del hist\u00f3rico sello discogr\u00e1fico de salsa Fania All Stars. Es actor, pol\u00edtico, maestro en ciencias pol\u00edticas y derecho, activista, gur\u00fa de la\u00a0<em>opinolog\u00eda\u00a0<\/em>y, desde ayer, Persona del A\u00f1o 2021 de la Academia Latina de la Grabaci\u00f3n, que entrega los premios Grammy Latinos (\u00e9l tiene ocho de \u00e9stos y nueve de la academia estadunidense).<\/p>\n<p>Hablamos de un paname\u00f1o\u00a0<q>cantador de historias, un cronista que se la pasa cantando<\/q>, como lo calific\u00f3 el Nobel de Literatura Gabriel Garc\u00eda M\u00e1rquez.<\/p>\n<p>Un humano no envejece cuando continuamente habla con su ni\u00f1o interno, coincide con\u00a0<em>La Jornada<\/em>Rub\u00e9n Blades.<\/p>\n<p><q>No friega ser viejo<\/q>, asegura durante una charla v\u00eda Zoom.\u00a0<q>Lo que friega es ser indiferente. Lo peor que le puede pasar a una persona es serlo. Cuando pierdes la curiosidad y todo te da igual, en ese momento mueres<\/q>, cuenta en entrevista.<\/p>\n<p>Al margen de su nombramiento de ayer, sigue promoviendo su\u00a0<em>Salswing,<\/em>disco en el que conecta al jazz y la salsa, que si bien ha dado colaboraciones entre m\u00fasicos de estos g\u00e9neros \u2013como Mario Bauza y Dizzy Gillespie, Machito y Charlie Parker, Luis Russell y Louis Armstrong\u2013,\u00a0<q>a\u00fan resta mucho por describir<\/q>.<\/p>\n<p>El \u00e1lbum lo hizo con la Orquesta de Roberto Delgado,\u00a0<q>aporte de Panam\u00e1 al mundo<\/q>.<\/p>\n<p>Blades comparte a este diario una an\u00e9cdota que describe c\u00f3mo algunos m\u00fasicos mexicanos de metales (trompeta, tromb\u00f3n o saxof\u00f3n) de las orquestas municipales de Luisiana, en los a\u00f1os 30 del siglo XX, ense\u00f1aron a leer partituras a algunos afroestadunidenses.<\/p>\n<p><q>Si en el sur de Estados Unidos, en los a\u00f1os 30 (en la era del swing), en Luisiana, para poder tocar una trompeta se ten\u00eda que aprender a leer m\u00fasica, resulta que esas agrupaciones estaban formadas por mexicanos, que tambi\u00e9n eran discriminados. \u00c9stos ense\u00f1aron a leer m\u00fasica a los negros. La conexi\u00f3n es de sinergia y solidaridad entre dos grupos segregados que terminan uni\u00e9ndose para producir un g\u00e9nero que no s\u00f3lo define a Estados Unidos, sino tambi\u00e9n ha demostrado ser interesante para el resto del mundo. La aportaci\u00f3n de los mexicanos en la creaci\u00f3n del jazz no ha sido suficientemente apreciada ni registrada.<\/q><\/p>\n<p>La selecci\u00f3n de las piezas de\u00a0<em>Salswing<\/em>\u00a0es la muestra, no s\u00f3lo de una fusi\u00f3n org\u00e1nica, sino tambi\u00e9n de una renovaci\u00f3n de Blades. Se pueden escuchar piezas como\u00a0<em>Paula C,\u00a0<\/em>escrita en los a\u00f1os 70 y dedicada a Paula Cambell \u2013ex pareja de Blades\u2013, que ahora fue presentada en esta placa bajo el arreglo de Roberto Delgado.<\/p>\n<p>\u2013\u00bfEn el disco hay catarsis?\u2013 se le pregunta.<\/p>\n<p>\u2013No escribo mucho sobre m\u00ed, pero en el caso de\u00a0<em>Paula C,<\/em>\u00a0el antecedente es un desamor. Cuando la escrib\u00ed (1975) quise que ella la escuchara, porque fue una de las causas por las que ya no continu\u00e9 hablando de m\u00ed. Sent\u00eda dolor. Sin embargo, como la melod\u00eda es una de las m\u00e1s bonitas que he escrito, siempre me gusta cantarla. Se convirti\u00f3 en \u00e9xito que la gente de hoy sigue solicitando, y me pareci\u00f3 que, dentro del formato de\u00a0<em>big band,<\/em>sonar\u00eda de una manera m\u00e1s contundente que la versi\u00f3n original, que hice con Louie Ram\u00edrez. As\u00ed que por eso y su caracter\u00edstica de swing, decid\u00ed incluirla en este trabajo. Es una pieza especial.<\/p>\n<p class=\"sumario\">Objetividad de un periodista<\/p>\n<p class=\"s-s\">La consideraci\u00f3n de Gabriel Garc\u00eda M\u00e1rquez acerca de Blades tiene congruencia.\u00a0<q>Yo veo todo como un periodista<\/q>, asienta el artista.\u00a0<q>Mis canciones siempre fueron producto de mi alrededor. Escrib\u00eda en torno a lo que ve\u00eda pero, sobre todo, de lo que me indignaba. Y lo hac\u00eda para que la gente que pasaba por un problema supiera que no estaba sola<\/q>.<\/p>\n<p>\u2013\u00bfC\u00f3mo se han ido transformando tus seguidores?<\/p>\n<p>\u2013La gente ahora est\u00e1 en el espacio para relacionarse mejor consigo misma. Hay quienes en esta pandemia han le\u00eddo m\u00e1s que en toda su vida. Hoy entienden mejor la posibilidad de la reflexi\u00f3n para comprender lo que ocurre a su alrededor. En mi caso, como mis canciones no fueron orientadas por el \u00e9xito comercial, tuve cuidado de escribir con la objetividad que debe tener un periodista, con verdad y honestidad, lo que hace que hoy las personas se identifiquen y eso me ha renovado el p\u00fablico.<\/p>\n<\/div>\n<div class=\"col col2\">\n<div class=\"foto\">\n<p><img decoding=\"async\" title=\"\" src=\"https:\/\/www.jornada.com.mx\/2021\/06\/03\/fotos\/a07n1esp-1_mini.jpg\" alt=\"Foto\" \/><\/p>\n<div class=\"pie-foto\">? La aportaci\u00f3n de los mexicanos en la creaci\u00f3n del jazz no ha sido suficientemente apreciada ni registrada, asegura el m\u00fasico, actor y pol\u00edtico en entrevista. La imagen fue captada el 16 de noviembre de 2017, en Las Vegas.<span class=\"credito\">Foto Ap<\/span><\/div>\n<\/div>\n<p>M\u00e1s que politizado, la conciencia social es lo que lo mueve. Afirma que\u00a0<q>en Latinoam\u00e9rica hay un problema de liderazgo responsable<\/q>. Sin embargo, tambi\u00e9n es autocr\u00edtico:\u00a0<q>Nosotros, como ciudadanos, no hemos hecho lo suficiente para enfrentar y resolver problemas. En Panam\u00e1, un pol\u00edtico dijo que la democracia no pod\u00eda existir sin partidos pol\u00edticos, cuando la corrupci\u00f3n es la que no podr\u00eda existir sin partidos. La democracia s\u00f3lo necesita una actitud c\u00edvica y participaci\u00f3n.<\/q><\/p>\n<p>\u2013Con tantos problemas, \u00bfqu\u00e9 pasa en Latinoam\u00e9rica?<\/p>\n<p>\u2013Sigo pensando positivamente. Es la \u00fanica forma de no resignarse. Me parece que personas que tengan credibilidad deben considerar estar en la pol\u00edtica. Cuando particip\u00e9 como candidato en 1994 me dec\u00edan que no lo hiciera. Y cuando entr\u00e9 al gobierno, despu\u00e9s, en los cinco a\u00f1os que estuve, nunca particip\u00e9 en la corrupci\u00f3n. El poder no corrompe, s\u00f3lo desenmascara.<\/p>\n<p>\u2013\u00bfC\u00f3mo se consigue la fuerza para seguir denunciando?<\/p>\n<p>\u2013Porque s\u00e9 que hoy d\u00eda sigue siendo posible. Hay que seguir repiti\u00e9ndolo.<\/p>\n<p>Se le recuerda la visita que hizo en 2019 a una escuela secundaria del barrio de Tepito en la Ciudad de M\u00e9xico.<\/p>\n<p>\u2013\u00bfQu\u00e9 fue lo m\u00e1s bonito que te preguntaron en ese sitio?<\/p>\n<p>\u2013Una ni\u00f1ita me pregunt\u00f3: \u00bf\u2018qu\u00e9 si sent\u00eda cuando cantaba?\u2019 Le respond\u00ed que s\u00ed, porque era un acto espont\u00e1neo.<\/p>\n<p><q>No planeo c\u00f3mo me voy a expresar. Los discursos preparados son para los pol\u00edticos que dicen puras idioteces y mentiras. As\u00ed que no hay cambios para protegerme antes de cantar. Lo mejor es tratar de no decir mentiras. No tengo buena memoria y el mentiroso siempre tiene que acordarse de todo.<\/q><\/p>\n<p>Blades considera que el \u00e9xito no es de una sola persona.\u00a0<q>Nadie es exitoso solo. Eso es mentira. Hay gente que me ha ayudado en lo profesional. He mantenido contacto con amigos hist\u00f3ricos de hace unos 50 a\u00f1os. Mi mejor inversi\u00f3n son ellos, adem\u00e1s, ayudan a mantener los pies en la tierra. Tambi\u00e9n tiene qu\u00e9 ver c\u00f3mo te cr\u00eden. Mi abuela, mi mam\u00e1 y mi pap\u00e1 me dieron buenos ejemplos<\/q>.<\/p>\n<p>Comparte que una de sus primeras influencias fue el doo wop (g\u00e9nero que crea sonidos de instrumentos con la boca), y que hizo un grupo que nunca apareci\u00f3 en p\u00fablico porque\u00a0<q>le daba verg\u00fcenza. No \u00e9ramos buenos. El rock fue mi primera influencia<\/q>.<\/p>\n<p>El primer grupo que lo influy\u00f3 fue Franky Lymon and Teenagers. \u201cCuando lo conoc\u00ed, me dije: \u2018me gustar\u00eda cantar\u2019\u201d.<\/p>\n<p>Y tambi\u00e9n reconoce la importancia que para \u00e9l tuvo el grupo mexicano Lobo y Mel\u00f3n.<\/p>\n<p>Recuerda:\u00a0<q>El nacimiento de los combos en mi pa\u00eds se lo debemos a ese grupo, que no ten\u00eda vientos y, entonces, esa parte la hac\u00edan con la boca. Tuvimos que copiarlos. Siento que Lobo y Mel\u00f3n lo tom\u00f3 a su vez del doo wop. En M\u00e9xico tambi\u00e9n lo hac\u00edan Alberto V\u00e1zquez, C\u00e9sar Costa, Enrique Guzm\u00e1n&#8230; el pa\u00eds ten\u00eda, adem\u00e1s, a Andy Rusell, cantante y actor que interpretaba en ingl\u00e9s perfectamente, tanto que confund\u00edan su nacionalidad. \u00c9l fue un precedente para m\u00ed desde chiquillo, al igual que Jorge Negrete, Pedro Infante, Miguel Aceves Mej\u00eda, Javier Sol\u00eds, Pedro Vargas&#8230;<\/q><\/p>\n<p>A la actuaci\u00f3n lleg\u00f3 por curiosidad. \u201cMi mam\u00e1 era actriz de radio, pero no por eso pens\u00e9 en ser actor. Todo fue porque supe que iban a montar una obra en Panam\u00e1,\u00a0<em>West Side Story (Amor sin barreras).<\/em>\u00a0Hice\u00a0<em>casting<\/em>\u00a0y me qued\u00e9. Luego realic\u00e9 un papelito en otra cosa, pero s\u00f3lo fui porque hab\u00eda muchachas bonitas\u201d.<\/p>\n<p>La primera pel\u00edcula que hizo, relata, \u201cfue porque al director de Fania All Stars, Jerry Masucci, se le antoj\u00f3 ser productor. Invent\u00f3 una en la que Willie Col\u00f3n era un m\u00e1nager de box mafioso y yo su peleador. Era muy mala\u00a0<em>(The Last Fight).<\/em>\u00a0Lo mejor es que trabaj\u00e9 con el mexicano Salvador S\u00e1nchez, uno de los mejores boxeadores. La pelea final era contra \u00e9l. Recuerdo que cuando filmamos le dije: \u2018ten cuidado porque te puedo dar un mal golpe\u2019. \u00c9l me respondi\u00f3: \u2018que curioso el paname\u00f1o\u2019&#8230; Me doli\u00f3 mucho cuando muri\u00f3\u201d.<\/p>\n<p>Para seguir presentando\u00a0<em>Salswing<\/em>en vivo, Blades tiene que llevar a 20 m\u00fasicos y 10 t\u00e9cnicos, pero por ahora, por los protoclos para viajar, se ha detenido. Est\u00e1 negociando fechas para regresar al escenario con una gira por ocho ciudades de Estados Unidos, en octubre o noviembre. Mientras, sigue actuando en la serie\u00a0<em>Fear of The Walking Dead.<\/em><\/p>\n<\/div>\n<\/div>\n","protected":false},"excerpt":{"rendered":"<p>Cuando pierdes la curiosidad de un ni\u00f1o, te mueres, dice Rub\u00e9n Blades El paname\u00f1o fue declarado ayer Persona del A\u00f1o 2021 por la academia que entrega los Grammy Latinos \/\/ Promueve\u00a0Salswing Juan Jos\u00e9 Olivares La Jornada Cuando est\u00e1 en la planta baja de su casa, en Nueva York, tiene 72 a\u00f1os, pero al subir al [&hellip;]<\/p>\n","protected":false},"author":249,"featured_media":22397,"comment_status":"open","ping_status":"closed","sticky":false,"template":"","format":"standard","meta":{"footnotes":""},"categories":[30,21,64,27,26,22],"tags":[],"class_list":["post-22387","post","type-post","status-publish","format-standard","has-post-thumbnail","hentry","category-arte","category-espectaculos","category-hispanoamerica","category-latinoamerica","category-mundo","category-musica"],"_links":{"self":[{"href":"https:\/\/eloficiodehistoriar.com.mx\/index.php?rest_route=\/wp\/v2\/posts\/22387","targetHints":{"allow":["GET"]}}],"collection":[{"href":"https:\/\/eloficiodehistoriar.com.mx\/index.php?rest_route=\/wp\/v2\/posts"}],"about":[{"href":"https:\/\/eloficiodehistoriar.com.mx\/index.php?rest_route=\/wp\/v2\/types\/post"}],"author":[{"embeddable":true,"href":"https:\/\/eloficiodehistoriar.com.mx\/index.php?rest_route=\/wp\/v2\/users\/249"}],"replies":[{"embeddable":true,"href":"https:\/\/eloficiodehistoriar.com.mx\/index.php?rest_route=%2Fwp%2Fv2%2Fcomments&post=22387"}],"version-history":[{"count":2,"href":"https:\/\/eloficiodehistoriar.com.mx\/index.php?rest_route=\/wp\/v2\/posts\/22387\/revisions"}],"predecessor-version":[{"id":22398,"href":"https:\/\/eloficiodehistoriar.com.mx\/index.php?rest_route=\/wp\/v2\/posts\/22387\/revisions\/22398"}],"wp:featuredmedia":[{"embeddable":true,"href":"https:\/\/eloficiodehistoriar.com.mx\/index.php?rest_route=\/wp\/v2\/media\/22397"}],"wp:attachment":[{"href":"https:\/\/eloficiodehistoriar.com.mx\/index.php?rest_route=%2Fwp%2Fv2%2Fmedia&parent=22387"}],"wp:term":[{"taxonomy":"category","embeddable":true,"href":"https:\/\/eloficiodehistoriar.com.mx\/index.php?rest_route=%2Fwp%2Fv2%2Fcategories&post=22387"},{"taxonomy":"post_tag","embeddable":true,"href":"https:\/\/eloficiodehistoriar.com.mx\/index.php?rest_route=%2Fwp%2Fv2%2Ftags&post=22387"}],"curies":[{"name":"wp","href":"https:\/\/api.w.org\/{rel}","templated":true}]}}