{"id":22391,"date":"2021-06-03T10:14:32","date_gmt":"2021-06-03T16:14:32","guid":{"rendered":"https:\/\/eloficiodehistoriar.com.mx\/?p=22391"},"modified":"2021-06-03T11:32:04","modified_gmt":"2021-06-03T17:32:04","slug":"augusto-roa-bastos","status":"publish","type":"post","link":"https:\/\/eloficiodehistoriar.com.mx\/?p=22391","title":{"rendered":"Augusto Roa Bastos"},"content":{"rendered":"<h1>Augusto Roa Bastos<\/h1>\n<p class=\"biog\">(Asunci\u00f3n, 1917 &#8211; 2005) Narrador y poeta paraguayo, sin duda el escritor de su pa\u00eds m\u00e1s importante del siglo XX y uno de los grandes novelistas de la literatura hispanoamericana. Pas\u00f3 su ni\u00f1ez en el pueblo de Iturbe, lugar que le sirvi\u00f3 de inspiraci\u00f3n para muchas de sus creaciones. En 1932 se escap\u00f3 de su casa para alistarse en el ej\u00e9rcito durante la guerra del Chaco. Esos a\u00f1os, durante los que permaneci\u00f3 en la retaguardia, fueron cruciales al proporcionarle an\u00e9cdotas y vivencias que alimentar\u00edan su literatura.<\/p>\n<p class=\"piefotos\" align=\"right\">Augusto Roa Bastos<\/p>\n<p class=\"biog\">Desde 1936 trabaj\u00f3 en Asunci\u00f3n como periodista para\u00a0<i>El Pa\u00eds<\/i>, del que fue luego director.<\/p>\n<p class=\"biog\">Por entonces, con\u00a0<a href=\"https:\/\/www.biografiasyvidas.com\/biografia\/p\/pla_josefina.htm\">Josefina Pla<\/a>, H\u00e9rib Campos Cervera y otros pocos, inici\u00f3 la que ser\u00eda la renovaci\u00f3n po\u00e9tica paraguaya de la d\u00e9cada de 1940. En 1944 viaj\u00f3 a Gran Breta\u00f1a, con una invitaci\u00f3n del Consejo Brit\u00e1nico, y trabaj\u00f3 all\u00ed como corresponsal para su peri\u00f3dico y tambi\u00e9n en la BBC de Londres, donde fue el primer locutor paraguayo.<\/p>\n<p class=\"biog\">Poco despu\u00e9s de regresar al pa\u00eds, fue forzado al exilio tras la Revoluci\u00f3n de 1947, cuando se orden\u00f3 su arresto, hecho que lo obligar\u00eda a vivir en el exterior por m\u00e1s de cuarenta a\u00f1os, de los cuales los primeros treinta transcurrieron en Buenos Aires. Durante este largo per\u00edodo trabaj\u00f3 entre otras cosas como guionista cinematogr\u00e1fico, una profesi\u00f3n que calificar\u00eda como \u00abde supervivencia\u00bb pero que sin embargo influy\u00f3 en su \u00abestilo descriptivo\u00bb, tras haber estructurado los argumentos de una docena de pel\u00edculas.<\/p>\n<p class=\"biog\">En 1953 public\u00f3 su colecci\u00f3n de cuentos\u00a0<i>El trueno entre las hojas<\/i>, libro al que le sigui\u00f3, en 1960, la novela\u00a0<i>Hijo de hombre<\/i>, por la que recibi\u00f3 el un\u00e1nime reconocimiento de la cr\u00edtica. De modo fragmentario, esta obra abarca cien a\u00f1os de historia paraguaya, y en ella hay que destacar el rigor t\u00e9cnico con que el autor traza su complejo relato y la fuerza expresiva de una prosa mestiza (mezcla de espa\u00f1ol y guaran\u00ed) que transcribe el habla regional.<\/p>\n<p class=\"biog\">M\u00e1s tarde dio a conocer\u00a0<i>El bald\u00edo<\/i>\u00a0(1966),\u00a0<i>Madera quemada<\/i>\u00a0(1967) y\u00a0<i>Moriencia<\/i>(1969). Pero su fama internacional no llegar\u00eda hasta 1974, cuando public\u00f3\u00a0<i>Yo el Supremo<\/i>, novela hist\u00f3rica que protagoniza el dictador Gaspar Rodr\u00edguez de Francia. Por esta obra, que lo estableci\u00f3 definitivamente en la vanguardia de los escritores del continente, pasar\u00eda a formar parte de la n\u00f3mina de las grandes figuras del llamado\u00a0<i>boom<\/i>\u00a0de la literatura hispanoamericana, junto a autores de la talla de\u00a0<a href=\"https:\/\/www.biografiasyvidas.com\/reportaje\/garcia_marquez\/\">Gabriel Garc\u00eda M\u00e1rquez<\/a>,\u00a0<a href=\"https:\/\/www.biografiasyvidas.com\/biografia\/v\/vargas_llosa.htm\">Mario Vargas Llosa<\/a>,\u00a0<a href=\"https:\/\/www.biografiasyvidas.com\/monografia\/rulfo\/\">Juan Rulfo<\/a>,\u00a0<a href=\"https:\/\/www.biografiasyvidas.com\/biografia\/f\/fuentes.htm\">Carlos Fuentes<\/a>,\u00a0<a href=\"https:\/\/www.biografiasyvidas.com\/biografia\/o\/onetti.htm\">Juan Carlos Onetti<\/a>,\u00a0<a href=\"https:\/\/www.biografiasyvidas.com\/biografia\/b\/borges.htm\">Jorge Luis Borges<\/a>,\u00a0<a href=\"https:\/\/www.biografiasyvidas.com\/biografia\/c\/cortazar.htm\">Julio Cort\u00e1zar<\/a>\u00a0o\u00a0<a href=\"https:\/\/www.biografiasyvidas.com\/biografia\/s\/sabato.htm\">Ernesto S\u00e1bato<\/a>, entre otros.<\/p>\n<p class=\"biog\">Figura siniestra y a la vez fascinante, con visos de d\u00e9spota ilustrado,\u00a0<a href=\"https:\/\/www.biografiasyvidas.com\/biografia\/f\/francia.htm\">Gaspar Rodr\u00edguez de Francia<\/a>\u00a0encerr\u00f3 materialmente a su pa\u00eds dentro de un c\u00edrculo de autoritarismo y de aislamiento. En la novela, el narrador queda sustituido por un compilador que proporciona materiales al lector para que sea \u00e9ste quien la monte o construya. Como obra de lenguaje, profundiza en las ra\u00edces del espa\u00f1ol paraguayo, en busca de lo que se ha calificado de \u00aboralidad escrita\u00bb, lo cual potencia la creaci\u00f3n de neologismos, deformaciones y continuos juegos tanto l\u00e9xicos como sint\u00e1cticos.<\/p>\n<p class=\"biog\">En 1976 se integr\u00f3 al plantel de profesores de la Universidad de Toulouse, en Francia, donde ense\u00f1\u00f3 literatura y guaran\u00ed hasta 1984. En 1982, durante una visita que realiz\u00f3 a su pa\u00eds, fue expulsado del Paraguay y se le confisc\u00f3 el pasaporte, acusado por el r\u00e9gimen de\u00a0<a href=\"https:\/\/www.biografiasyvidas.com\/biografia\/s\/stroessner.htm\">Alfredo Stroessner<\/a>\u00a0de adoctrinar a la gente joven con la ideolog\u00eda marxista. Como \u00fanica prueba se presentaron documentos que demostraban que hab\u00eda estado en Cuba.<\/p>\n<p class=\"biog\">De 1985 en adelante fue un opositor activo al gobierno de Stroessner y actu\u00f3 como embajador no oficial del Acuerdo Nacional en Europa. En febrero de 1986 public\u00f3 una Carta Abierta al pueblo paraguayo, que circul\u00f3 ampliamente dentro del pa\u00eds y en la que se exig\u00eda una transici\u00f3n pac\u00edfica a\u00a0<a href=\"https:\/\/www.biografiasyvidas.com\/tema\/democracia.htm\">la democracia<\/a>. Poco despu\u00e9s de la ca\u00edda de Stroessner regres\u00f3 al Paraguay. En noviembre de 1989 recibi\u00f3 el Premio Cervantes.<\/p>\n<p class=\"biog\">Sus publicaciones posteriores incluyen las novelas\u00a0<i>Vigilia del almirante<\/i>\u00a0(1992),\u00a0<i>El fiscal<\/i>\u00a0(1993),\u00a0<i>Contravida<\/i>\u00a0(1994) y\u00a0<i>Madama Sui<\/i>\u00a0(1995). Tambi\u00e9n public\u00f3 piezas de teatro y numerosas antolog\u00edas de relatos como\u00a0<i>Los pies sobre el agua<\/i>\u00a0(1967),\u00a0<i>Cuerpo presente y otros cuentos<\/i>\u00a0(1971),\u00a0<i>Lucha hasta el alba<\/i>\u00a0(1979),\u00a0<i>Antolog\u00eda personal<\/i>\u00a0(1980) y\u00a0<i>Contar un cuento y otros relatos<\/i>\u00a0(1984).<\/p>\n<p class=\"citar\"><em><strong>C\u00f3mo citar este art\u00edculo:<\/strong><\/em><br \/>\n<em>Ruiza, M., Fern\u00e1ndez, T. y Tamaro, E. (2004).\u00a0<span id=\"perscita\">Biografia de Augusto Roa Bastos<\/span>. En\u00a0Biograf\u00edas y Vidas. La enciclopedia biogr\u00e1fica en l\u00ednea. Barcelona (Espa\u00f1a). Recuperado<\/em> .<\/p>\n","protected":false},"excerpt":{"rendered":"<p>Augusto Roa Bastos (Asunci\u00f3n, 1917 &#8211; 2005) Narrador y poeta paraguayo, sin duda el escritor de su pa\u00eds m\u00e1s importante del siglo XX y uno de los grandes novelistas de la literatura hispanoamericana. Pas\u00f3 su ni\u00f1ez en el pueblo de Iturbe, lugar que le sirvi\u00f3 de inspiraci\u00f3n para muchas de sus creaciones. En 1932 se [&hellip;]<\/p>\n","protected":false},"author":249,"featured_media":22399,"comment_status":"open","ping_status":"closed","sticky":false,"template":"","format":"standard","meta":{"footnotes":""},"categories":[30,11,64,27,12,28,26,9],"tags":[],"class_list":["post-22391","post","type-post","status-publish","format-standard","has-post-thumbnail","hentry","category-arte","category-fotografia","category-hispanoamerica","category-latinoamerica","category-libros","category-literatura","category-mundo","category-otros-lugares"],"_links":{"self":[{"href":"https:\/\/eloficiodehistoriar.com.mx\/index.php?rest_route=\/wp\/v2\/posts\/22391","targetHints":{"allow":["GET"]}}],"collection":[{"href":"https:\/\/eloficiodehistoriar.com.mx\/index.php?rest_route=\/wp\/v2\/posts"}],"about":[{"href":"https:\/\/eloficiodehistoriar.com.mx\/index.php?rest_route=\/wp\/v2\/types\/post"}],"author":[{"embeddable":true,"href":"https:\/\/eloficiodehistoriar.com.mx\/index.php?rest_route=\/wp\/v2\/users\/249"}],"replies":[{"embeddable":true,"href":"https:\/\/eloficiodehistoriar.com.mx\/index.php?rest_route=%2Fwp%2Fv2%2Fcomments&post=22391"}],"version-history":[{"count":1,"href":"https:\/\/eloficiodehistoriar.com.mx\/index.php?rest_route=\/wp\/v2\/posts\/22391\/revisions"}],"predecessor-version":[{"id":22392,"href":"https:\/\/eloficiodehistoriar.com.mx\/index.php?rest_route=\/wp\/v2\/posts\/22391\/revisions\/22392"}],"wp:featuredmedia":[{"embeddable":true,"href":"https:\/\/eloficiodehistoriar.com.mx\/index.php?rest_route=\/wp\/v2\/media\/22399"}],"wp:attachment":[{"href":"https:\/\/eloficiodehistoriar.com.mx\/index.php?rest_route=%2Fwp%2Fv2%2Fmedia&parent=22391"}],"wp:term":[{"taxonomy":"category","embeddable":true,"href":"https:\/\/eloficiodehistoriar.com.mx\/index.php?rest_route=%2Fwp%2Fv2%2Fcategories&post=22391"},{"taxonomy":"post_tag","embeddable":true,"href":"https:\/\/eloficiodehistoriar.com.mx\/index.php?rest_route=%2Fwp%2Fv2%2Ftags&post=22391"}],"curies":[{"name":"wp","href":"https:\/\/api.w.org\/{rel}","templated":true}]}}