{"id":22409,"date":"2021-06-10T09:37:42","date_gmt":"2021-06-10T15:37:42","guid":{"rendered":"https:\/\/eloficiodehistoriar.com.mx\/?p=22409"},"modified":"2021-06-16T23:40:52","modified_gmt":"2021-06-17T05:40:52","slug":"ramirez-de-la-o-relevara-a-arturo-herrera-en-hacienda-quien-sera-propuesto-para-el-bdem","status":"publish","type":"post","link":"https:\/\/eloficiodehistoriar.com.mx\/?p=22409","title":{"rendered":"Ram\u00edrez de la O relevar\u00e1 a Arturo Herrera en Hacienda, quien ser\u00e1 propuesto para el BdeM"},"content":{"rendered":"<p style=\"text-align: left;\">Ram\u00edrez de la O relevar\u00e1 a Arturo Herrera en Hacienda, quien ser\u00e1 propuesto para el BdeM<\/p>\n<p>Cambios, para mantener la pol\u00edtica que da buenos resultados: AMLO<\/p>\n<p>Hay garant\u00edas de seguir actuando con responsabilidad y honestidad, sin endeudar al pa\u00eds<\/p>\n<p>Fabiola Mart\u00ednez y N\u00e9stor Jim\u00e9nez<\/p>\n<p>La Jornada<\/p>\n<p>El presidente Andr\u00e9s Manuel L\u00f3pez Obrador propondr\u00e1 a Arturo Herrera como gobernador del Banco de M\u00e9xico (BdeM), quien ser\u00e1 remplazado en la Secretar\u00eda de Hacienda y Cr\u00e9dito P\u00fablico por Rogelio Ram\u00edrez de la O.<\/p>\n<p>Es un cambio para el bien de M\u00e9xico, dijo al hacer el anuncio que, en el caso de Herrera, deber\u00e1 ratificar el Senado de la Rep\u00fablica.<\/p>\n<p>Este movimiento, subray\u00f3, no debe generar nerviosismo o incertidumbre, porque hay garant\u00eda de seguir actuando con responsabilidad, sin endeudar al pa\u00eds, aplicando el gasto con austeridad y honestidad.<\/p>\n<p>Si bien el periodo de Alejandro D\u00edaz de Le\u00f3n en el BdeM concluye en diciembre, el mandatario anunci\u00f3 el cambio apenas se celebraron las elecciones intermedias, cuyos resultados, dan a su gobierno la tranquilidad (mayor\u00eda simple en la C\u00e1mara de Diputados) para contar con el presupuesto necesario para financiar los programas de desarrollo y bienestar, pero tambi\u00e9n para hacer la proyecci\u00f3n multianual hasta el cierre del sexenio.<\/p>\n<p>La propuesta para que Herrera sea el pr\u00f3ximo gobernador del banco central se anuncia 20 d\u00edas despu\u00e9s de que el Presidente descart\u00f3 la relecci\u00f3n de D\u00edaz de Le\u00f3n y, ante la prensa, anticipara su opci\u00f3n para el cargo en favor de un muy partidario de la econom\u00eda moral.<\/p>\n<p>Ayer, en un tuit, el mandatario reiter\u00f3 que no habr\u00e1 aumento de impuestos ni de gasolinas, di\u00e9sel, gas o luz, pero sobre todo ratific\u00f3 el destino de los recursos p\u00fablicos: primero los pobres.<\/p>\n<p>Adjunt\u00f3 un video de 11 minutos en el que aparece en Palacio Nacional, acompa\u00f1ado por Herrera y Ram\u00edrez de la O, en el que expone: \u00bfPor qu\u00e9 estos cambios? En lo fundamental, para mantener la estabilidad y la pol\u00edtica econ\u00f3mica que ha dado muy buenos resultados sin adquirir deuda para afrontar la pandemia.<\/p>\n<p>Explic\u00f3 que el peso se mantiene firme, hay equilibrio en otras variables de la econom\u00eda y se han podido liberar recursos para el desarrollo y el bienestar.<\/p>\n<p>Vamos a seguir apoyando a la gente humilde, a la gente pobre. Va a aumentar la pensi\u00f3n a los adultos mayores, van a crecer todos los programas de apoyo a la educaci\u00f3n, a la salud, y por eso este cambio, se\u00f1al\u00f3.<\/p>\n<p>Destac\u00f3 la trayectoria de Ram\u00edrez de la O, a quien se refiri\u00f3 como un hombre experimentado, serio que lo ha asesorado desde hace muchos a\u00f1os en c\u00f3mo hacer un gobierno eficiente, austero y sobrio, en el que el presupuesto llegue de manera directa a la gente.<\/p>\n<p>Ram\u00edrez de la O anticip\u00f3 que se ocupar\u00e1 de los encargos del Presidente: asegurar un sano balance fiscal con miras a 2024 y del financiamiento y actualizaci\u00f3n de cuentas en el sector energ\u00e9tico, pero, sobre todo, me anima mucho poder usar mis experiencias y mi esfuerzo para apoyar el proyecto de transformaci\u00f3n que est\u00e1 avanzando. Y fortalecer la cohesi\u00f3n social, reforzando las oportunidades para todos, especialmente para quienes menos tienen.<\/p>\n<p>Herrera agradeci\u00f3 al Presidente el cobijo recibido durante su trayectoria profesional y prometi\u00f3 cumplir con la futura encomienda.<\/p>\n<p>Presupuesto para 2022 y eventual reforma fiscal, tareas inmediatas del nuevo titular de la SHCP<\/p>\n<p>Dora Villanueva, Alejandro Alegr\u00eda y Julio Guti\u00e9rrez<\/p>\n<p>Sin sorpresas recibieron los mercados financieros, c\u00fapulas empresariales e instituciones financieras el anuncio de que Arturo Herrera Guti\u00e9rrez ser\u00e1 propuesto como gobernador del Banco de M\u00e9xico (BdeM). El ahora secretario de Hacienda y Cr\u00e9dito P\u00fablico dijo que estar\u00e1 en su cargo un mes m\u00e1s para acudir al encuentro del G-20 en el que se debatir\u00e1 el impuesto m\u00ednimo a multinacionales. Despu\u00e9s, a finales de julio, la dependencia quedar\u00e1 a cargo de Rogelio Ram\u00edrez de la O.<\/p>\n<p>Ser\u00e1 este \u00faltimo quien se encargar\u00e1 de integrar el paquete econ\u00f3mico para 2022 y tendr\u00e1 a su cargo el dise\u00f1o de una eventual reforma fiscal.<\/p>\n<p>La v\u00edspera, exactamente un mes despu\u00e9s de advertir que no ratificar\u00eda a Alejandro D\u00edaz de Le\u00f3n como gobernador del Banco de M\u00e9xico y buscar\u00eda en su lugar a un economista con dimensi\u00f3n moral, L\u00f3pez Obrador inform\u00f3 que propondr\u00e1 a su actual secretario de Hacienda, Arturo Herrera Guti\u00e9rrez, para ese puesto. Con ello, la dependencia encargada de las finanzas p\u00fablicas del pa\u00eds habr\u00e1 tenido tres titulares en menos de cuatro a\u00f1os.<\/p>\n<p>Tras el adelanto, analistas financieros e iniciativa privada consideraron que ambos funcionarios cuentan con las credenciales, experiencia t\u00e9cnica y confianza para desempe\u00f1ar sus nuevos cargos. El sector empresarial siempre buscar\u00e1 construir canales de colaboraci\u00f3n y sumar esfuerzos con usted en beneficio de los mexicanos, manifest\u00f3 el Consejo Coordinador Empresarial en reconocimiento a Herrera.<\/p>\n<p>Simulares fueron los pronunciamientos de la Confederaci\u00f3n de C\u00e1maras Industriales y la Confederaci\u00f3n Patronal de la Rep\u00fablica Mexicana, la cual conf\u00eda en que Ram\u00edrez de la O mantendr\u00e1 la interlocuci\u00f3n con todos los sectores, incluido el empresarial. Mientras la Confederaci\u00f3n de C\u00e1maras de Comercio Servicios y Turismo reconoci\u00f3 en el pr\u00f3ximo titular de Hacienda a un economista brillante y que ha estado muy cerca del Presidente desde hace muchos a\u00f1os.<\/p>\n<p>Ram\u00edrez de la O es consultor, analista econ\u00f3mico y director de la firma Ecanal, especializada en an\u00e1lisis econ\u00f3mico para el sector privado. En las campa\u00f1as de 2006 y 2012, el economista por la Universidad Nacional Aut\u00f3noma de M\u00e9xico y doctor en Econom\u00eda por la Universidad de Cambridge fue uno de los asesores m\u00e1s visibles en temas econ\u00f3micos del entonces candidato a la presidencia, L\u00f3pez Obrador, particip\u00f3 en el consejo de expertos de 2006, con el gobierno leg\u00edtimo, y en la campa\u00f1a de 2012 fue propuesto como titular de la Secretar\u00eda de Hacienda y Cr\u00e9dito P\u00fablico.<\/p>\n<p>Tras la noticia de ayer, se registr\u00f3 una ligera depreciaci\u00f3n del peso, unos cuantos centavos que en los siguientes minutos se fue revirtiendo, explic\u00f3 Jessica Rold\u00e1n, economista jefe de Finamex. Alberto G\u00f3mez Alcal\u00e1, director corporativo de estudios econ\u00f3micos de Citibanamex, asegur\u00f3 que la propuesta del Ejecutivo fue m\u00e1s que bienvenida en los mercados.<\/p>\n<p>Es una muy buena decisi\u00f3n que consolida el manejo profesional y responsable de la pol\u00edtica monetaria, financiera y fiscal del pa\u00eds, coment\u00f3.<\/p>\n<p>Las reacciones del mercado fueron acompa\u00f1adas por entrevistas radiof\u00f3nicas en las que Herrera rechaz\u00f3 que de llegar al Banco de M\u00e9xico se supedite al presidente L\u00f3pez Obrador. Agreg\u00f3 que el paso de la Secretar\u00eda de Hacienda al banco central es m\u00e1s o menos natural por el tipo de atribuciones. Como ejemplos mencion\u00f3 a Agust\u00edn Carstens y Guillermo Ortiz.<\/p>\n<p>El respeto irrestricto de la autonom\u00eda del banco central es uno de los anclajes m\u00e1s importantes de la estabilidad econ\u00f3mica y financiera. En dicho sentido, a m\u00ed me queda muy claro c\u00faal es la funci\u00f3n que, si me aprueba el Senado, estar\u00e9 tomando, y la importancia de defender la autonom\u00eda del Banco de M\u00e9xico. El presidente lo tiene claro, me conoce y creo que por eso decidi\u00f3 proponerme, puntualiz\u00f3.<\/p>\n<p>Agreg\u00f3 que en su visi\u00f3n de lo que debe hacer el BdeM, no entra por el momento el impulso al crecimiento, sino la atenci\u00f3n a los precios. Dijo que el modelo de objetivo \u00fanico atiende a las inflaciones de 100, 200, 60 por ciento que se tuvieron en la d\u00e9cada de los ochenta y 1995. Tal vez m\u00e1s adelante, en una d\u00e9cada o dos, cuando nuestro pa\u00eds y la econom\u00eda y el manejo de la pol\u00edtica econ\u00f3mica est\u00e9n m\u00e1s maduros, pudi\u00e9ramos movernos a un modelo como el que tiene Estados Unidos, pero por el momento, no. Estamos bien como estamos hoy<\/p>\n","protected":false},"excerpt":{"rendered":"<p>Ram\u00edrez de la O relevar\u00e1 a Arturo Herrera en Hacienda, quien ser\u00e1 propuesto para el BdeM Cambios, para mantener la pol\u00edtica que da buenos resultados: AMLO Hay garant\u00edas de seguir actuando con responsabilidad y honestidad, sin endeudar al pa\u00eds Fabiola Mart\u00ednez y N\u00e9stor Jim\u00e9nez La Jornada El presidente Andr\u00e9s Manuel L\u00f3pez Obrador propondr\u00e1 a Arturo [&hellip;]<\/p>\n","protected":false},"author":249,"featured_media":22452,"comment_status":"open","ping_status":"closed","sticky":false,"template":"","format":"standard","meta":{"footnotes":""},"categories":[24,27,69,26],"tags":[],"class_list":["post-22409","post","type-post","status-publish","format-standard","has-post-thumbnail","hentry","category-ciudad-de-mexico","category-latinoamerica","category-mexico","category-mundo"],"_links":{"self":[{"href":"https:\/\/eloficiodehistoriar.com.mx\/index.php?rest_route=\/wp\/v2\/posts\/22409","targetHints":{"allow":["GET"]}}],"collection":[{"href":"https:\/\/eloficiodehistoriar.com.mx\/index.php?rest_route=\/wp\/v2\/posts"}],"about":[{"href":"https:\/\/eloficiodehistoriar.com.mx\/index.php?rest_route=\/wp\/v2\/types\/post"}],"author":[{"embeddable":true,"href":"https:\/\/eloficiodehistoriar.com.mx\/index.php?rest_route=\/wp\/v2\/users\/249"}],"replies":[{"embeddable":true,"href":"https:\/\/eloficiodehistoriar.com.mx\/index.php?rest_route=%2Fwp%2Fv2%2Fcomments&post=22409"}],"version-history":[{"count":1,"href":"https:\/\/eloficiodehistoriar.com.mx\/index.php?rest_route=\/wp\/v2\/posts\/22409\/revisions"}],"predecessor-version":[{"id":22410,"href":"https:\/\/eloficiodehistoriar.com.mx\/index.php?rest_route=\/wp\/v2\/posts\/22409\/revisions\/22410"}],"wp:featuredmedia":[{"embeddable":true,"href":"https:\/\/eloficiodehistoriar.com.mx\/index.php?rest_route=\/wp\/v2\/media\/22452"}],"wp:attachment":[{"href":"https:\/\/eloficiodehistoriar.com.mx\/index.php?rest_route=%2Fwp%2Fv2%2Fmedia&parent=22409"}],"wp:term":[{"taxonomy":"category","embeddable":true,"href":"https:\/\/eloficiodehistoriar.com.mx\/index.php?rest_route=%2Fwp%2Fv2%2Fcategories&post=22409"},{"taxonomy":"post_tag","embeddable":true,"href":"https:\/\/eloficiodehistoriar.com.mx\/index.php?rest_route=%2Fwp%2Fv2%2Ftags&post=22409"}],"curies":[{"name":"wp","href":"https:\/\/api.w.org\/{rel}","templated":true}]}}