{"id":22411,"date":"2021-06-10T09:40:38","date_gmt":"2021-06-10T15:40:38","guid":{"rendered":"https:\/\/eloficiodehistoriar.com.mx\/?p=22411"},"modified":"2021-06-16T23:31:59","modified_gmt":"2021-06-17T05:31:59","slug":"crecer-en-la-democracia-honrando-la-voluntad-del-pueblo-obispos","status":"publish","type":"post","link":"https:\/\/eloficiodehistoriar.com.mx\/?p=22411","title":{"rendered":"\u201cCrecer en la democracia honrando la voluntad del pueblo\u201d. Obispos"},"content":{"rendered":"<p>\u201cCrecer en la democracia honrando la voluntad del pueblo\u201d.<\/p>\n<p>\u201cUna participaci\u00f3n ciudadana cada vez m\u00e1s madura y organizada da se\u00f1ales de la toma de conciencia de que los asuntos p\u00fablicos son responsabilidad de todos\u201d (PGP 61).<\/p>\n<p>El d\u00eda de ayer hemos ejercido, como buenos cristianos y ciudadanos, el derecho y deber de votar por el bien de nuestra Naci\u00f3n. Por ello, felicitamos a todo el pueblo mexicano, y apreciamos la madurez de este ejercicio social, manifestada en la amplia participaci\u00f3n ciudadana y en el respeto a nuestras instituciones electorales.<\/p>\n<p>Sin embargo, tambi\u00e9n tenemos en cuenta que ha sido un proceso pol\u00edtico marcado por una fuerte violencia, por lo que elevamos nuestras oraciones por aquellos y aquellas, que, asumiendo la vocaci\u00f3n pol\u00edtica, y enarbolado sue\u00f1os por un M\u00e9xico mejor, han sido agredidos o les ha sido arrebatada su vida.<\/p>\n<p>Invitamos a todos, tanto a las fuerzas pol\u00edticas, a gobernantes como a miembros de la sociedad civil, a respetar los resultados del proceso electoral manifestados a trav\u00e9s del voto, a retomar el di\u00e1logo y a encontrar caminos conjuntos m\u00e1s all\u00e1 de las diferencias partidistas.<\/p>\n<p>Exhortamos a que las candidatas y los candidatos electos para los servicios p\u00fablicos, honren la voluntad del pueblo, trabajen por la unidad, el desarrollo integral y la dignidad de los que habitamos en esta Patria.<\/p>\n<p>Recordamos a los gobernantes que, urge \u201crecuperar la confianza de los ciudadanos y el verdadero sentido de la pol\u00edtica, como esa b\u00fasqueda continua del bien com\u00fan que nos lleva a construir sociedades justas y en paz\u201d (PGP 62).<br \/>\nY a los ciudadanos, les decimos: \u201cque la democracia no termina emitiendo nuestro voto, sino que es necesario dar seguimiento a este proceso, exigir el cumplimiento de las promesas de campa\u00f1a y pedir la rendici\u00f3n de cuentas de manera transparente, deber al que todo pol\u00edtico est\u00e1 obligado\u201d (PGP 62).<\/p>\n<p>Los obispos mexicanos ofrecemos nuestra colaboraci\u00f3n con las instancias que articulan la din\u00e1mica p\u00fablica, para enfrentar los retos que plantea nuestra naci\u00f3n, ampliando perspectivas, y procurando \u201cque haya trabajo digno, educaci\u00f3n y cuidado de la salud para todos los ciudadanos\u201d (Cfr. EG 205).<\/p>\n<p>Que Santa Mar\u00eda de Guadalupe, Madre del verdadero Dios por qui\u00e9n se vive, custodie y bendiga a todo el pueblo que peregrina por nuestro suelo mexicano.<\/p>\n<p>&nbsp;<\/p>\n<p>? Rogelio Cabrera L\u00f3pez<br \/>\nArzobispo de Monterrey<\/p>\n<p>Presidente de la CEM<\/p>\n<p>&nbsp;<\/p>\n<p>?Alfonso G. Miranda Guardiola<br \/>\nObispo Auxiliar de Monterrey<br \/>\nSecretario General de la CEM<\/p>\n<p>&nbsp;<\/p>\n","protected":false},"excerpt":{"rendered":"<p>\u201cCrecer en la democracia honrando la voluntad del pueblo\u201d. \u201cUna participaci\u00f3n ciudadana cada vez m\u00e1s madura y organizada da se\u00f1ales de la toma de conciencia de que los asuntos p\u00fablicos son responsabilidad de todos\u201d (PGP 61). El d\u00eda de ayer hemos ejercido, como buenos cristianos y ciudadanos, el derecho y deber de votar por el [&hellip;]<\/p>\n","protected":false},"author":249,"featured_media":22441,"comment_status":"open","ping_status":"closed","sticky":false,"template":"","format":"standard","meta":{"footnotes":""},"categories":[64,10,27,26],"tags":[],"class_list":["post-22411","post","type-post","status-publish","format-standard","has-post-thumbnail","hentry","category-hispanoamerica","category-historia","category-latinoamerica","category-mundo"],"_links":{"self":[{"href":"https:\/\/eloficiodehistoriar.com.mx\/index.php?rest_route=\/wp\/v2\/posts\/22411","targetHints":{"allow":["GET"]}}],"collection":[{"href":"https:\/\/eloficiodehistoriar.com.mx\/index.php?rest_route=\/wp\/v2\/posts"}],"about":[{"href":"https:\/\/eloficiodehistoriar.com.mx\/index.php?rest_route=\/wp\/v2\/types\/post"}],"author":[{"embeddable":true,"href":"https:\/\/eloficiodehistoriar.com.mx\/index.php?rest_route=\/wp\/v2\/users\/249"}],"replies":[{"embeddable":true,"href":"https:\/\/eloficiodehistoriar.com.mx\/index.php?rest_route=%2Fwp%2Fv2%2Fcomments&post=22411"}],"version-history":[{"count":1,"href":"https:\/\/eloficiodehistoriar.com.mx\/index.php?rest_route=\/wp\/v2\/posts\/22411\/revisions"}],"predecessor-version":[{"id":22412,"href":"https:\/\/eloficiodehistoriar.com.mx\/index.php?rest_route=\/wp\/v2\/posts\/22411\/revisions\/22412"}],"wp:featuredmedia":[{"embeddable":true,"href":"https:\/\/eloficiodehistoriar.com.mx\/index.php?rest_route=\/wp\/v2\/media\/22441"}],"wp:attachment":[{"href":"https:\/\/eloficiodehistoriar.com.mx\/index.php?rest_route=%2Fwp%2Fv2%2Fmedia&parent=22411"}],"wp:term":[{"taxonomy":"category","embeddable":true,"href":"https:\/\/eloficiodehistoriar.com.mx\/index.php?rest_route=%2Fwp%2Fv2%2Fcategories&post=22411"},{"taxonomy":"post_tag","embeddable":true,"href":"https:\/\/eloficiodehistoriar.com.mx\/index.php?rest_route=%2Fwp%2Fv2%2Ftags&post=22411"}],"curies":[{"name":"wp","href":"https:\/\/api.w.org\/{rel}","templated":true}]}}