{"id":22415,"date":"2021-06-10T09:53:50","date_gmt":"2021-06-10T15:53:50","guid":{"rendered":"https:\/\/eloficiodehistoriar.com.mx\/?p=22415"},"modified":"2021-06-16T23:27:38","modified_gmt":"2021-06-17T05:27:38","slug":"50-anos-de-la-matanza-del-10-de-junio-la-cronica-del-ataque","status":"publish","type":"post","link":"https:\/\/eloficiodehistoriar.com.mx\/?p=22415","title":{"rendered":"50 a\u00f1os de la matanza del 10 de junio: La cr\u00f3nica del ataque."},"content":{"rendered":"<p>50 a\u00f1os de la matanza del 10 de junio: La cr\u00f3nica del ataque, a partir de fichas de la DGIPS<\/p>\n<p>Agentes desplegados en inmediaciones del Casco de Santo Tom\u00e1s informaron de manera puntual sobre la represi\u00f3n de que fue objeto la marcha estudiantil del 10 de junio de 1971. Cada 10 minutos emitieron reportes que muestran la responsabilidad de Los Halcones y la complicidad de los cuerpos policiacos<\/p>\n<p>50 a\u00f1os de la matanza del 10 de junio: La cr\u00f3nica del ataque, a partir de fichas de la DGIPS Halcones. Represi\u00f3n de Estado .<\/p>\n<p>REVISTA PROCESO<\/p>\n<p>Por Homero Campa<\/p>\n<p>Agentes de la Direcci\u00f3n General de Investigaciones Pol\u00edticas y Sociales, desplegados en el \u00e1rea del Casco de Santo Tom\u00e1s y de las avenidas De los Maestros y M\u00e9xico-Tacuba, informaron de manera puntual sobre la represi\u00f3n de que fue objeto la marcha estudiantil del 10 de junio de 1971. Sus reportes, transmitidos en promedio cada 10 minutos, quedaron consignados en escuetas fichas informativas que muestran de manera clara la responsabilidad del grupo paramilitar Los Halcones y la complicidad de los cuerpos policiacos en los hechos sangrientos de aquel Jueves de Corpus.<\/p>\n<p>CIUDAD DE M\u00c9XICO (proceso).-<\/p>\n<p>A las 17:10 horas \u201clos estudiantes que iniciaron la manifestaci\u00f3n van sobre la Avenida de los Maestros lanzando porras a la Universidad y al Polit\u00e9cnico, y gritando \u2018Echeverr\u00eda buey\u2019\u201d, al tiempo que \u201ccontingentes de aproximadamente 5 mil personas se dirigen hacia la calzada M\u00e9xico Tacuba\u201d.<\/p>\n<p>A 45 a\u00f1os del Halconazo<\/p>\n<p>En ese mismo momento, pero en la calle D\u00edaz Mir\u00f3n y Avenida de los Maestros, \u201cun grupo de 15 granaderos armados con fusiles y bombas lacrim\u00f3genas intentan dispersar al contingente, sin lograrlo y sin llegar a enfrentarse con los estudiantes, quienes contin\u00faan su marcha\u201d.<\/p>\n<p>Desplegados en puntos estrat\u00e9gicos del Casco de Santo Tom\u00e1s, de la calle Lauro Aguirre, la Avenida de los Maestros, R\u00edo Consulado y del \u00e1rea donde \u00e9stas convergen con la avenida M\u00e9xico-Tacuba, agentes de la hoy extinta Direcci\u00f3n General de Investigaciones Pol\u00edticas y Sociales (DGIPS) \u2013antecesora del Cisen y del CNI\u2013 reportaron puntualmente la represi\u00f3n de que fue objeto la marcha estudiantil del 10 de junio de 1971, cuyo saldo fue de decenas de heridos y un n\u00famero indeterminado de muertos (la historiadora \u00c1ngeles Magdaleno reporta 32, La Femospp consign\u00f3 45, otras fuentes calcularon m\u00e1s de 50).<\/p>\n<p>Lo hicieron en fichas informativas que transmitieron en promedio cada 10 minutos a sus superiores: el secretario y el subsecretario de Gobernaci\u00f3n, Mario Moya Palencia y Fernando Guti\u00e9rrez Barrios, respectivamente.<\/p>\n<p>La redacci\u00f3n de esas fichas es sucinta; en \u00e9stas se narran los hechos, sin abundar en detalles sobre los mismos, pero los datos que transmiten muestran de manera clara la responsabilidad del grupo paramilitar Los Halcones y la complicidad de los cuerpos policiacos en los hechos sangrientos del Jueves de Corpus de 1971. Son tambi\u00e9n un desmentido m\u00e1s al entonces presidente Luis Echeverr\u00eda y a sus principales funcionarios, quienes al d\u00eda siguiente negaron incluso la existencia de Los Halcones \u2013\u201cson una leyenda\u201d, declar\u00f3 el entonces regente del Departamento del Distrito Federal, Alfonso Mart\u00ednez Dom\u00ednguez\u2013 y se comprometieron con una investigaci\u00f3n que nunca llevaron a cabo.<\/p>\n<p>El historiador Enrique Cond\u00e9s Lara encontr\u00f3 esas fichas en el volumen 1975, expediente No. 8 del Fondo IPS, depositado en la Galer\u00eda 2 del Archivo General de la Naci\u00f3n. Las escane\u00f3 y las reprodujo \u00edntegramente en el libro Los papeles secretos del 10 de junio de 1971, que la organizaci\u00f3n Reflexi\u00f3n Abierta, A.C., public\u00f3 en junio de 2002.<\/p>\n","protected":false},"excerpt":{"rendered":"<p>50 a\u00f1os de la matanza del 10 de junio: La cr\u00f3nica del ataque, a partir de fichas de la DGIPS Agentes desplegados en inmediaciones del Casco de Santo Tom\u00e1s informaron de manera puntual sobre la represi\u00f3n de que fue objeto la marcha estudiantil del 10 de junio de 1971. Cada 10 minutos emitieron reportes que [&hellip;]<\/p>\n","protected":false},"author":249,"featured_media":22433,"comment_status":"open","ping_status":"closed","sticky":false,"template":"","format":"standard","meta":{"footnotes":""},"categories":[11,64,10,27,69,26],"tags":[],"class_list":["post-22415","post","type-post","status-publish","format-standard","has-post-thumbnail","hentry","category-fotografia","category-hispanoamerica","category-historia","category-latinoamerica","category-mexico","category-mundo"],"_links":{"self":[{"href":"https:\/\/eloficiodehistoriar.com.mx\/index.php?rest_route=\/wp\/v2\/posts\/22415","targetHints":{"allow":["GET"]}}],"collection":[{"href":"https:\/\/eloficiodehistoriar.com.mx\/index.php?rest_route=\/wp\/v2\/posts"}],"about":[{"href":"https:\/\/eloficiodehistoriar.com.mx\/index.php?rest_route=\/wp\/v2\/types\/post"}],"author":[{"embeddable":true,"href":"https:\/\/eloficiodehistoriar.com.mx\/index.php?rest_route=\/wp\/v2\/users\/249"}],"replies":[{"embeddable":true,"href":"https:\/\/eloficiodehistoriar.com.mx\/index.php?rest_route=%2Fwp%2Fv2%2Fcomments&post=22415"}],"version-history":[{"count":1,"href":"https:\/\/eloficiodehistoriar.com.mx\/index.php?rest_route=\/wp\/v2\/posts\/22415\/revisions"}],"predecessor-version":[{"id":22416,"href":"https:\/\/eloficiodehistoriar.com.mx\/index.php?rest_route=\/wp\/v2\/posts\/22415\/revisions\/22416"}],"wp:featuredmedia":[{"embeddable":true,"href":"https:\/\/eloficiodehistoriar.com.mx\/index.php?rest_route=\/wp\/v2\/media\/22433"}],"wp:attachment":[{"href":"https:\/\/eloficiodehistoriar.com.mx\/index.php?rest_route=%2Fwp%2Fv2%2Fmedia&parent=22415"}],"wp:term":[{"taxonomy":"category","embeddable":true,"href":"https:\/\/eloficiodehistoriar.com.mx\/index.php?rest_route=%2Fwp%2Fv2%2Fcategories&post=22415"},{"taxonomy":"post_tag","embeddable":true,"href":"https:\/\/eloficiodehistoriar.com.mx\/index.php?rest_route=%2Fwp%2Fv2%2Ftags&post=22415"}],"curies":[{"name":"wp","href":"https:\/\/api.w.org\/{rel}","templated":true}]}}