{"id":22417,"date":"2021-06-16T10:02:47","date_gmt":"2021-06-16T16:02:47","guid":{"rendered":"https:\/\/eloficiodehistoriar.com.mx\/?p=22417"},"modified":"2021-06-16T23:24:19","modified_gmt":"2021-06-17T05:24:19","slug":"22417","status":"publish","type":"post","link":"https:\/\/eloficiodehistoriar.com.mx\/?p=22417","title":{"rendered":"Deben entregarse pasaportes a Los Zapatistas"},"content":{"rendered":"<p>Ordena AMLO revisar la negativa de entregar pasaportes a zapatistas<\/p>\n<p>Enrique M\u00e9ndez y Roberto Gardu\u00f1o<\/p>\n<p>La Jornada<\/p>\n<p>El presidente Andr\u00e9s Manuel L\u00f3pez Obrador dio instrucciones \u2013ayer por la ma\u00f1ana\u2013 a su secretario de Relaciones Exteriores, Marcelo Ebrard, para atender de inmediato la negativa de expedir pasaportes a la delegaci\u00f3n zapatista que contempla viajar a Europa.<\/p>\n<p>En el Sal\u00f3n Tesorer\u00eda de Palacio Nacional el jefe del Ejecutivo se ocup\u00f3 del hecho al indicar que su gobierno no cierra la puerta a nadie. Estoy refiri\u00e9ndome a extranjeros, o a dirigentes sindicales for\u00e1neos, o a legisladores de otros pa\u00edses, o a funcionarios no mexicanos, pues es lo mismo y un poco m\u00e1s en el caso de los connacionales, o sea, que pueden salir libremente del pa\u00eds, primero caminar con libertad por M\u00e9xico, pero tambi\u00e9n salir del pa\u00eds.<\/p>\n<p>Como inform\u00f3 este diario, los integrantes del Ej\u00e9rcito Zapatista de Liberaci\u00f3n Nacional (EZLN) fueron tratados con desd\u00e9n por los servidores de la Secretar\u00eda de Relaciones Exteriores (SRE), circunstancia que, al ser conocida por el mandatario, recibi\u00f3 respuesta.<\/p>\n<p>Desde el atril de la comparecencia ante los medios, volte\u00f3 hacia su funcionario que le acompa\u00f1aba para hablar sobre el flujo de vacunas contra el Covid 19, y con el \u00edndice le record\u00f3: \u201cAyer se dio a conocer que se le neg\u00f3 un pasaporte o varios pasaportes a una comisi\u00f3n de ind\u00edgenas zapatistas que van a Europa. Hoy en la ma\u00f1ana me enter\u00e9 sobre esto y ya di instrucciones al secretario de Relaciones Exteriores para que se revise por qu\u00e9 no se les entregaron los pasaportes y que de inmediato se atienda, y que no se limite a nadie, mucho menos a nuestros hermanos compa\u00f1eros ind\u00edgenas para poder salir del pa\u00eds.<\/p>\n<p>Hoy mismo vamos a aclarar esta situaci\u00f3n, pero, independientemente de lo que haya sucedido, si se cometi\u00f3 un error, se va a resolver para que tengan la posibilidad de viajar sin ning\u00fan problema y se les ayude, se les facilite, porque nosotros no somos autoritarios, no somos antidemocr\u00e1ticos, somos respetuosos de las libertades para todos.<\/p>\n<p>La SRE aplicar\u00e1 el tr\u00e1mite habitual<\/p>\n<p>Por la noche, sin aclarar o justificar por qu\u00e9 se neg\u00f3 el pasaporte a los zapatistas, la SRE se comprometi\u00f3 a atender la solicitud de manera inmediata conforme a las disposiciones legales aplicables en la materia y en respeto irrestricto a sus derechos humanos. Varias horas despu\u00e9s de que el Presidente diera la instrucci\u00f3n de revisar las denuncias, la dependencia a cargo de Marcelo Ebrard deline\u00f3 varios procesos para cumplir con la diligencia.<\/p>\n<p>Para ello necesitar\u00e1 revisar y verificar la documentaci\u00f3n y entrevistarlos, esto, dijo, con fundamento en las normas aplicables. Una vez zanjado ese proceso, les comunicar\u00e1 a la brevedad cualquier resoluci\u00f3n respecto a la emisi\u00f3n del documento.<\/p>\n<p>&nbsp;<\/p>\n","protected":false},"excerpt":{"rendered":"<p>Ordena AMLO revisar la negativa de entregar pasaportes a zapatistas Enrique M\u00e9ndez y Roberto Gardu\u00f1o La Jornada El presidente Andr\u00e9s Manuel L\u00f3pez Obrador dio instrucciones \u2013ayer por la ma\u00f1ana\u2013 a su secretario de Relaciones Exteriores, Marcelo Ebrard, para atender de inmediato la negativa de expedir pasaportes a la delegaci\u00f3n zapatista que contempla viajar a Europa. [&hellip;]<\/p>\n","protected":false},"author":249,"featured_media":22442,"comment_status":"open","ping_status":"closed","sticky":false,"template":"","format":"standard","meta":{"footnotes":""},"categories":[10,27,69,26,59],"tags":[],"class_list":["post-22417","post","type-post","status-publish","format-standard","has-post-thumbnail","hentry","category-historia","category-latinoamerica","category-mexico","category-mundo","category-noticias"],"_links":{"self":[{"href":"https:\/\/eloficiodehistoriar.com.mx\/index.php?rest_route=\/wp\/v2\/posts\/22417","targetHints":{"allow":["GET"]}}],"collection":[{"href":"https:\/\/eloficiodehistoriar.com.mx\/index.php?rest_route=\/wp\/v2\/posts"}],"about":[{"href":"https:\/\/eloficiodehistoriar.com.mx\/index.php?rest_route=\/wp\/v2\/types\/post"}],"author":[{"embeddable":true,"href":"https:\/\/eloficiodehistoriar.com.mx\/index.php?rest_route=\/wp\/v2\/users\/249"}],"replies":[{"embeddable":true,"href":"https:\/\/eloficiodehistoriar.com.mx\/index.php?rest_route=%2Fwp%2Fv2%2Fcomments&post=22417"}],"version-history":[{"count":2,"href":"https:\/\/eloficiodehistoriar.com.mx\/index.php?rest_route=\/wp\/v2\/posts\/22417\/revisions"}],"predecessor-version":[{"id":22419,"href":"https:\/\/eloficiodehistoriar.com.mx\/index.php?rest_route=\/wp\/v2\/posts\/22417\/revisions\/22419"}],"wp:featuredmedia":[{"embeddable":true,"href":"https:\/\/eloficiodehistoriar.com.mx\/index.php?rest_route=\/wp\/v2\/media\/22442"}],"wp:attachment":[{"href":"https:\/\/eloficiodehistoriar.com.mx\/index.php?rest_route=%2Fwp%2Fv2%2Fmedia&parent=22417"}],"wp:term":[{"taxonomy":"category","embeddable":true,"href":"https:\/\/eloficiodehistoriar.com.mx\/index.php?rest_route=%2Fwp%2Fv2%2Fcategories&post=22417"},{"taxonomy":"post_tag","embeddable":true,"href":"https:\/\/eloficiodehistoriar.com.mx\/index.php?rest_route=%2Fwp%2Fv2%2Ftags&post=22417"}],"curies":[{"name":"wp","href":"https:\/\/api.w.org\/{rel}","templated":true}]}}