{"id":22420,"date":"2021-06-16T10:05:57","date_gmt":"2021-06-16T16:05:57","guid":{"rendered":"https:\/\/eloficiodehistoriar.com.mx\/?p=22420"},"modified":"2021-06-16T23:22:09","modified_gmt":"2021-06-17T05:22:09","slug":"hoy-peritaje-noruego-del-accidente-de-la-linea-12-del-metro","status":"publish","type":"post","link":"https:\/\/eloficiodehistoriar.com.mx\/?p=22420","title":{"rendered":"Hoy peritaje noruego del accidente de la l\u00ednea 12 del Metro"},"content":{"rendered":"<div class=\"sumarios\">\n<p>Atender a v\u00edctimas, prioridad: Sheinbaum<\/p>\n<\/div>\n<div class=\"cabeza\">DNV dar\u00e1 a conocer hoy el primer peritaje sobre la ca\u00edda de trabe en L12<\/div>\n<div class=\"sumarios\">\n<p>Corresponde a la fiscal\u00eda capitalina investigar si hubo filtraci\u00f3n de informaci\u00f3n, se\u00f1ala la jefa de Gobierno<\/p>\n<\/div>\n<div id=\"article-text\" class=\"text\">\n<div class=\"foto\">\n<div class=\"pie-foto\"><\/div>\n<\/div>\n<div class=\"col col1\">\n<div class=\"credito-autor\">Roc\u00edo Gonz\u00e1lez Alvarado<\/div>\n<div class=\"credito-titulo\"><\/div>\n<div class=\"hemero\">\n<p>La Jornada<\/p>\n<\/div>\n<p class=\"s-s\">Este mi\u00e9rcoles se dar\u00e1 a conocer el primer dictamen de la empresa DNV sobre las causas del desplome de una trabe en la interestaci\u00f3n Tezonco-Olivos de la l\u00ednea 12 del Metro, el 3 de mayo.<\/p>\n<p>La mandataria capitalina, Claudia Sheinbaum Pardo, reiter\u00f3 que no es pol\u00edtica de su gobierno andar filtrando noticias, ya que siempre se da la informaci\u00f3n de manera directa, por lo que si hubo alguna filtraci\u00f3n, la Fiscal\u00eda General de Justicia capitalina tendr\u00e1 que hacer su investigaci\u00f3n, porque es la que ten\u00eda resguardada la zona del accidente.<\/p>\n<p>Coment\u00f3 que continuar\u00e1 hablando de la l\u00ednea 12 por la atenci\u00f3n que se est\u00e1 dando a las v\u00edctimas y debido a los trabajos para su reparaci\u00f3n, pero, acot\u00f3,\u00a0<q>en esta confrontaci\u00f3n pol\u00edtica a la que nos quieren llevar, ah\u00ed s\u00ed no, no vamos a entrar, porque eso no nos lleva a nada y, adem\u00e1s, me parece que no tiene sentido politizar este tema<\/q>, insisti\u00f3.<\/p>\n<p><q>Es importante que se conozca el dictamen que realiz\u00f3 la empresa noruega DNV, porque a veces hay muy mala informaci\u00f3n<\/q>, sostuvo, al se\u00f1alar que este d\u00eda, adem\u00e1s, se adelantar\u00e1n algunas de las acciones de lo que viene a futuro para la llamada\u00a0<em>l\u00ednea dorada.<\/em><\/p>\n<p>Respecto de las sanciones a los posibles responsables del desplome, indic\u00f3 que esa es una tarea que le corresponde a la fiscal\u00eda capitalina y lo que compete a su administraci\u00f3n es atender a las v\u00edctimas, que han recibido todo el apoyo del gobierno, y echar a andar la l\u00ednea 12, pero de forma segura para que no vuelva a ocurrir una tragedia como la vivida.<\/p>\n<\/div>\n<div class=\"col col2\">\n<p>En la inauguraci\u00f3n de una planta potabilizadora en la alcald\u00eda Iztacalco, la mandataria insisti\u00f3 en la importancia de continuar informando sobre lo que significa la Cuarta Transformaci\u00f3n, pues en algunos lugares se \u201cfueron con la finta de la campa\u00f1a de odio que hubo en muchos lugares, muchas mentiras y falsa informaci\u00f3n.<\/p>\n<p><q>Que la gente no se vaya por esta mala informaci\u00f3n y que se conozca realmente y se recuerde lo que hab\u00eda antes: el r\u00e9gimen de corrupci\u00f3n.<\/q><\/p>\n<p>Destac\u00f3 que, pese a que cayeron los ingresos en la ciudad durante la pandemia, no se aumentaron impuestos, se atendi\u00f3 la crisis sanitaria y se contin\u00faan haciendo obras p\u00fablicas.<\/p>\n<p>Apunt\u00f3 que no se pueden olvidar todos los programas sociales que ha impulsado este gobierno, como el de la pensi\u00f3n a adultos mayores y las becas para estudiantes, entre otros, debido a que se gobierna con una visi\u00f3n distinta.<\/p>\n<\/div>\n<\/div>\n<div class=\"go gui\">\n<div class=\"go-prev\"><a id=\"page_link_prev\" href=\"https:\/\/www.jornada.com.mx\/2021\/06\/16\/capital\/029n4cap\">A nterior<\/a><\/div>\n<div class=\"go-next\"><a id=\"page_link_next\" href=\"https:\/\/www.jornada.com.mx\/2021\/06\/16\/capital\/030n2cap\">S iguiente<\/a><\/div>\n<div class=\"go-up\"><a href=\"https:\/\/www.jornada.com.mx\/2021\/06\/16\/capital\/030n1cap#texto\">Subir al inicio del texto<\/a><\/div>\n<\/div>\n<div id=\"comentarios\"><\/div>\n","protected":false},"excerpt":{"rendered":"<p>Atender a v\u00edctimas, prioridad: Sheinbaum DNV dar\u00e1 a conocer hoy el primer peritaje sobre la ca\u00edda de trabe en L12 Corresponde a la fiscal\u00eda capitalina investigar si hubo filtraci\u00f3n de informaci\u00f3n, se\u00f1ala la jefa de Gobierno Roc\u00edo Gonz\u00e1lez Alvarado La Jornada Este mi\u00e9rcoles se dar\u00e1 a conocer el primer dictamen de la empresa DNV sobre [&hellip;]<\/p>\n","protected":false},"author":249,"featured_media":22439,"comment_status":"open","ping_status":"closed","sticky":false,"template":"","format":"standard","meta":{"footnotes":""},"categories":[24,26,59],"tags":[],"class_list":["post-22420","post","type-post","status-publish","format-standard","has-post-thumbnail","hentry","category-ciudad-de-mexico","category-mundo","category-noticias"],"_links":{"self":[{"href":"https:\/\/eloficiodehistoriar.com.mx\/index.php?rest_route=\/wp\/v2\/posts\/22420","targetHints":{"allow":["GET"]}}],"collection":[{"href":"https:\/\/eloficiodehistoriar.com.mx\/index.php?rest_route=\/wp\/v2\/posts"}],"about":[{"href":"https:\/\/eloficiodehistoriar.com.mx\/index.php?rest_route=\/wp\/v2\/types\/post"}],"author":[{"embeddable":true,"href":"https:\/\/eloficiodehistoriar.com.mx\/index.php?rest_route=\/wp\/v2\/users\/249"}],"replies":[{"embeddable":true,"href":"https:\/\/eloficiodehistoriar.com.mx\/index.php?rest_route=%2Fwp%2Fv2%2Fcomments&post=22420"}],"version-history":[{"count":2,"href":"https:\/\/eloficiodehistoriar.com.mx\/index.php?rest_route=\/wp\/v2\/posts\/22420\/revisions"}],"predecessor-version":[{"id":22447,"href":"https:\/\/eloficiodehistoriar.com.mx\/index.php?rest_route=\/wp\/v2\/posts\/22420\/revisions\/22447"}],"wp:featuredmedia":[{"embeddable":true,"href":"https:\/\/eloficiodehistoriar.com.mx\/index.php?rest_route=\/wp\/v2\/media\/22439"}],"wp:attachment":[{"href":"https:\/\/eloficiodehistoriar.com.mx\/index.php?rest_route=%2Fwp%2Fv2%2Fmedia&parent=22420"}],"wp:term":[{"taxonomy":"category","embeddable":true,"href":"https:\/\/eloficiodehistoriar.com.mx\/index.php?rest_route=%2Fwp%2Fv2%2Fcategories&post=22420"},{"taxonomy":"post_tag","embeddable":true,"href":"https:\/\/eloficiodehistoriar.com.mx\/index.php?rest_route=%2Fwp%2Fv2%2Ftags&post=22420"}],"curies":[{"name":"wp","href":"https:\/\/api.w.org\/{rel}","templated":true}]}}