{"id":22424,"date":"2021-06-16T10:12:11","date_gmt":"2021-06-16T16:12:11","guid":{"rendered":"https:\/\/eloficiodehistoriar.com.mx\/?p=22424"},"modified":"2021-06-16T23:17:55","modified_gmt":"2021-06-17T05:17:55","slug":"argentina-mhijo-el-dotor","status":"publish","type":"post","link":"https:\/\/eloficiodehistoriar.com.mx\/?p=22424","title":{"rendered":"Argentina: \u201cM\u2019hijo, el dotor\u201d"},"content":{"rendered":"<p>Argentina: \u201cM\u2019hijo, el dotor\u201d<\/p>\n<p>Jos\u00e9 Steinsleger<\/p>\n<p>Mostrar sin demostrar su cultura es una obsesi\u00f3n del argentino promedio. Si usted, por ejemplo, presenta en Buenos Aires un libro sobre filolog\u00eda rom\u00e1nica, a la hora del vino de honor alguien le comentar\u00e1 que desciende de italianos. Pero si usted es arque\u00f3logo, no faltar\u00e1 quien requiera su opini\u00f3n sobre la maldici\u00f3n de Tutankam\u00f3n. As\u00ed, nunca, nunca, nunca (ojo: nunca), dude de que el argentino promedio es culto por definici\u00f3n. Y nunca (\u00bfse entiende?) intente ganarle en una discusi\u00f3n. Mucho cuidado.<\/p>\n<p>En el siglo pasado, ning\u00fan argentino escap\u00f3 al formateo mental de Billiken, la centenaria revista para ni\u00f1os inspirada en la cult\u00edsima generaci\u00f3n del 80. Billiken transmit\u00eda mensajes amablemente clasistas y euroc\u00e9ntricos. Por ejemplo, en las ediciones que celebraban el 12 de octubre (D\u00eda de la Raza), Billiken inclu\u00eda im\u00e1genes con indios, barcos, y conquistadores buena onda.<\/p>\n<p>\u00bfInfancia es destino? Usaba pantalones cuando mi abuelo materno (hijo de asturianos), me llev\u00f3 a ver M\u2019hijo el dotor. Una comedia de Florencio S\u00e1nchez (1875-1910) que, a inicios del siglo pasado, peg\u00f3 fuerte en el imaginario de los inmigrantes esperanzados en que sus hijos ingresen a la universidad para tener \u00e9xito. La obra trata de un joven hijo de campesinos inmigrantes, que regresa a casa con su t\u00edtulo de dotor. En un pasaje, el muchacho discute con el padre y termina d\u00e1ndole la raz\u00f3n: in\u00fatil ser dotor si se menosprecian las cosas simples de la vida. Supongo que igual camino recorrieron los mayores del presidente Alberto Fern\u00e1ndez, quien una y otra vez subraya que es hijo de un juez.<\/p>\n<p>Como es sabido, en 2019 Cristina Fern\u00e1ndez de Kirchner le propuso a Alberto algo as\u00ed: Olvidemos nuestras diferencias. N\u00e9stor te respetaba y quer\u00eda. Coincido en lo que has dicho: sin m\u00ed no se puede, s\u00f3lo conmigo no alcanza. \u00bfQuer\u00e9s ser presidente? No sabemos si Alberto (porte\u00f1o al fin) respondi\u00f3: dej\u00e1melo pensar. Pero dicen que cuando regres\u00f3 a casa, su hermoso ovejero Dylan salt\u00f3 de alegr\u00eda, y el ungido abraz\u00f3 con emoci\u00f3n al perro exclamando: \u00a1Lo logr\u00e9, pap\u00e1!<\/p>\n<p>Ahora bien. En d\u00edas pasados, en un acto junto con Pedro S\u00e1nchez (presidente del gobierno espa\u00f1ol, en visita oficial a Buenos Aires), Alberto cit\u00f3 mal una frase de incierta autor\u00eda, y ciertamente medio boluda: Los mexicanos descienden de los aztecas, los peruanos de los incas, y los argentinos de los barcos.<\/p>\n<p>El resultado fue un engrudo. Alberto dijo: \u201cLos argentinos somos por sobre todas las cosas americolatinistas [\u2026] y en lo particular soy un europe\u00edsta. Soy alguien que cree en Europa. Porque de Europa, escribi\u00f3 alguna vez Octavio Paz que los mexicanos \u2018salieron\u2019 [sic] de los indios, los brasileros \u2018salieron\u2019 de la selva, pero nosotros los argentinos llegamos de los barcos\u201d (9\/6). Palabras que, para terminarla de regar, remit\u00edan a una canci\u00f3n de Lito Nebbia, su rockero favorito ( Llegamos de los barcos, 1982).<\/p>\n<p>En todo caso, si el prop\u00f3sito apuntaba a quedar bien con el visitante, Alberto hubiera recordado que Buenos Aires fue fundada dos veces. La primera fracas\u00f3 porque los indios charr\u00faas (o sea los mero-mero argentinos originarios), se almorzaron al pu\u00f1ado de espa\u00f1oles que lo intentaron (1536-41). Y la segunda fue posible porque el conquistador Juan de Garay traslad\u00f3 mil 600 indios guaran\u00edes desde Asunci\u00f3n del Paraguay, que eran m\u00e1s civilizados que sus parientes del Plata.<\/p>\n<p>El presidente hubiera recordado tambi\u00e9n al yucateco Juan Jos\u00e9 V\u00e9rtiz, virrey del R\u00edo de la Plata que entre 1778 y 1784 realiz\u00f3 una ingente labor cultural cuando Buenos Aires ten\u00eda 25 mil habitantes. O al fundador del movimiento pol\u00edtico que lo respalda, Juan Domingo Per\u00f3n, quien se enorgullec\u00eda de su sangre india.<\/p>\n<p>Olv\u00eddese. Alberto y su gabinete ya no leen Billiken. Pero como es moderno y pragm\u00e1tico, desayuna leyendo los editoriales de El Pa\u00eds, de Espa\u00f1a, y cree que la comunicaci\u00f3n es igual a informaci\u00f3n, publicidad y negocios.<\/p>\n<p>A diferencia del miserable que lo precedi\u00f3 en el cargo, Alberto Fern\u00e1ndez es un presidente con sensibilidad social y atento a los dramas de nuestra Am\u00e9rica. Basta se\u00f1alar que tras el golpe fascista de noviembre de 2019 en Bolivia, salv\u00f3 la vida de Evo Morales junto con Andr\u00e9s Manuel L\u00f3pez Obrador.<\/p>\n<p>En alguna ocasi\u00f3n, Alberto manifest\u00f3 que Evo era el primer presidente de Bolivia que se parec\u00eda a los bolivianos. Pero Milagro Sala, luchadora social que ha cumplido m\u00e1s de cinco a\u00f1os de injusta prisi\u00f3n, tambi\u00e9n se parece a 60 por ciento de los argentinos que no descienden de los barcos.<\/p>\n<p>Cuando se le plantea el asunto, Alberto patea la pelota a la tribuna y se pone a dar lecciones sobre el sistema de divisi\u00f3n de poderes, concebido por los dotores originarios de un Poder Judicial olig\u00e1rquico que, d\u00eda tras d\u00eda, acosa a su gobierno con la ideolog\u00eda de Billiken.<\/p>\n<p>El viernes pasado, los caciques feudales de Jujuy condujeron engrillada a Milagro para que declare frente a la justicia. \u00bfDe que la acusan? La causa fue abierta en 2009, y la acusan de haber arrojado huevos a Gerardo Morales, gobernador de la provincia de Jujuy.<\/p>\n<p>&nbsp;<\/p>\n","protected":false},"excerpt":{"rendered":"<p>Argentina: \u201cM\u2019hijo, el dotor\u201d Jos\u00e9 Steinsleger Mostrar sin demostrar su cultura es una obsesi\u00f3n del argentino promedio. Si usted, por ejemplo, presenta en Buenos Aires un libro sobre filolog\u00eda rom\u00e1nica, a la hora del vino de honor alguien le comentar\u00e1 que desciende de italianos. Pero si usted es arque\u00f3logo, no faltar\u00e1 quien requiera su opini\u00f3n [&hellip;]<\/p>\n","protected":false},"author":249,"featured_media":22436,"comment_status":"open","ping_status":"closed","sticky":false,"template":"","format":"standard","meta":{"footnotes":""},"categories":[27,12,28,26,65],"tags":[],"class_list":["post-22424","post","type-post","status-publish","format-standard","has-post-thumbnail","hentry","category-latinoamerica","category-libros","category-literatura","category-mundo","category-teatro"],"_links":{"self":[{"href":"https:\/\/eloficiodehistoriar.com.mx\/index.php?rest_route=\/wp\/v2\/posts\/22424","targetHints":{"allow":["GET"]}}],"collection":[{"href":"https:\/\/eloficiodehistoriar.com.mx\/index.php?rest_route=\/wp\/v2\/posts"}],"about":[{"href":"https:\/\/eloficiodehistoriar.com.mx\/index.php?rest_route=\/wp\/v2\/types\/post"}],"author":[{"embeddable":true,"href":"https:\/\/eloficiodehistoriar.com.mx\/index.php?rest_route=\/wp\/v2\/users\/249"}],"replies":[{"embeddable":true,"href":"https:\/\/eloficiodehistoriar.com.mx\/index.php?rest_route=%2Fwp%2Fv2%2Fcomments&post=22424"}],"version-history":[{"count":1,"href":"https:\/\/eloficiodehistoriar.com.mx\/index.php?rest_route=\/wp\/v2\/posts\/22424\/revisions"}],"predecessor-version":[{"id":22425,"href":"https:\/\/eloficiodehistoriar.com.mx\/index.php?rest_route=\/wp\/v2\/posts\/22424\/revisions\/22425"}],"wp:featuredmedia":[{"embeddable":true,"href":"https:\/\/eloficiodehistoriar.com.mx\/index.php?rest_route=\/wp\/v2\/media\/22436"}],"wp:attachment":[{"href":"https:\/\/eloficiodehistoriar.com.mx\/index.php?rest_route=%2Fwp%2Fv2%2Fmedia&parent=22424"}],"wp:term":[{"taxonomy":"category","embeddable":true,"href":"https:\/\/eloficiodehistoriar.com.mx\/index.php?rest_route=%2Fwp%2Fv2%2Fcategories&post=22424"},{"taxonomy":"post_tag","embeddable":true,"href":"https:\/\/eloficiodehistoriar.com.mx\/index.php?rest_route=%2Fwp%2Fv2%2Ftags&post=22424"}],"curies":[{"name":"wp","href":"https:\/\/api.w.org\/{rel}","templated":true}]}}