{"id":22428,"date":"2021-06-16T10:17:54","date_gmt":"2021-06-16T16:17:54","guid":{"rendered":"https:\/\/eloficiodehistoriar.com.mx\/?p=22428"},"modified":"2021-06-16T22:41:17","modified_gmt":"2021-06-17T04:41:17","slug":"mapa-tridimensional-del-limite-de-la-heliosfera","status":"publish","type":"post","link":"https:\/\/eloficiodehistoriar.com.mx\/?p=22428","title":{"rendered":"Mapa tridimensional del l\u00edmite de la heliosfera"},"content":{"rendered":"<p>Por primera vez, logran hacer mapa tridimensional del l\u00edmite de la heliosfera<\/p>\n<p>La cartograf\u00eda ayudar\u00e1 a entender mejor c\u00f3mo interact\u00faan los vientos solares e interestelares<\/p>\n<p>Europa Press<\/p>\n<p>La Jornada<\/p>\n<p>Madrid.<\/p>\n<p>Por primera vez, se cartografi\u00f3 el l\u00edmite de la heliosfera, lo que permite a los cient\u00edficos comprender mejor c\u00f3mo interact\u00faan los vientos solares e interestelares.<\/p>\n<p>Los modelos f\u00edsicos han teorizado este l\u00edmite durante a\u00f1os, se\u00f1al\u00f3 Dan Reisenfeld, del Laboratorio Nacional de Los Alamos y autor principal de la investigaci\u00f3n, que se publica en Astrophysical Journal. Pero es la primera vez que hemos podido medirlo y hacer un mapa tridimensional.<\/p>\n<p>La heliosfera es una burbuja creada por el viento solar, una corriente de principalmente protones, electrones y part\u00edculas alfa que se extiende desde el Sol al espacio interestelar y protege a la Tierra de la radiaci\u00f3n interestelar da\u00f1ina.<\/p>\n<p>Reisenfeld y un equipo de otros cient\u00edficos utilizaron datos del sat\u00e9lite de la NASA Explorador de L\u00edmites Interestelares (IBEX, por sus siglas en ingl\u00e9s) en \u00f3rbita terrestre, que detecta part\u00edculas que provienen de la heliovaina, la capa entre el sistema solar y el espacio interestelar. El equipo pudo mapear el borde de esa zona, regi\u00f3n llamada heliopausa. Aqu\u00ed, el viento solar, que empuja hacia el espacio interestelar, choca con el que empuja hacia el Sol.<\/p>\n<p>Para hacer esta medici\u00f3n, utilizaron una t\u00e9cnica similar a la forma en que los murci\u00e9lagos usan el sonar. As\u00ed como ellos env\u00edan pulsos de sonar en todas direcciones y la se\u00f1al de retorno a fin de crear un mapa mental de su entorno, nosotros utlizamos el viento solar, que sale hacia todas partes con el prop\u00f3sito de crear un mapa de la heliosfera, explic\u00f3 Reisenfeld en un comunicado.<\/p>\n<p>Lo hicieron utilizando la medici\u00f3n del sat\u00e9lite IBEX de \u00e1tomos neutros energ\u00e9ticos (ENA, por sus siglas en ingl\u00e9s) que resultan de las colisiones entre las part\u00edculas del viento solar y las del interestelar. La intensidad de esa se\u00f1al depende de la del viento solar que golpea la heliovaina. Cuando una onda pega a la vaina, el recuento de ENA aumenta y el IBEX puede detectarlo.<\/p>\n<p>Pauta \u00fanica<\/p>\n<p>\u201cLa \u2018se\u00f1al\u2019 del viento enviada por el Sol var\u00eda en fuerza, formando una pauta \u00fanica, que el IBEX ver\u00e1 en la de ENA que regresa de dos a seis a\u00f1os despu\u00e9s, dependiendo de su energ\u00eda y la direcci\u00f3n en la que mira el sat\u00e9lite a trav\u00e9s de la heliosfera. Esta diferencia de tiempo es la forma en que encontramos la distancia a la regi\u00f3n de la fuente \u00e1tomos neutros energ\u00e9ticos en una direcci\u00f3n particular\u201d.<\/p>\n<p>Luego aplicaron este m\u00e9todo en la construcci\u00f3n del mapa, para lo cual usaron datos recopilados durante un ciclo solar completo, desde 2009 hasta 2019.<\/p>\n<p>\u201cAl hacer esto, podemos ver el l\u00edmite de la heliosfera de la misma manera en que un murci\u00e9lago usa un sonar para \u2018ver\u2019 las paredes de una cueva\u201d, agreg\u00f3.<\/p>\n<p>La se\u00f1al tarda tanto tiempo en regresar al IBEX debido a las grandes distancias involucradas, que en el sistema solar se miden en unidades astron\u00f3micas (AU), donde 1 AU es la de la Tierra al Sol.<\/p>\n<p>&nbsp;<\/p>\n","protected":false},"excerpt":{"rendered":"<p>Por primera vez, logran hacer mapa tridimensional del l\u00edmite de la heliosfera La cartograf\u00eda ayudar\u00e1 a entender mejor c\u00f3mo interact\u00faan los vientos solares e interestelares Europa Press La Jornada Madrid. Por primera vez, se cartografi\u00f3 el l\u00edmite de la heliosfera, lo que permite a los cient\u00edficos comprender mejor c\u00f3mo interact\u00faan los vientos solares e interestelares. [&hellip;]<\/p>\n","protected":false},"author":249,"featured_media":22437,"comment_status":"open","ping_status":"closed","sticky":false,"template":"","format":"standard","meta":{"footnotes":""},"categories":[77,26,71],"tags":[],"class_list":["post-22428","post","type-post","status-publish","format-standard","has-post-thumbnail","hentry","category-ciencia","category-mundo","category-museos"],"_links":{"self":[{"href":"https:\/\/eloficiodehistoriar.com.mx\/index.php?rest_route=\/wp\/v2\/posts\/22428","targetHints":{"allow":["GET"]}}],"collection":[{"href":"https:\/\/eloficiodehistoriar.com.mx\/index.php?rest_route=\/wp\/v2\/posts"}],"about":[{"href":"https:\/\/eloficiodehistoriar.com.mx\/index.php?rest_route=\/wp\/v2\/types\/post"}],"author":[{"embeddable":true,"href":"https:\/\/eloficiodehistoriar.com.mx\/index.php?rest_route=\/wp\/v2\/users\/249"}],"replies":[{"embeddable":true,"href":"https:\/\/eloficiodehistoriar.com.mx\/index.php?rest_route=%2Fwp%2Fv2%2Fcomments&post=22428"}],"version-history":[{"count":4,"href":"https:\/\/eloficiodehistoriar.com.mx\/index.php?rest_route=\/wp\/v2\/posts\/22428\/revisions"}],"predecessor-version":[{"id":22445,"href":"https:\/\/eloficiodehistoriar.com.mx\/index.php?rest_route=\/wp\/v2\/posts\/22428\/revisions\/22445"}],"wp:featuredmedia":[{"embeddable":true,"href":"https:\/\/eloficiodehistoriar.com.mx\/index.php?rest_route=\/wp\/v2\/media\/22437"}],"wp:attachment":[{"href":"https:\/\/eloficiodehistoriar.com.mx\/index.php?rest_route=%2Fwp%2Fv2%2Fmedia&parent=22428"}],"wp:term":[{"taxonomy":"category","embeddable":true,"href":"https:\/\/eloficiodehistoriar.com.mx\/index.php?rest_route=%2Fwp%2Fv2%2Fcategories&post=22428"},{"taxonomy":"post_tag","embeddable":true,"href":"https:\/\/eloficiodehistoriar.com.mx\/index.php?rest_route=%2Fwp%2Fv2%2Ftags&post=22428"}],"curies":[{"name":"wp","href":"https:\/\/api.w.org\/{rel}","templated":true}]}}