{"id":22462,"date":"2021-06-18T09:46:47","date_gmt":"2021-06-18T15:46:47","guid":{"rendered":"https:\/\/eloficiodehistoriar.com.mx\/?p=22462"},"modified":"2021-06-18T09:46:47","modified_gmt":"2021-06-18T15:46:47","slug":"indigenas-catolicos-queman-cinco-casas-de-evangelicos-en-chiapas","status":"publish","type":"post","link":"https:\/\/eloficiodehistoriar.com.mx\/?p=22462","title":{"rendered":"Ind\u00edgenas cat\u00f3licos queman cinco casas de evang\u00e9licos en Chiapas"},"content":{"rendered":"<p>Ind\u00edgenas cat\u00f3licos queman cinco casas de evang\u00e9licos en Chiapas<\/p>\n<p>Elio Henr\u00edquez,<\/p>\n<p>Ind\u00edgenas desplazados en Chiapas.<\/p>\n<p>San Crist\u00f3bal de Las Casas, Chis.<\/p>\n<p>Autoridades y pobladores cat\u00f3licos tradicionalistas de la comunidad de Mitzit\u00f3n, municipio de San Crist\u00f3bal de Las Casas, destruyeron y quemaron cinco casas propiedad de ind\u00edgenas evang\u00e9licos, denunci\u00f3 el pastor Esdras Alonso Gonz\u00e1lez, de la organizaci\u00f3n Alas de \u00c1guila.<\/p>\n<p>Explic\u00f3 que las viviendas eran propiedad del pastor Alejandro Jim\u00e9nez Jim\u00e9nez, y de sus hijos, expulsados de la comunidad el 10 de enero pasado, acusado de tratar de construir un templo evang\u00e9lico.<\/p>\n<p>En entrevista dijo que Jim\u00e9nez Jim\u00e9nez regres\u00f3 este jueves a Mitzit\u00f3n, ubicada sobre la carretera a Comit\u00e1n, para visitar a su madre porque \u201cest\u00e1 muy grave\u201d.<\/p>\n<p>Agreg\u00f3 que en enero los tradicionalistas \u201cle quitaron las l\u00e1minas y la madera a las construcciones y amontonaron sus pertenec\u00edas; este jueves derribaron los cimientos y las paredes con marro, adem\u00e1s de que quemaron todo lo que hab\u00eda\u201d.<\/p>\n<p>Se\u00f1al\u00f3 que adem\u00e1s, \u00e9l y algunos de sus hijos fueron encarcelados durante hora este jueves en la c\u00e1rcel de la comunidad, pero \u201cal salir se fue a casa de sus padres, pues sus hermanos le dijeron que no se fuera\u201d.<\/p>\n<p>Alonso Gonz\u00e1lez manifest\u00f3 que cuando fue expulsado en enero, estaba construyendo su primera casa de cemento y blocks, pero los tradicionalistas pensaron que se trataba de un templo y sin investigar le quitaron el techo de l\u00e1minas\u201d.<\/p>\n<p>Coment\u00f3 que desde enero, Alejandro y su familia han estado viviendo en el albergue que Alas de Aguila tiene en San Crist\u00f3bal, ya que, a pesar de la denuncia correspondiente, la Fiscal\u00eda \u201cnada ha hecho\u201d.<\/p>\n<p>Dijo que Alas de Aguila tiene otro templo en Mitzit\u00f3n desde hace varios a\u00f1os y no ha tenido problemas, aparte de que sus pap\u00e1s y hermanos -unas 80 personas en total- han seguido viviendo en la comunidad. \u201cEs la autoridad y el ejido los que est\u00e1n en contra el pastor y de su familia\u201d, asever\u00f3<\/p>\n<p>\u201cLos tradicionalistas le dijeron que se tiene que ir, pero \u00e9l les dijo que ah\u00ed tiene su terreno y sus derechos agrarios y que por lo tanto no lo pueden correr. Aparte, tiene muchos hermanos y le dijeron que no se vaya que su mam\u00e1 est\u00e1 enferma\u201d, expres\u00f3.<\/p>\n","protected":false},"excerpt":{"rendered":"<p>Ind\u00edgenas cat\u00f3licos queman cinco casas de evang\u00e9licos en Chiapas Elio Henr\u00edquez, Ind\u00edgenas desplazados en Chiapas. San Crist\u00f3bal de Las Casas, Chis. Autoridades y pobladores cat\u00f3licos tradicionalistas de la comunidad de Mitzit\u00f3n, municipio de San Crist\u00f3bal de Las Casas, destruyeron y quemaron cinco casas propiedad de ind\u00edgenas evang\u00e9licos, denunci\u00f3 el pastor Esdras Alonso Gonz\u00e1lez, de la [&hellip;]<\/p>\n","protected":false},"author":249,"featured_media":0,"comment_status":"open","ping_status":"closed","sticky":false,"template":"","format":"standard","meta":{"footnotes":""},"categories":[26],"tags":[],"class_list":["post-22462","post","type-post","status-publish","format-standard","hentry","category-mundo"],"_links":{"self":[{"href":"https:\/\/eloficiodehistoriar.com.mx\/index.php?rest_route=\/wp\/v2\/posts\/22462","targetHints":{"allow":["GET"]}}],"collection":[{"href":"https:\/\/eloficiodehistoriar.com.mx\/index.php?rest_route=\/wp\/v2\/posts"}],"about":[{"href":"https:\/\/eloficiodehistoriar.com.mx\/index.php?rest_route=\/wp\/v2\/types\/post"}],"author":[{"embeddable":true,"href":"https:\/\/eloficiodehistoriar.com.mx\/index.php?rest_route=\/wp\/v2\/users\/249"}],"replies":[{"embeddable":true,"href":"https:\/\/eloficiodehistoriar.com.mx\/index.php?rest_route=%2Fwp%2Fv2%2Fcomments&post=22462"}],"version-history":[{"count":1,"href":"https:\/\/eloficiodehistoriar.com.mx\/index.php?rest_route=\/wp\/v2\/posts\/22462\/revisions"}],"predecessor-version":[{"id":22463,"href":"https:\/\/eloficiodehistoriar.com.mx\/index.php?rest_route=\/wp\/v2\/posts\/22462\/revisions\/22463"}],"wp:attachment":[{"href":"https:\/\/eloficiodehistoriar.com.mx\/index.php?rest_route=%2Fwp%2Fv2%2Fmedia&parent=22462"}],"wp:term":[{"taxonomy":"category","embeddable":true,"href":"https:\/\/eloficiodehistoriar.com.mx\/index.php?rest_route=%2Fwp%2Fv2%2Fcategories&post=22462"},{"taxonomy":"post_tag","embeddable":true,"href":"https:\/\/eloficiodehistoriar.com.mx\/index.php?rest_route=%2Fwp%2Fv2%2Ftags&post=22462"}],"curies":[{"name":"wp","href":"https:\/\/api.w.org\/{rel}","templated":true}]}}