{"id":22467,"date":"2021-06-18T09:57:38","date_gmt":"2021-06-18T15:57:38","guid":{"rendered":"https:\/\/eloficiodehistoriar.com.mx\/?p=22467"},"modified":"2021-06-18T09:57:38","modified_gmt":"2021-06-18T15:57:38","slug":"el-corazon-leal-de-lopez-velarde","status":"publish","type":"post","link":"https:\/\/eloficiodehistoriar.com.mx\/?p=22467","title":{"rendered":"El coraz\u00f3n leal de L\u00f3pez Velarde"},"content":{"rendered":"<p>El coraz\u00f3n leal de L\u00f3pez Velarde<\/p>\n<p>La Jornada Semanal<\/p>\n<p>Son muchos y notables quienes, desde el mism\u00edsimo d\u00eda de su muerte, acaecida el 19 de junio de 1921, han reconocido, ponderado, valorado, exaltado y celebrado la importancia enorme que para las letras mexicanas, y en particular la poes\u00eda, ha tenido y tendr\u00e1 la figura del zacatecano Ram\u00f3n L\u00f3pez Velarde, nacido en Jerez el 15 de junio de 1888<br \/>\n\u2013uno de ellos, Hugo Guti\u00e9rrez Vega, lo rebautiz\u00f3 nada menos que como \u201cel padre soltero de la poes\u00eda mexicana moderna\u201d. Numerosos, tambi\u00e9n, quienes han exhibido una enojosa intenci\u00f3n de \u201capropiarse\u201d de quien ha sido considerado poeta nacional: lo mismo Octavio Paz, ese experto en minimizaciones \u2013quien alguna vez sugiri\u00f3 que L\u00f3pez Velarde era \u201cun gran poeta menor\u201d\u2013, que otros tan abismalmente separados del esp\u00edritu lopezvelardeano como Guillermo Sheridan, por m\u00e1s biograf\u00eda supuestamente exhaustiva que haya escrito. Pues no: si el asunto fuera de pertenencias, el autor de \u201cLa suave patria\u201d y \u201cNovedad de la patria\u201d es propiedad de todos y cada uno de los cientos de miles de lectores que han sido y ser\u00e1n en este primer siglo transcurrido desde su deceso, y eso \u00fanicamente en el entendido no de que poseamos al eterno enamorado de Fuensanta, sino que leerlo y hacer nuestro cuando menos un verso suyo son una y la misma cosa, de manera que al final descubrimos que ha sido L\u00f3pez Velarde quien ha tomado posesi\u00f3n de nuestro esp\u00edritu, y entonces, vueltos uno solo, al hablar entre otras cosas de fatigas vitales e ineptitudes culturales, digamos de nosotros mismos algo como \u201cmi coraz\u00f3n, leal, se amerita en la sombra\/ placer, amor, dolor, todo le es ultraje\u201d\u2026<\/p>\n<p>&nbsp;<\/p>\n<p>&nbsp;<\/p>\n","protected":false},"excerpt":{"rendered":"<p>El coraz\u00f3n leal de L\u00f3pez Velarde La Jornada Semanal Son muchos y notables quienes, desde el mism\u00edsimo d\u00eda de su muerte, acaecida el 19 de junio de 1921, han reconocido, ponderado, valorado, exaltado y celebrado la importancia enorme que para las letras mexicanas, y en particular la poes\u00eda, ha tenido y tendr\u00e1 la figura del [&hellip;]<\/p>\n","protected":false},"author":249,"featured_media":0,"comment_status":"open","ping_status":"closed","sticky":false,"template":"","format":"standard","meta":{"footnotes":""},"categories":[26],"tags":[],"class_list":["post-22467","post","type-post","status-publish","format-standard","hentry","category-mundo"],"_links":{"self":[{"href":"https:\/\/eloficiodehistoriar.com.mx\/index.php?rest_route=\/wp\/v2\/posts\/22467","targetHints":{"allow":["GET"]}}],"collection":[{"href":"https:\/\/eloficiodehistoriar.com.mx\/index.php?rest_route=\/wp\/v2\/posts"}],"about":[{"href":"https:\/\/eloficiodehistoriar.com.mx\/index.php?rest_route=\/wp\/v2\/types\/post"}],"author":[{"embeddable":true,"href":"https:\/\/eloficiodehistoriar.com.mx\/index.php?rest_route=\/wp\/v2\/users\/249"}],"replies":[{"embeddable":true,"href":"https:\/\/eloficiodehistoriar.com.mx\/index.php?rest_route=%2Fwp%2Fv2%2Fcomments&post=22467"}],"version-history":[{"count":1,"href":"https:\/\/eloficiodehistoriar.com.mx\/index.php?rest_route=\/wp\/v2\/posts\/22467\/revisions"}],"predecessor-version":[{"id":22468,"href":"https:\/\/eloficiodehistoriar.com.mx\/index.php?rest_route=\/wp\/v2\/posts\/22467\/revisions\/22468"}],"wp:attachment":[{"href":"https:\/\/eloficiodehistoriar.com.mx\/index.php?rest_route=%2Fwp%2Fv2%2Fmedia&parent=22467"}],"wp:term":[{"taxonomy":"category","embeddable":true,"href":"https:\/\/eloficiodehistoriar.com.mx\/index.php?rest_route=%2Fwp%2Fv2%2Fcategories&post=22467"},{"taxonomy":"post_tag","embeddable":true,"href":"https:\/\/eloficiodehistoriar.com.mx\/index.php?rest_route=%2Fwp%2Fv2%2Ftags&post=22467"}],"curies":[{"name":"wp","href":"https:\/\/api.w.org\/{rel}","templated":true}]}}