{"id":22473,"date":"2021-06-18T10:04:42","date_gmt":"2021-06-18T16:04:42","guid":{"rendered":"https:\/\/eloficiodehistoriar.com.mx\/?p=22473"},"modified":"2021-06-22T01:42:39","modified_gmt":"2021-06-22T07:42:39","slug":"elena-garro-fue-anzuelo-para-atrapar-lectores","status":"publish","type":"post","link":"https:\/\/eloficiodehistoriar.com.mx\/?p=22473","title":{"rendered":"Elena Garro fue anzuelo para atrapar lectores"},"content":{"rendered":"<p>Elena Garro fue uno de los anzuelos que lanz\u00f3 el FCE en Desde el Fondo para atrapar lectores<\/p>\n<p>Alondra Flores Soto<\/p>\n<p>La Jornada<\/p>\n<p>Lanzar un anzuelo para que alguna persona quede atrapada y fascinada por la literatura es una de las labores del breviario cultural Desde el Fondo, que semanalmente toma espacio en las redes sociales para hablar no s\u00f3lo de los libros, sino tambi\u00e9n de los autores que los hicieron y por qu\u00e9 son interesantes, describi\u00f3 el periodista Andr\u00e9s Ruiz en la emisi\u00f3n del mi\u00e9rcoles pasado.<\/p>\n<p>Las novelas portentosas de Elena Garro; un hip hop literario de j\u00f3venes que viven en un barrio de Bogot\u00e1, en Colombia; una ni\u00f1a que regal\u00f3 una rese\u00f1a sobre un secreto espeluznante, o el polvo enamorado de Francisco de Quevedo en un duelo de poes\u00eda frente a Andr\u00e9s Newman, fueron parte de este proyecto de divulgaci\u00f3n y cr\u00edtica literaria del Fondo de Cultura Econ\u00f3mica (FCE). En el canal de YouTube se pueden reproducir \u00e9ste y los anteriores episodios.<\/p>\n<p>Novedades, noticias, promociones son el material informativo del video semanal que produce la editorial, que esta semana no tuvo a Paco Ignacio Taibo II de conductor. A cargo de la emisi\u00f3n estuvieron Ruiz y el escritor Ezra Alc\u00e1zar, quien aclar\u00f3, ante la ausencia del director de la editorial y la otra conductora habitual, Roc\u00edo Mart\u00ednez, est\u00e1n muy bien; nada de Covid.<\/p>\n<p>Elena Garro, enorm\u00edsima escritora, tambi\u00e9n dramaturga, quien este a\u00f1o es recordada en el centenario de su nacimiento, aunque los aniversarios no tienen trascendencia, pues lo est\u00e1 en la obra, ayuda a volverla a leer. Una de las cosas a destacar de su narrativa es la po\u00e9tica verdaderamente soberbia, describi\u00f3 Ruiz.<\/p>\n<p>Su novela Recuerdos del porvenir (1963), con influencias de Faulkner, plasma el enorme desencanto por la Revoluci\u00f3n y el destino tr\u00e1gico de un pueblo, en esta trama cruzada entre los personajes, guiados por la voz inconfundible, p\u00e9trea y omnipresente. Ruiz y Alc\u00e1zar abordaron las obras m\u00e1s destacadas de la escritora, precursora del realismo m\u00e1gico, aunque no le gustaba tal calificativo, pues dec\u00eda que ella se centraba en la cosmovisi\u00f3n ind\u00edgena. En su obra de teatro sobre uno de los h\u00e9roes fundamentales de la Revoluci\u00f3n, Felipe \u00c1ngeles, hay una concepci\u00f3n muy interesante del pensamiento tan avanzado del general villista.<\/p>\n<p>Poco a poco se regresa a la normalidad, fueron parte de los anuncios de la semana. Las librer\u00edas Rosario Castellanos, Octavio Paz, Juan Jos\u00e9 Arreola y Daniel Cos\u00edo Villegas retoman sus horarios ampliados a partir del lunes. Un segmento se dedic\u00f3 a anunciar una selecci\u00f3n \u00fanica de videos que ocupa los escaparates, para deleite de los buscadores de tesoros de cine de autor y series de televisi\u00f3n, en una incursi\u00f3n f\u00edsica hasta el complejo cultural en la colonia Condesa.<\/p>\n<p>Este jueves, el director del FCE particip\u00f3 en una charla sobre la oferta editorial y los nuevos proyectos para el formato de la lectura. Organizada por la Universidad de Colima con registro previo para conectarse a la pantalla que recibi\u00f3 a Taibo II v\u00eda Zoom.<\/p>\n<p>&nbsp;<\/p>\n","protected":false},"excerpt":{"rendered":"<p>Elena Garro fue uno de los anzuelos que lanz\u00f3 el FCE en Desde el Fondo para atrapar lectores Alondra Flores Soto La Jornada Lanzar un anzuelo para que alguna persona quede atrapada y fascinada por la literatura es una de las labores del breviario cultural Desde el Fondo, que semanalmente toma espacio en las redes [&hellip;]<\/p>\n","protected":false},"author":249,"featured_media":22504,"comment_status":"open","ping_status":"closed","sticky":false,"template":"","format":"standard","meta":{"footnotes":""},"categories":[64,80,27,12,82,28,26],"tags":[],"class_list":["post-22473","post","type-post","status-publish","format-standard","has-post-thumbnail","hentry","category-hispanoamerica","category-jovenes","category-latinoamerica","category-libros","category-linguistica","category-literatura","category-mundo"],"_links":{"self":[{"href":"https:\/\/eloficiodehistoriar.com.mx\/index.php?rest_route=\/wp\/v2\/posts\/22473","targetHints":{"allow":["GET"]}}],"collection":[{"href":"https:\/\/eloficiodehistoriar.com.mx\/index.php?rest_route=\/wp\/v2\/posts"}],"about":[{"href":"https:\/\/eloficiodehistoriar.com.mx\/index.php?rest_route=\/wp\/v2\/types\/post"}],"author":[{"embeddable":true,"href":"https:\/\/eloficiodehistoriar.com.mx\/index.php?rest_route=\/wp\/v2\/users\/249"}],"replies":[{"embeddable":true,"href":"https:\/\/eloficiodehistoriar.com.mx\/index.php?rest_route=%2Fwp%2Fv2%2Fcomments&post=22473"}],"version-history":[{"count":1,"href":"https:\/\/eloficiodehistoriar.com.mx\/index.php?rest_route=\/wp\/v2\/posts\/22473\/revisions"}],"predecessor-version":[{"id":22474,"href":"https:\/\/eloficiodehistoriar.com.mx\/index.php?rest_route=\/wp\/v2\/posts\/22473\/revisions\/22474"}],"wp:featuredmedia":[{"embeddable":true,"href":"https:\/\/eloficiodehistoriar.com.mx\/index.php?rest_route=\/wp\/v2\/media\/22504"}],"wp:attachment":[{"href":"https:\/\/eloficiodehistoriar.com.mx\/index.php?rest_route=%2Fwp%2Fv2%2Fmedia&parent=22473"}],"wp:term":[{"taxonomy":"category","embeddable":true,"href":"https:\/\/eloficiodehistoriar.com.mx\/index.php?rest_route=%2Fwp%2Fv2%2Fcategories&post=22473"},{"taxonomy":"post_tag","embeddable":true,"href":"https:\/\/eloficiodehistoriar.com.mx\/index.php?rest_route=%2Fwp%2Fv2%2Ftags&post=22473"}],"curies":[{"name":"wp","href":"https:\/\/api.w.org\/{rel}","templated":true}]}}