{"id":22477,"date":"2021-06-21T08:29:42","date_gmt":"2021-06-21T14:29:42","guid":{"rendered":"https:\/\/eloficiodehistoriar.com.mx\/?p=22477"},"modified":"2021-06-22T01:41:49","modified_gmt":"2021-06-22T07:41:49","slug":"mexico-debe-superar-la-polarizacion-dice-el-cardenal-parolin","status":"publish","type":"post","link":"https:\/\/eloficiodehistoriar.com.mx\/?p=22477","title":{"rendered":"M\u00e9xico debe superar la polarizaci\u00f3n, dice el cardenal Parolin"},"content":{"rendered":"<div class=\"cabeza\">M\u00e9xico debe superar la polarizaci\u00f3n, dice el cardenal Parolin<\/div>\n<div class=\"sumarios\"><\/div>\n<div id=\"article-text\" class=\"text\">\n<div class=\"foto\">\n<div class=\"pie-foto\">C\u00e9sar Arellano Garc\u00eda<\/div>\n<\/div>\n<div class=\"col col1\">\n<div class=\"credito-titulo\"><\/div>\n<div class=\"hemero\">\n<p>La Jornada<\/p>\n<\/div>\n<p class=\"s-s\">El cardenal Pietro Parolin, secretario de Estado del Vaticano, se\u00f1al\u00f3 que M\u00e9xico tiene necesidad de reconciliarse consigo mismo, de rencontrarse como hermanos, de perdonarse mutuamente y unirse como sociedad superando la polarizaci\u00f3n.<\/p>\n<p>Durante su homil\u00eda en la misa dominical que presidi\u00f3 en la Bas\u00edlica de Guadalupe como parte de su visita, y a la que asisti\u00f3 el ex presidente Felipe Calder\u00f3n despu\u00e9s de recuperarse de Covid-19, dijo que el pa\u00eds, como otros de Am\u00e9rica Latina, vive desde hace muchos a\u00f1os la desigualdad social, la pobreza, violencia del crimen organizado, divisi\u00f3n por causas pol\u00edticas, sociales y hasta religiosas.<\/p>\n<p><q>Un M\u00e9xico que sepa mirar a su historia para no olvidar la gran riqueza de sus ra\u00edces y la herencia recibida en los valores que han forjado su identidad a lo largo de muchas generaciones. Como creyentes, reconocemos que el encuentro con Jesucristo ha sido y contin\u00faa siendo el don m\u00e1s valioso y trascendente para los pueblos y las culturas de esta naci\u00f3n y del continente americano.<\/q><\/p>\n<p>En la misa dominical dedicada al papa Francisco, quien cumpli\u00f3 ocho a\u00f1os de pontificado, el funcionario del Vaticano tambi\u00e9n expres\u00f3 que no se puede dejar de pensar en lo que se est\u00e1 viviendo a causa de la pandemia de Covid-19, pues refiri\u00f3 que esta nueva realidad, que azot\u00f3 al mundo entero, ha hecho sentir la fragilidad humana, paralizando las actividades, afectando la salud y llenando de luto a muchas familias.<\/p>\n<\/div>\n<div class=\"col col2\">\n<p><q>En medio de tantas pruebas, la Iglesia, como familia de familias, ha tratado de estar cerca, de acompa\u00f1ar, de orar, de interceder por tantas personas heridas no s\u00f3lo en su cuerpo, sino tambi\u00e9n profundamente en su esp\u00edritu.<\/q><\/p>\n<p>Parolin record\u00f3 que la \u00faltima vez que visit\u00f3 M\u00e9xico fue en 2016, cuando acompa\u00f1\u00f3 al Papa. \u201cHoy les traigo su cari\u00f1oso saludo y su bendici\u00f3n apost\u00f3lica. De esa visita recordamos el largo tiempo que \u00e9l transcurri\u00f3 en oraci\u00f3n silenciosa ante la imagen de la Virgen, un di\u00e1logo intenso del hijo con su madre.<\/p>\n<p><q>Tambi\u00e9n recordamos sus palabras cuando dijo que el pueblo es el verdadero santuario que Santa Mar\u00eda de Guadalupe pide que se construya incesantemente, sobre todo los rostros sufrientes que nos duelen, como los migrantes, los excluidos, los que est\u00e1n sometidos por las drogas, los j\u00f3venes sin oportunidades, los ni\u00f1os abandonados en nuestras grandes ciudades<\/q>, expres\u00f3.<\/p>\n<p>En el D\u00eda del Padre, Parolin confi\u00f3 a todos los padres tambi\u00e9n a la intercesi\u00f3n de Mar\u00eda y de San Jos\u00e9,\u00a0<q>de quien celebramos el a\u00f1o jubilar, reconociendo la delicada y compleja misi\u00f3n que los padres cumplen en el coraz\u00f3n de sus familias y en la sociedad. Una misi\u00f3n que se ha vuelto hoy d\u00eda m\u00e1s dif\u00edcil<\/q>.<\/p>\n<\/div>\n<\/div>\n<div class=\"go gui\">\n<div class=\"go-prev\"><a id=\"page_link_prev\" href=\"https:\/\/www.jornada.com.mx\/2021\/06\/21\/politica\/003n1pol\">A nterior<\/a><\/div>\n<div class=\"go-next\"><a id=\"page_link_next\" href=\"https:\/\/www.jornada.com.mx\/2021\/06\/21\/politica\/004n1pol\">S iguiente<\/a><\/div>\n<div class=\"go-up\"><a href=\"https:\/\/www.jornada.com.mx\/2021\/06\/21\/politica\/003n2pol#texto\">Subir al inicio del texto<\/a><\/div>\n<\/div>\n<div id=\"comentarios\"><\/div>\n","protected":false},"excerpt":{"rendered":"<p>M\u00e9xico debe superar la polarizaci\u00f3n, dice el cardenal Parolin C\u00e9sar Arellano Garc\u00eda La Jornada El cardenal Pietro Parolin, secretario de Estado del Vaticano, se\u00f1al\u00f3 que M\u00e9xico tiene necesidad de reconciliarse consigo mismo, de rencontrarse como hermanos, de perdonarse mutuamente y unirse como sociedad superando la polarizaci\u00f3n. Durante su homil\u00eda en la misa dominical que presidi\u00f3 [&hellip;]<\/p>\n","protected":false},"author":249,"featured_media":22506,"comment_status":"open","ping_status":"closed","sticky":false,"template":"","format":"standard","meta":{"footnotes":""},"categories":[81,24,69,26,59,85],"tags":[],"class_list":["post-22477","post","type-post","status-publish","format-standard","has-post-thumbnail","hentry","category-actualidad","category-ciudad-de-mexico","category-mexico","category-mundo","category-noticias","category-politica"],"_links":{"self":[{"href":"https:\/\/eloficiodehistoriar.com.mx\/index.php?rest_route=\/wp\/v2\/posts\/22477","targetHints":{"allow":["GET"]}}],"collection":[{"href":"https:\/\/eloficiodehistoriar.com.mx\/index.php?rest_route=\/wp\/v2\/posts"}],"about":[{"href":"https:\/\/eloficiodehistoriar.com.mx\/index.php?rest_route=\/wp\/v2\/types\/post"}],"author":[{"embeddable":true,"href":"https:\/\/eloficiodehistoriar.com.mx\/index.php?rest_route=\/wp\/v2\/users\/249"}],"replies":[{"embeddable":true,"href":"https:\/\/eloficiodehistoriar.com.mx\/index.php?rest_route=%2Fwp%2Fv2%2Fcomments&post=22477"}],"version-history":[{"count":2,"href":"https:\/\/eloficiodehistoriar.com.mx\/index.php?rest_route=\/wp\/v2\/posts\/22477\/revisions"}],"predecessor-version":[{"id":22508,"href":"https:\/\/eloficiodehistoriar.com.mx\/index.php?rest_route=\/wp\/v2\/posts\/22477\/revisions\/22508"}],"wp:featuredmedia":[{"embeddable":true,"href":"https:\/\/eloficiodehistoriar.com.mx\/index.php?rest_route=\/wp\/v2\/media\/22506"}],"wp:attachment":[{"href":"https:\/\/eloficiodehistoriar.com.mx\/index.php?rest_route=%2Fwp%2Fv2%2Fmedia&parent=22477"}],"wp:term":[{"taxonomy":"category","embeddable":true,"href":"https:\/\/eloficiodehistoriar.com.mx\/index.php?rest_route=%2Fwp%2Fv2%2Fcategories&post=22477"},{"taxonomy":"post_tag","embeddable":true,"href":"https:\/\/eloficiodehistoriar.com.mx\/index.php?rest_route=%2Fwp%2Fv2%2Ftags&post=22477"}],"curies":[{"name":"wp","href":"https:\/\/api.w.org\/{rel}","templated":true}]}}