{"id":22481,"date":"2021-06-21T08:36:50","date_gmt":"2021-06-21T14:36:50","guid":{"rendered":"https:\/\/eloficiodehistoriar.com.mx\/?p=22481"},"modified":"2021-06-22T01:34:20","modified_gmt":"2021-06-22T07:34:20","slug":"no-fui-a-la-escuela-pero-aprendi-de-mi-padre-me-llevaba-a-sus-conciertos-y-ensayos","status":"publish","type":"post","link":"https:\/\/eloficiodehistoriar.com.mx\/?p=22481","title":{"rendered":"No fui a la escuela, pero aprend\u00ed de mi padre; me llevaba a sus conciertos y ensayos"},"content":{"rendered":"<p>No fui a la escuela, pero aprend\u00ed de mi padre; me llevaba a sus conciertos y ensayos<\/p>\n<p>Ibrahim Ferrer Jr se present\u00f3 en el C\u00edrculo Cubano de M\u00e9xico<\/p>\n<p>\/\/ Llevo a La Habana en el coraz\u00f3n, afirma<\/p>\n<p>Ana M\u00f3nica Rodr\u00edguez<\/p>\n<p>La Jornada<\/p>\n<p>Ibrahim Ferrer Jr, hijo del reconocido cantante del Buena Vista Social Club, primero fue marinero y luego de varios a\u00f1os sigui\u00f3 el camino de la m\u00fasica, que desde muy peque\u00f1o le fue develado en su natal Cuba.<\/p>\n<p>En entrevista, el cantautor de 64 a\u00f1os asegur\u00f3 que las a\u00f1oranzas por su pasado en La Habana, lo vivido en su n\u00facleo familiar-musical y su trayectoria art\u00edstica de dos d\u00e9cadas los guarda en el coraz\u00f3n, porque pensar en el futuro siempre es incierto.<\/p>\n<p>Ferrer, quien se encuentra en la Ciudad de M\u00e9xico desde que inici\u00f3 la emergencia sanitaria, luego de que se cerraron las fronteras y no pudo regresar a Argentina, donde reside desde hace varios a\u00f1os, protagoniz\u00f3, el pasado 17 de junio en el C\u00edrculo Cubano de M\u00e9xico, un espect\u00e1culo \u00edntimo y rom\u00e1ntico donde interpret\u00f3 temas tradicionales y \u00e9xitos de la m\u00fasica de la isla.<\/p>\n<p>En el tiempo que llevo ejerciendo este oficio nunca he suspendido un concierto, ni enfermo ni cuando falleci\u00f3 mi padre, por ninguna de las p\u00e9rdidas que he tenido. Es al rev\u00e9s, ha sido cuando m\u00e1s he trabajado. Uno tiene que seguir adelante y hacer de tripas coraz\u00f3n. Por esta raz\u00f3n durante la pandemia enfoc\u00f3 la creatividad hacia la composici\u00f3n, planear el rumbo que tomar\u00e1 su carrera luego de la reactivaci\u00f3n de los espect\u00e1culos y conectarse con otros m\u00fasicos.<\/p>\n<p>En la charla, record\u00f3 sus m\u00faltiples viajes alrededor del mundo, primero navegando por diversas latitudes y luego en sus giras, que lo han llevado por Europa y Latinoam\u00e9rica. Habl\u00f3 sobre sus cuatro \u00e1lbumes, uno de ellos ganador del premio Carlos Gardel, y de c\u00f3mo se ha ubicado como nuevo representante de los g\u00e9neros tradicionales cubanos cl\u00e1sicos, con una propuesta que fusiona el jazz latino, las ra\u00edces afro y g\u00e9neros como la bossa nova y el tango.<\/p>\n<p>Rememor\u00f3: Hace 21 a\u00f1os sal\u00ed de Cuba, pero regreso cada vez que tengo oportunidad; nac\u00ed en un seno musical, donde te desarrollas y prendes. Cuando nac\u00ed, fue una etapa buena en el estatus social de mi padre; me nutr\u00ed de sus compa\u00f1eros, porque entonces exist\u00eda lo que era la amistad y el compa\u00f1erismo.<\/p>\n<p>Los amigos tambi\u00e9n eran mi familia<\/p>\n<p>Por tanto, no eran s\u00f3lo amigos de mi pap\u00e1, sino mi familia; le dec\u00edamos t\u00edo al tumbador y t\u00eda a su mujer; con los hijos de cada m\u00fasico conviv\u00edamos y compart\u00edamos en diversos momentos. Esta experiencia familiar tambi\u00e9n te alimenta, porque nos ense\u00f1\u00f3 el respeto al mayor y la importancia de la solidaridad.<\/p>\n<p>Prosigui\u00f3: Mi padre me llevaba a los conciertos cuando yo ten\u00eda siete a\u00f1os, iba a sus ensayos y al escuchar m\u00fasica aprend\u00eda de todos, aunque no pases por escuelas, te nutres de experiencias. Soy autodidacta en canto, pero adem\u00e1s fui demasiado inquieto como para ir a la escuela.<\/p>\n<p>No obstante, Ferrer estudi\u00f3 en la Marina. Aunque no ten\u00eda nada que ver con la m\u00fasica, la realidad es que s\u00ed, porque cu\u00e1ntas canciones no las ha inspirado el mar o el universo; no hay nada m\u00e1s hermoso que estar montado en un barco, mirar hacia el cielo o ver el suave movimiento del agua, relat\u00f3.<\/p>\n<p>La realidad, confes\u00f3, es que siempre quise ser m\u00fasico, como piloto o militar, pero no todo se puede. De todos mis deseos me toc\u00f3 ser marino y cantante.<\/p>\n<p>Ahora, llevo 21 a\u00f1os tratando de ser quien soy, con trabajo y respeto hacia los dem\u00e1s, de hacer lo que me gusta.<\/p>\n<p>Sus logros profesionales han sido de poquito en poquito, porque no me cre\u00ed por ser el hijo de&#8230; ni por estar acompa\u00f1ado de buenos m\u00fasicos o por salir de la familia, ni de la sangre ni de la cultura de la que provengo. Lucho por llegar a un lugar con el respeto y cari\u00f1o de la gente m\u00e1s que ser un artista con mucha plata o \u00e9xito, pero sin el sentimiento que se necesita para cantar.<\/p>\n<p>Ferrer record\u00f3 las palabras que le dijo su padre: Para cantar necesitas tener sentimiento, bomba, como le decimos en Cuba al coraz\u00f3n. Hay quien canta un son y pega por simpat\u00eda y esa experiencia sentimental que le das al p\u00fablico, es lo que se queda.<\/p>\n<p>Expres\u00f3: Lo que busco y quiero es que cuando no est\u00e9 recuerden que hubo un negro que cantaba bolero y son, que se llamaba Ibrahim Ferrer Jr.<\/p>\n<p>El cantautor, quien ha colaborado en los conciertos del Adi\u00f3s Tour junto a Buena Vista Social Club, seguir\u00e1 llevando con orgullo su proyecto a diversos pa\u00edses, como ha sido de manera reciente, antes de la pandemia, en Buenos Aires, Brasil, Chile o Francia.<\/p>\n<p>&nbsp;<\/p>\n","protected":false},"excerpt":{"rendered":"<p>No fui a la escuela, pero aprend\u00ed de mi padre; me llevaba a sus conciertos y ensayos Ibrahim Ferrer Jr se present\u00f3 en el C\u00edrculo Cubano de M\u00e9xico \/\/ Llevo a La Habana en el coraz\u00f3n, afirma Ana M\u00f3nica Rodr\u00edguez La Jornada Ibrahim Ferrer Jr, hijo del reconocido cantante del Buena Vista Social Club, primero [&hellip;]<\/p>\n","protected":false},"author":249,"featured_media":22494,"comment_status":"open","ping_status":"closed","sticky":false,"template":"","format":"standard","meta":{"footnotes":""},"categories":[81,30,26,22],"tags":[],"class_list":["post-22481","post","type-post","status-publish","format-standard","has-post-thumbnail","hentry","category-actualidad","category-arte","category-mundo","category-musica"],"_links":{"self":[{"href":"https:\/\/eloficiodehistoriar.com.mx\/index.php?rest_route=\/wp\/v2\/posts\/22481","targetHints":{"allow":["GET"]}}],"collection":[{"href":"https:\/\/eloficiodehistoriar.com.mx\/index.php?rest_route=\/wp\/v2\/posts"}],"about":[{"href":"https:\/\/eloficiodehistoriar.com.mx\/index.php?rest_route=\/wp\/v2\/types\/post"}],"author":[{"embeddable":true,"href":"https:\/\/eloficiodehistoriar.com.mx\/index.php?rest_route=\/wp\/v2\/users\/249"}],"replies":[{"embeddable":true,"href":"https:\/\/eloficiodehistoriar.com.mx\/index.php?rest_route=%2Fwp%2Fv2%2Fcomments&post=22481"}],"version-history":[{"count":1,"href":"https:\/\/eloficiodehistoriar.com.mx\/index.php?rest_route=\/wp\/v2\/posts\/22481\/revisions"}],"predecessor-version":[{"id":22482,"href":"https:\/\/eloficiodehistoriar.com.mx\/index.php?rest_route=\/wp\/v2\/posts\/22481\/revisions\/22482"}],"wp:featuredmedia":[{"embeddable":true,"href":"https:\/\/eloficiodehistoriar.com.mx\/index.php?rest_route=\/wp\/v2\/media\/22494"}],"wp:attachment":[{"href":"https:\/\/eloficiodehistoriar.com.mx\/index.php?rest_route=%2Fwp%2Fv2%2Fmedia&parent=22481"}],"wp:term":[{"taxonomy":"category","embeddable":true,"href":"https:\/\/eloficiodehistoriar.com.mx\/index.php?rest_route=%2Fwp%2Fv2%2Fcategories&post=22481"},{"taxonomy":"post_tag","embeddable":true,"href":"https:\/\/eloficiodehistoriar.com.mx\/index.php?rest_route=%2Fwp%2Fv2%2Ftags&post=22481"}],"curies":[{"name":"wp","href":"https:\/\/api.w.org\/{rel}","templated":true}]}}