{"id":22483,"date":"2021-06-21T08:39:14","date_gmt":"2021-06-21T14:39:14","guid":{"rendered":"https:\/\/eloficiodehistoriar.com.mx\/?p=22483"},"modified":"2021-06-22T01:33:30","modified_gmt":"2021-06-22T07:33:30","slug":"desde-hoy-homenaje-a-gabriel-retes","status":"publish","type":"post","link":"https:\/\/eloficiodehistoriar.com.mx\/?p=22483","title":{"rendered":"Desde hoy, homenaje a Gabriel Retes"},"content":{"rendered":"<div class=\"cabeza\">Desde hoy, homenaje a Gabriel Retes<\/div>\n<div class=\"sumarios\"><\/div>\n<div id=\"article-text\" class=\"text\">\n<div class=\"foto\">\n<p><img decoding=\"async\" title=\"\" src=\"https:\/\/www.jornada.com.mx\/2021\/06\/21\/fotos\/a10n2esp-1.jpg\" alt=\"Foto\" \/><\/p>\n<div class=\"pie-foto\">? El director de\u00a0<em>El bulto<\/em>\u00a0en noviembre de 2015.<span class=\"credito\">Foto Medios y Media<\/span><\/div>\n<\/div>\n<div class=\"col col1\">\n<div><\/div>\n<div class=\"credito-autor\">De La Redacci\u00f3n<\/div>\n<div class=\"credito-titulo\"><\/div>\n<div class=\"hemero\">\n<p>La Jornada<\/p>\n<\/div>\n<p class=\"s-s\">La palabra\u00a0<q>ser\u00e1 el canal para rememorar y celebrar<\/q>, de manera virtual a Gabriel Retes a m\u00e1s de un a\u00f1o de su fallecimiento.<\/p>\n<p>La Secretar\u00eda de Relaciones Exteriores, a trav\u00e9s de la Direcci\u00f3n Ejecutiva de Diplomacia Cultural, en conjunto con Retes Artes, asociaci\u00f3n civil que administra el legado del\u00a0<q>cineasta rebelde<\/q>, prepararon un tributo que se realizar\u00e1, del 21 al 25 de junio, con la participaci\u00f3n de colegas y amigos del realizador\u00a0<q>cuyo anecdotario se re\u00fane en ese homenaje p\u00f3stumo<\/q>.<\/p>\n<p>Este lunes,\u00a0<em>El rebelde, homenaje de M\u00e9xico a Gabriel Retes<\/em>\u00a0ser\u00e1 inaugurado en formato virtual en vivo, a las 10 de la ma\u00f1ana, contar\u00e1 con la participaci\u00f3n de la productora y escritora Meritxell G\u00e1lez, Enrique M\u00e1rquez, director ejecutivo de Diplomacia Cultural; la productora Gabriela Retes, y Eduardo de la Vega, bi\u00f3grafo del cineasta. Tambi\u00e9n se proyectar\u00e1 la pel\u00edcula\u00a0<em>El bulto.<\/em><\/p>\n<\/div>\n<div class=\"col col2\">\n<p>Ma\u00f1ana contin\u00faa el programa con la proyecci\u00f3n de\u00a0<em>Bienvenido Welcome\u00a0<\/em>y un conversatorio donde participan Lourdes Elizarrar\u00e1s, Luis Felipe Tovar, Diego de la Texera, Dulce Mar\u00eda Saldanha y Jesse Borrego.<\/p>\n<p>La cinta\u00a0<em>La Revoluci\u00f3n y los artistas<\/em>\u00a0se transmitir\u00e1 el mi\u00e9rcoles. Tambi\u00e9n habr\u00e1 una charla con Meritxell G\u00e1lez, Miguel Peraza, Gabriela Coppola, Patricia Reyes Sp\u00edndola, Horacio Castelo y Miguel Peraza.<\/p>\n<p>El jueves se presentar\u00e1 el largometraje\u00a0<em>Nuevo Mundo<\/em>\u00a0(pel\u00edcula censurada durante a\u00f1os). El viernes concluir\u00e1 el homenaje con la proyecci\u00f3n de\u00a0<em>Los n\u00e1ufragos del Liguria,\u00a0<\/em>que contar\u00e1 con la participaci\u00f3n de Juan Claudio Retes, Gerardo Quiroz, Jorge Santoyo y Frida Maceira. M\u00e1s informaci\u00f3n en\u00a0<a href=\"https:\/\/diplomaciacultural.mx\/homenajegabrielretes\" target=\"_blank\" rel=\"noopener\">diplomaciacultural.mx\/homenajegabrielretes<\/a><\/p>\n<\/div>\n<\/div>\n<div class=\"go gui\">\n<div class=\"go-prev\"><a id=\"page_link_prev\" href=\"https:\/\/www.jornada.com.mx\/2021\/06\/21\/espectaculos\/a10n1esp\">A nterior<\/a><\/div>\n<div class=\"go-next\"><a id=\"page_link_next\" href=\"https:\/\/www.jornada.com.mx\/2021\/06\/21\/espectaculos\/a11n1esp\">S iguiente<\/a><\/div>\n<div class=\"go-up\"><a href=\"https:\/\/www.jornada.com.mx\/2021\/06\/21\/espectaculos\/a10n2esp#texto\">Subir al inicio del texto<\/a><\/div>\n<\/div>\n<div id=\"comentarios\"><\/div>\n","protected":false},"excerpt":{"rendered":"<p>Desde hoy, homenaje a Gabriel Retes ? El director de\u00a0El bulto\u00a0en noviembre de 2015.Foto Medios y Media De La Redacci\u00f3n La Jornada La palabra\u00a0ser\u00e1 el canal para rememorar y celebrar, de manera virtual a Gabriel Retes a m\u00e1s de un a\u00f1o de su fallecimiento. La Secretar\u00eda de Relaciones Exteriores, a trav\u00e9s de la Direcci\u00f3n Ejecutiva [&hellip;]<\/p>\n","protected":false},"author":249,"featured_media":22495,"comment_status":"open","ping_status":"closed","sticky":false,"template":"","format":"standard","meta":{"footnotes":""},"categories":[23,21,64,69,26],"tags":[],"class_list":["post-22483","post","type-post","status-publish","format-standard","has-post-thumbnail","hentry","category-cine","category-espectaculos","category-hispanoamerica","category-mexico","category-mundo"],"_links":{"self":[{"href":"https:\/\/eloficiodehistoriar.com.mx\/index.php?rest_route=\/wp\/v2\/posts\/22483","targetHints":{"allow":["GET"]}}],"collection":[{"href":"https:\/\/eloficiodehistoriar.com.mx\/index.php?rest_route=\/wp\/v2\/posts"}],"about":[{"href":"https:\/\/eloficiodehistoriar.com.mx\/index.php?rest_route=\/wp\/v2\/types\/post"}],"author":[{"embeddable":true,"href":"https:\/\/eloficiodehistoriar.com.mx\/index.php?rest_route=\/wp\/v2\/users\/249"}],"replies":[{"embeddable":true,"href":"https:\/\/eloficiodehistoriar.com.mx\/index.php?rest_route=%2Fwp%2Fv2%2Fcomments&post=22483"}],"version-history":[{"count":2,"href":"https:\/\/eloficiodehistoriar.com.mx\/index.php?rest_route=\/wp\/v2\/posts\/22483\/revisions"}],"predecessor-version":[{"id":22503,"href":"https:\/\/eloficiodehistoriar.com.mx\/index.php?rest_route=\/wp\/v2\/posts\/22483\/revisions\/22503"}],"wp:featuredmedia":[{"embeddable":true,"href":"https:\/\/eloficiodehistoriar.com.mx\/index.php?rest_route=\/wp\/v2\/media\/22495"}],"wp:attachment":[{"href":"https:\/\/eloficiodehistoriar.com.mx\/index.php?rest_route=%2Fwp%2Fv2%2Fmedia&parent=22483"}],"wp:term":[{"taxonomy":"category","embeddable":true,"href":"https:\/\/eloficiodehistoriar.com.mx\/index.php?rest_route=%2Fwp%2Fv2%2Fcategories&post=22483"},{"taxonomy":"post_tag","embeddable":true,"href":"https:\/\/eloficiodehistoriar.com.mx\/index.php?rest_route=%2Fwp%2Fv2%2Ftags&post=22483"}],"curies":[{"name":"wp","href":"https:\/\/api.w.org\/{rel}","templated":true}]}}