{"id":22485,"date":"2021-06-21T08:42:07","date_gmt":"2021-06-21T14:42:07","guid":{"rendered":"https:\/\/eloficiodehistoriar.com.mx\/?p=22485"},"modified":"2021-06-22T01:31:09","modified_gmt":"2021-06-22T07:31:09","slug":"la-titeria-destina-un-mes-de-actividades-teatrales-dirigidas-a-la-primera-infancia","status":"publish","type":"post","link":"https:\/\/eloficiodehistoriar.com.mx\/?p=22485","title":{"rendered":"La Titer\u00eda destina un mes de actividades teatrales dirigidas a la primera infancia"},"content":{"rendered":"<div class=\"cabeza\">La Titer\u00eda destina un mes de actividades teatrales dirigidas a la primera infancia<\/div>\n<div class=\"sumarios\">\n<p>El espacio ofrece talleres y montajes, como\u00a0<em>Escondidillas,\u00a0<\/em>puesta que emplea diversas t\u00e9cnicas visuales para atraer la atenci\u00f3n de los beb\u00e9s<\/p>\n<\/div>\n<div id=\"article-text\" class=\"text\">\n<div class=\"col col1\">\n<div class=\"credito-autor\">Fabiola Palapa Quijas<\/div>\n<div class=\"credito-titulo\"><\/div>\n<div class=\"hemero\">\n<p>La Jornada<\/p>\n<\/div>\n<p class=\"s-s\">Con formas, colores, movimientos corporales y t\u00e9cnicas visuales de\u00a0<em>video mapping\u00a0<\/em>se cre\u00f3\u00a0<em>Escondidillas,<\/em>\u00a0obra para beb\u00e9s, menores de un a\u00f1o, que se presenta en La Titer\u00eda Casa de las Marionetas.<\/p>\n<p>La propuesta art\u00edstica forma parte de las actividades organizadas para la primera infancia en la cuarta edici\u00f3n del Mes del Teatro para Beb\u00e9s, que se desarrolla del 12 de junio al 4 de julio.<\/p>\n<p>En La Titer\u00eda Casa de las Marionetas, los m\u00e1s peque\u00f1os del hogar ocupar\u00e1n los lugares de honor en los actos que comprenden talleres, cuentacuentos, espect\u00e1culos interactivos y obras para ni\u00f1os, que se desarrollar\u00e1n con todas las medidas de bioseguridad.<\/p>\n<p>Sobre la obra\u00a0<em>Escondidillas,\u00a0<\/em>su autora, Amaranta Leyva, comparte que los pap\u00e1s\u00a0<q>se quedan asombrados al ver c\u00f3mo sus beb\u00e9s siguen de principio a fin la historia<\/q>.<\/p>\n<p>Dentro de las actividades figura el taller Besos y apapachos, que impartir\u00e1 la sic\u00f3loga especializada en primera infancia, Sindy S\u00e1mano, quien asegura que uno de los objetivos ser\u00e1 desarrollar v\u00ednculos afectivos de las y los beb\u00e9s con sus padres, en un espacio divertido lleno de m\u00fasica, canciones y principalmente lecturas.<\/p>\n<p><q>Tenemos los medios para cuidarlos y cuidarnos; mi taller se modific\u00f3 con la pandemia, la forma de interacci\u00f3n ser\u00e1 a distancia y con cubrebocas, pero la atm\u00f3sfera seguir\u00e1 siendo divertida<\/q>, explica.<\/p>\n<p>La compa\u00f1\u00eda y productora Reloj de Arena presentar\u00e1 el taller Cuentos, cantos y juegos para los m\u00e1s peque\u00f1os. Se trata de una experiencia gozosa, donde los peque\u00f1os van a cantar y a explorar algunos libros de poemas y microhistorias.\u00a0<q>Me da gusto que La Titer\u00eda genere el Mes del Teatro para Beb\u00e9s, porque le est\u00e1 dando el peso y la importancia que merece la primera infancia<\/q>, coment\u00f3 Luis Felipe Rodr\u00edguez, integrante de Reloj de Arena.<\/p>\n<\/div>\n<div class=\"col col2\">\n<p class=\"sumario\">Continuar\u00e1n los montajes virtuales<\/p>\n<p class=\"s-s\">La programaci\u00f3n de la cuarta edici\u00f3n del Mes del Teatro para Beb\u00e9s se complementa con\u00a0<em>El jard\u00edn,<\/em>\u00a0colorida obra del repertorio cl\u00e1sico de Marionetas de la Esquina, escrita por Lucio Esp\u00edndola, que aborda las aventuras de Livio y Margarito y sus esfuerzos por salvar a Florinda de la sequ\u00eda en el jard\u00edn.<\/p>\n<p>Durante la pandemia, la Vaca de la Titer\u00eda Virtual acompa\u00f1\u00f3 en el confinamiento a miles de ni\u00f1as y ni\u00f1os de M\u00e9xico, Sudam\u00e9rica, Estados Unidos y Canad\u00e1; ahora se presenta en un espect\u00e1culo en vivo desde La Titer\u00eda, mismo que ser\u00e1 transmitido por FacebookLive.<\/p>\n<p>El t\u00edtere verde se ha vuelto uno de los personajes favoritos de ni\u00f1as y ni\u00f1os. El p\u00fablico seguir\u00e1 disfrutando de las presentaciones de ese personaje en la Titer\u00eda Virtual.<\/p>\n<p>La cuarta edici\u00f3n del Mes del Teatro para Beb\u00e9s se realiza en el Centro Cultural La Titer\u00eda Casa de las Marionetas (Vicente Guerrero 2, colonia Del Carmen, Coyoac\u00e1n). Para mayores informes de horarios y boletos puede visitar la p\u00e1gina\u00a0<a href=\"https:\/\/www.latiteria.boletopolis.com\/\" target=\"_blank\" rel=\"noopener\">www.LaTiteria.boletopolis.com<\/a><\/p>\n<\/div>\n<\/div>\n<div class=\"go gui\">\n<div class=\"go-prev\"><a id=\"page_link_prev\" href=\"https:\/\/www.jornada.com.mx\/2021\/06\/21\/cultura\/a06n1cul\">A nterior<\/a><\/div>\n<div class=\"go-next\"><a id=\"page_link_next\" href=\"https:\/\/www.jornada.com.mx\/2021\/06\/21\/cultura\/a06n3cul\">S iguiente<\/a><\/div>\n<div class=\"go-up\"><a href=\"https:\/\/www.jornada.com.mx\/2021\/06\/21\/cultura\/a06n2cul#texto\">Subir al inicio del texto<\/a><\/div>\n<\/div>\n<div id=\"comentarios\"><\/div>\n","protected":false},"excerpt":{"rendered":"<p>La Titer\u00eda destina un mes de actividades teatrales dirigidas a la primera infancia El espacio ofrece talleres y montajes, como\u00a0Escondidillas,\u00a0puesta que emplea diversas t\u00e9cnicas visuales para atraer la atenci\u00f3n de los beb\u00e9s Fabiola Palapa Quijas La Jornada Con formas, colores, movimientos corporales y t\u00e9cnicas visuales de\u00a0video mapping\u00a0se cre\u00f3\u00a0Escondidillas,\u00a0obra para beb\u00e9s, menores de un a\u00f1o, que [&hellip;]<\/p>\n","protected":false},"author":249,"featured_media":22496,"comment_status":"open","ping_status":"closed","sticky":false,"template":"","format":"standard","meta":{"footnotes":""},"categories":[30,26,65],"tags":[],"class_list":["post-22485","post","type-post","status-publish","format-standard","has-post-thumbnail","hentry","category-arte","category-mundo","category-teatro"],"_links":{"self":[{"href":"https:\/\/eloficiodehistoriar.com.mx\/index.php?rest_route=\/wp\/v2\/posts\/22485","targetHints":{"allow":["GET"]}}],"collection":[{"href":"https:\/\/eloficiodehistoriar.com.mx\/index.php?rest_route=\/wp\/v2\/posts"}],"about":[{"href":"https:\/\/eloficiodehistoriar.com.mx\/index.php?rest_route=\/wp\/v2\/types\/post"}],"author":[{"embeddable":true,"href":"https:\/\/eloficiodehistoriar.com.mx\/index.php?rest_route=\/wp\/v2\/users\/249"}],"replies":[{"embeddable":true,"href":"https:\/\/eloficiodehistoriar.com.mx\/index.php?rest_route=%2Fwp%2Fv2%2Fcomments&post=22485"}],"version-history":[{"count":2,"href":"https:\/\/eloficiodehistoriar.com.mx\/index.php?rest_route=\/wp\/v2\/posts\/22485\/revisions"}],"predecessor-version":[{"id":22502,"href":"https:\/\/eloficiodehistoriar.com.mx\/index.php?rest_route=\/wp\/v2\/posts\/22485\/revisions\/22502"}],"wp:featuredmedia":[{"embeddable":true,"href":"https:\/\/eloficiodehistoriar.com.mx\/index.php?rest_route=\/wp\/v2\/media\/22496"}],"wp:attachment":[{"href":"https:\/\/eloficiodehistoriar.com.mx\/index.php?rest_route=%2Fwp%2Fv2%2Fmedia&parent=22485"}],"wp:term":[{"taxonomy":"category","embeddable":true,"href":"https:\/\/eloficiodehistoriar.com.mx\/index.php?rest_route=%2Fwp%2Fv2%2Fcategories&post=22485"},{"taxonomy":"post_tag","embeddable":true,"href":"https:\/\/eloficiodehistoriar.com.mx\/index.php?rest_route=%2Fwp%2Fv2%2Ftags&post=22485"}],"curies":[{"name":"wp","href":"https:\/\/api.w.org\/{rel}","templated":true}]}}