{"id":22487,"date":"2021-06-21T08:50:30","date_gmt":"2021-06-21T14:50:30","guid":{"rendered":"https:\/\/eloficiodehistoriar.com.mx\/?p=22487"},"modified":"2021-06-22T01:30:17","modified_gmt":"2021-06-22T07:30:17","slug":"22487","status":"publish","type":"post","link":"https:\/\/eloficiodehistoriar.com.mx\/?p=22487","title":{"rendered":"No habr\u00e1 milagro: Caifanes sin Sabo Romo"},"content":{"rendered":"<hgroup class=\"zona-titulo\">\n<h1 class=\"titular\">No habr\u00e1 milagro: Caifanes sin Sabo Romo<\/h1>\n<\/hgroup>\n<p><strong class=\"bajada\">Caifanes regresar\u00e1 a los escenarios en concierto, pero el milagro no ser\u00e1 completo ya que, por discrepancias no aclaradas, el bajista Sabo Romo no actuar\u00e1 en el par de shows que realizar\u00e1 la agrupaci\u00f3n.<\/strong><\/p>\n<div class=\"row\">\n<div class=\"col-md-11\">\n<div class=\"main-content-foto\">\n<div class=\"my-gallery main-gallery\" data-pswp-uid=\"1\">\n<figure>\n<div class=\"nfotos\"><a class=\"nota-link-autor\" title=\"Ir al perfil de C\u00e9sar Mu\u00f1oz Valdez\" href=\"https:\/\/www.proceso.com.mx\/autor\/cesar-munoz-valdez.html\">Por <span class=\"post-author-name\">C\u00e9sar Mu\u00f1oz Valdez<\/span><\/a><\/div>\n<\/figure>\n<\/div>\n<\/div>\n<div class=\"centrado primer_bnn \">\n<div id=\"div-gpt-ad-prc_middle1(1)\" data-google-query-id=\"CJLl2-_7qPECFRY6AQod0VYBDQ\">\n<div><\/div>\n<div id=\"google_ads_iframe_\/32968345\/prc_middle1(1)_0__container__\">CIUDAD DE M\u00c9XICO<\/div>\n<div>(proceso.com.mx).-<\/div>\n<div>Caifanes regresar\u00e1 a los escenarios en concierto, pero el milagro no ser\u00e1 completo ya que, por discrepancias no aclaradas, el bajista Sabo Romo no actuar\u00e1 en el par de shows que realizar\u00e1 la agrupaci\u00f3n, ante palcos privados y al aire libre, en la Curva 4 del Aut\u00f3dromo Hermanos Rodr\u00edguez el 23 y 24 de julio pr\u00f3ximos.<\/div>\n<\/div>\n<\/div>\n<div id=\"cuerpo-nota\" class=\"cuerpo-nota\">\n<p>La banda que triunfara en los 80 tras denominarse Las Ins\u00f3litas Im\u00e1genes de Aurora, fundada \u00e9sta por el baterista Alfonso Andr\u00e9, el cantante y compositor Sa\u00fal Hern\u00e1ndez, as\u00ed como el requinto y productor argentino-mexicano Alejandro Marcovich, presentaron recientemente un streaming especial para calentar los \u00e1nimos de sus fans.<\/p>\n<aside class=\"relacionadas con-foto\"><\/aside>\n<aside class=\"htmlinline\">\n<div id=\"div-gpt-ad-prc_interarticle(1)\" data-google-query-id=\"COGiye_7qPECFYk-AQod-GwB9w\">\n<div id=\"google_ads_iframe_\/32968345\/prc_interarticle(1)_0__container__\"><\/div>\n<\/div>\n<\/aside>\n<p>Ya desde que se comenz\u00f3 a cocinar el regreso del conjunto en vivo, el multiinstrumentista Sabo Romo (quien lidereara Taxi e integrase Brise\u00f1o y el S\u00e9ptimo Aire antes de unirse a Caifanes), hab\u00eda externado diferencias por las condiciones del contrato propuesto por los dem\u00e1s miembros de Caifanes. Si bien ninguno de los otros m\u00fasicos habl\u00f3 durante el streaming sobre el por qu\u00e9 no participar\u00e1 en las tocadas en julio, trascendi\u00f3 que Sabo no ha estado de acuerdo en que el resto de los Caifanes eludieran el compromiso de garantizar su tratamiento m\u00e9dico tras las secuelas provocadas debido a una golpiza callejera contra \u00e9l que le fueron causadas por un automovilista demente en el a\u00f1o 2020.<\/p>\n<aside class=\"htmlinline\">\n<div id=\"div-gpt-ad-prc_interarticle(2)\" data-google-query-id=\"CKrbh-_7qPECFds8AQodnlUBDg\">\n<div id=\"google_ads_iframe_\/32968345\/prc_interarticle(2)_0__container__\"><iframe loading=\"lazy\" id=\"google_ads_iframe_\/32968345\/prc_interarticle(2)_0\" title=\"3rd party ad content\" src=\"https:\/\/419fce12e7885236e8c5defd5c68d5c1.safeframe.googlesyndication.com\/safeframe\/1-0-38\/html\/container.html\" name=\"\" width=\"300\" height=\"250\" frameborder=\"0\" marginwidth=\"0\" marginheight=\"0\" scrolling=\"no\" sandbox=\"allow-forms allow-popups allow-popups-to-escape-sandbox allow-same-origin allow-scripts allow-top-navigation-by-user-activation\" data-is-safeframe=\"true\" data-google-container-id=\"4\" data-load-complete=\"true\" data-mce-fragment=\"1\"><\/iframe><\/div>\n<\/div>\n<\/aside>\n<p>Como se ha informado en\u00a0<strong>Apro\u00a0<\/strong>y\u00a0<strong>Proceso<\/strong>, Sabo Romo trabaja en proyectos rocanroleros varios como AUA, as\u00ed como con la int\u00e9rprete peruano-mexicana Tania Libertad.<\/p>\n<aside class=\"htmlinline\">\n<div id=\"div-gpt-ad-prc_interarticle(3)\" data-google-query-id=\"CLiose_7qPECFcEzAQodLg0I9w\">\n<div id=\"google_ads_iframe_\/32968345\/prc_interarticle(3)_0__container__\"><iframe loading=\"lazy\" id=\"google_ads_iframe_\/32968345\/prc_interarticle(3)_0\" title=\"3rd party ad content\" src=\"https:\/\/419fce12e7885236e8c5defd5c68d5c1.safeframe.googlesyndication.com\/safeframe\/1-0-38\/html\/container.html\" name=\"\" width=\"300\" height=\"250\" frameborder=\"0\" marginwidth=\"0\" marginheight=\"0\" scrolling=\"no\" sandbox=\"allow-forms allow-popups allow-popups-to-escape-sandbox allow-same-origin allow-scripts allow-top-navigation-by-user-activation\" data-is-safeframe=\"true\" data-google-container-id=\"5\" data-load-complete=\"true\" data-mce-fragment=\"1\"><\/iframe><\/div>\n<\/div>\n<\/aside>\n<p>En cuanto al espect\u00e1culo virtual de Caifanes, \u00e9ste ofreci\u00f3 un paseo por sus recientes autoconciertos en la Ciudad de M\u00e9xico, as\u00ed como el de palcos en Monterrey, celebrados el pasado mes de mayo como parte de la apertura sanitaria.<\/p>\n<p>Se trat\u00f3 de una selecci\u00f3n de las rolas del ensamble comandado por Sa\u00fal Hern\u00e1ndez y Alfonso Andr\u00e9, Diego Herrera (teclados y saxof\u00f3n), Rodrigo Baills (guitarra) y ahora con Marco Renter\u00eda al bajo, sustituyendo \u00e9ste al tambi\u00e9n pianista y cantante Sabo Romo.<\/p>\n<p>\u201cLos dioses ocultos\u201d, \u201cNubes\u201d y \u201cNo dejes que\u2026\u201d, configuraron la apertura del recital que goz\u00f3 de una magn\u00edfica producci\u00f3n desde el inicio hasta el final. La transmisi\u00f3n dio vistazo del trascender de la banda con un p\u00fablico de distintas generaciones, desde los de anta\u00f1o hasta los ni\u00f1os disfrutando del concierto con sus familias.<\/p>\n<div class=\"widget-youtube\">\n<div class=\"video-adaptable\"><iframe loading=\"lazy\" src=\"https:\/\/www.youtube.com\/embed\/41lX5qAxXyk?feature=oembed\" width=\"200\" height=\"113\" frameborder=\"0\" allowfullscreen=\"allowfullscreen\" data-mce-fragment=\"1\"><\/iframe><\/div>\n<\/div>\n<p>La emisi\u00f3n incluy\u00f3 adem\u00e1s breves entrevistas a sus seguidores, quienes se desvivieron en elogios ante la reactivaci\u00f3n de las tocadas por dicho conjunto tan importante en la historia del rock nacional.<\/p>\n<p>\u201c\u00a1Muchas gracias raza, que dios te bendiga hoy y siempre! Bienvenidos estos nuevos conciertos y esta apertura, que finalmente gracias a Dios ya se est\u00e1n dando para todos\u201d, expres\u00f3 el vocalista Sa\u00fal Hern\u00e1ndez con visible entusiasmo a la fanaticada.<\/p>\n<p>Antes de rasgar \u201cDime Jaguar\u201d, Sa\u00fal reflexion\u00f3 que el tema tiene como significado el encontrarse con \u201cuna luz al final del t\u00fanel\u201d, haciendo de tal manera una analog\u00eda a lo logrado durante sus presentaciones que se iluminaron sonoramente al ritmo de las cl\u00e1sicas \u201cHasta Morir\u201d y \u201cM\u00e1tenme porque me muero\u201d.<\/p>\n<div class=\"widget-youtube\">\n<div class=\"video-adaptable\"><iframe loading=\"lazy\" src=\"https:\/\/www.youtube.com\/embed\/ZMLq7y4sIiw?feature=oembed\" width=\"200\" height=\"150\" frameborder=\"0\" allowfullscreen=\"allowfullscreen\" data-mce-fragment=\"1\"><\/iframe><\/div>\n<\/div>\n<p>El programa sum\u00f3 \u201cPiedra\u201d, \u201cMi\u00e9rcoles de ceniza\u201d y \u201cAvi\u00e9ntame\u201d, para dirigirse hacia el inevitable finiquito con otra retah\u00edla de \u00e9xitos: \u201cAfuera\u201d, \u201cLa c\u00e9lula que explota\u201d y \u201cLa negra Tomasa\u201d<\/p>\n<div class=\"widget-youtube\">\n<div class=\"video-adaptable\"><iframe loading=\"lazy\" src=\"https:\/\/www.youtube.com\/embed\/EVg3GDuZXCk?feature=oembed\" width=\"200\" height=\"113\" frameborder=\"0\" allowfullscreen=\"allowfullscreen\" data-mce-fragment=\"1\"><\/iframe><\/div>\n<\/div>\n<p>Al filo del tablado, Sa\u00fal, Alfonso, Diego, Rodrigo y Marco, agradecieron arropados con el esp\u00edritu fren\u00e9tico de su complacida audiencia. Las emociones, pues, ya est\u00e1n encendidas para verlos presencialmente en un nuevo formato de palcos privados para pr\u00f3ximas fechas en la Curva 4 del Aut\u00f3dromo Hermanos Rodr\u00edguez.<\/p>\n<\/div>\n<\/div>\n<\/div>\n","protected":false},"excerpt":{"rendered":"<p>No habr\u00e1 milagro: Caifanes sin Sabo Romo Caifanes regresar\u00e1 a los escenarios en concierto, pero el milagro no ser\u00e1 completo ya que, por discrepancias no aclaradas, el bajista Sabo Romo no actuar\u00e1 en el par de shows que realizar\u00e1 la agrupaci\u00f3n. Por C\u00e9sar Mu\u00f1oz Valdez CIUDAD DE M\u00c9XICO (proceso.com.mx).- Caifanes regresar\u00e1 a los escenarios en [&hellip;]<\/p>\n","protected":false},"author":249,"featured_media":22499,"comment_status":"open","ping_status":"closed","sticky":false,"template":"","format":"standard","meta":{"footnotes":""},"categories":[69,26,22,59],"tags":[],"class_list":["post-22487","post","type-post","status-publish","format-standard","has-post-thumbnail","hentry","category-mexico","category-mundo","category-musica","category-noticias"],"_links":{"self":[{"href":"https:\/\/eloficiodehistoriar.com.mx\/index.php?rest_route=\/wp\/v2\/posts\/22487","targetHints":{"allow":["GET"]}}],"collection":[{"href":"https:\/\/eloficiodehistoriar.com.mx\/index.php?rest_route=\/wp\/v2\/posts"}],"about":[{"href":"https:\/\/eloficiodehistoriar.com.mx\/index.php?rest_route=\/wp\/v2\/types\/post"}],"author":[{"embeddable":true,"href":"https:\/\/eloficiodehistoriar.com.mx\/index.php?rest_route=\/wp\/v2\/users\/249"}],"replies":[{"embeddable":true,"href":"https:\/\/eloficiodehistoriar.com.mx\/index.php?rest_route=%2Fwp%2Fv2%2Fcomments&post=22487"}],"version-history":[{"count":3,"href":"https:\/\/eloficiodehistoriar.com.mx\/index.php?rest_route=\/wp\/v2\/posts\/22487\/revisions"}],"predecessor-version":[{"id":22501,"href":"https:\/\/eloficiodehistoriar.com.mx\/index.php?rest_route=\/wp\/v2\/posts\/22487\/revisions\/22501"}],"wp:featuredmedia":[{"embeddable":true,"href":"https:\/\/eloficiodehistoriar.com.mx\/index.php?rest_route=\/wp\/v2\/media\/22499"}],"wp:attachment":[{"href":"https:\/\/eloficiodehistoriar.com.mx\/index.php?rest_route=%2Fwp%2Fv2%2Fmedia&parent=22487"}],"wp:term":[{"taxonomy":"category","embeddable":true,"href":"https:\/\/eloficiodehistoriar.com.mx\/index.php?rest_route=%2Fwp%2Fv2%2Fcategories&post=22487"},{"taxonomy":"post_tag","embeddable":true,"href":"https:\/\/eloficiodehistoriar.com.mx\/index.php?rest_route=%2Fwp%2Fv2%2Ftags&post=22487"}],"curies":[{"name":"wp","href":"https:\/\/api.w.org\/{rel}","templated":true}]}}