{"id":22490,"date":"2021-06-21T08:54:44","date_gmt":"2021-06-21T14:54:44","guid":{"rendered":"https:\/\/eloficiodehistoriar.com.mx\/?p=22490"},"modified":"2021-06-22T01:29:12","modified_gmt":"2021-06-22T07:29:12","slug":"discurso-de-pietro-parolin","status":"publish","type":"post","link":"https:\/\/eloficiodehistoriar.com.mx\/?p=22490","title":{"rendered":"Discurso de Pietro Parol\u00edn"},"content":{"rendered":"<p class=\"p1\"><span class=\"s1\"><strong>S.E.R. Card. PIETRO PAROLIN<\/strong><\/span><\/p>\n<p class=\"p1\"><span class=\"s1\"><em>Secretario de Estado<\/em><\/span><\/p>\n<p class=\"p5\"><span class=\"s1\">Vuelvo siempre con mucha emoci\u00f3n interior a esta Bas\u00edlica, coraz\u00f3n espiritual de M\u00e9xico, para arrodillarme ante la venerada imagen de Santa Mar\u00eda de Guadalupe, Madre del verdadero Dios por quien se vive, con la misma fe y el mismo amor que he visto en el rostro y en los ojos de tantos mexicanos durante los a\u00f1os de mi permanencia en esta tierra.<\/span><\/p>\n<p class=\"p5\"><span class=\"s1\">Aqu\u00ed donde la Virgen Mar\u00eda ha querido permanecer estampada en el\u00a0<em>ayate<\/em>\u00a0de san Juan Diego, para manifestarse y mostrarse como Madre espiritual de todos, resuenan como consuelo y aliento sus palabras, verdadero b\u00e1lsamo para todo coraz\u00f3n afligido e inquieto: \u00ab\u00bfNo estoy yo aqu\u00ed que soy tu madre? Oye y ten entendido, hijo m\u00edo, que es nada lo que te asusta y aflige, no se turbe tu coraz\u00f3n, \u00bfno estoy aqu\u00ed, que soy tu Madre.\u00bb .<span class=\"Apple-converted-space\">\u00a0<\/span><\/span><\/p>\n<p class=\"p5\"><span class=\"s1\">La \u00faltima vez que estuve aqu\u00ed, acompa\u00f1aba al Santo Padre Francisco, en su memorable viaje en febrero de 2016. Hoy les traigo su cari\u00f1oso saludo y su bendici\u00f3n apost\u00f3lica. De esa visita recordamos el largo tiempo que el Papa transcurri\u00f3 en oraci\u00f3n silenciosa ante la imagen de la Virgen, un di\u00e1logo intenso del hijo con su madre, de un hijo que ha sido llamado a ser padre y pastor, y por esto tiene particular necesidad del sost\u00e9n y la intercesi\u00f3n de Aquella a quien proclamamos como Madre de la Iglesia y Reina de los Ap\u00f3stoles. Por esta raz\u00f3n, rezamos por el Papa, tal como \u00e9l siempre lo pide a los fieles, a la vez que escuchamos su llamada a vivir un tiempo de gracia en toda la Iglesia, preparando y realizando el pr\u00f3ximo S\u00ednodo de los Obispos sobre el tema:\u00a0<em>Por una Iglesia sinodal: comuni\u00f3n, participaci\u00f3n y misi\u00f3n<\/em>. Deseo, al mismo tiempo, agradecer a los Obispos mexicanos por el esfuerzo que ya est\u00e1n cumpliendo en la promoci\u00f3n de un verdadero esp\u00edritu sinodal, tanto a nivel diocesano como a nivel de Conferencia Episcopal.<span class=\"Apple-converted-space\">\u00a0<\/span><\/span><\/p>\n<p class=\"p5\"><span class=\"s1\">De la visita del Santo Padre recordamos tambi\u00e9n sus palabras cuando dijo que el pueblo es el verdadero santuario que Santa Mar\u00eda de Guadalupe pide que se construya incesantemente: \u00ab<em>El santuario de Dios es la vida de sus hijos, de todos y en todas sus condiciones, especialmente de los j\u00f3venes\u00a0<\/em>[\u2026]<em>\u00a0expuestos a un sinf\u00edn de situaciones dolorosas y riesgosas, de los ancianos\u00a0<\/em>[\u2026]<em>\u00a0de nuestras familias que necesitan construirse y levantarse. El santuario de Dios es el rostro de tantos que salen a nuestros caminos<\/em>\u00bb, sobre todo, los rostros sufrientes que nos duelen, como los migrantes, los excluidos, los que est\u00e1n sometidos por las drogas, los j\u00f3venes sin oportunidades, los ni\u00f1os abandonados en nuestras grandes ciudades.<\/span><\/p>\n<p class=\"p5\"><span class=\"s1\">Reunidos este Domingo para celebrar el D\u00eda del Se\u00f1or, hemos escuchado en el Evangelio de san Marcos la escena de aquella barca en la que iban Jes\u00fas y sus disc\u00edpulos cruzando el lago, hasta que, de pronto, de manera inesperada, qued\u00f3 en medio de fuertes vientos y sacudida por las olas que casi la hund\u00edan, ante el temor de todos y la aparente ausencia de Jes\u00fas quien dorm\u00eda profundamente. Sin embargo, frente la s\u00faplica de los disc\u00edpulos, bast\u00f3 una palabra de Jes\u00fas para regresar la calma y la tranquilidad. Es entonces cuando Jes\u00fas le da el sentido pleno a toda esta situaci\u00f3n cuestionando a sus disc\u00edpulos: \u00ab<em>\u00bfPor qu\u00e9 ten\u00edan tanto miedo? \u00bfA\u00fan no tienen fe<\/em>?\u00bb Esa barca en medio de la tormenta es s\u00edmbolo de tantas circunstancias que debemos experimentar de manera personal y social, en nuestras familias y en nuestras naciones, en nuestras comunidades y en la Iglesia toda.<\/span><\/p>\n<p class=\"p5\"><span class=\"s1\">No podemos dejar de pensar en lo que estamos viviendo en nuestros d\u00edas a causa de esta pandemia. Esta nueva realidad, que ha azotado al mundo entero, nos ha hecho sentir nuestra fragilidad humana, paralizando nuestras actividades, afectando nuestra salud y llenando de luto a muchas familias, ante la aparente ausencia de Dios. En medio de tantas pruebas, la Iglesia, como familia de familias, ha tratado de estar cerca, de acompa\u00f1ar, de orar, de interceder por tantas personas heridas no solo en su cuerpo sino tambi\u00e9n profundamente en su esp\u00edritu. Tambi\u00e9n hoy nuestra s\u00faplica ha llegado a los o\u00eddos de Dios como un grito casi desafiante:\u00a0<em>Se\u00f1or, \u00bfd\u00f3nde est\u00e1s?, Maestro, \u00bfpor qu\u00e9 est\u00e1s durmiendo?<\/em>\u00a0Y el Se\u00f1or nos ha hecho sentir nuevamente su presencia a trav\u00e9s de la generosidad y el servicio de tantas buenas personas, que nos han asistido espiritual y f\u00edsicamente, personas dedicadas que han sabido compartir, que nos han acompa\u00f1ado con la oraci\u00f3n. S\u00ed, incluso en este tiempo de prueba, el Se\u00f1or se ha dado a conocer, nos ha levantado, nos est\u00e1 levantando, para construir juntos el futuro de nuestras comunidades y del mundo entero.<\/span><\/p>\n<p class=\"p5\"><span class=\"s1\">Estando aqu\u00ed, ante la\u00a0<em>Emperatriz de las Am\u00e9ricas<\/em>, c\u00f3mo no pensar tambi\u00e9n, al contemplar la barca sacudida por los vientos y las olas, en la situaci\u00f3n que M\u00e9xico, como muchos otros pa\u00edses latinoamericanos, vive desde hace muchos a\u00f1os: la desigualdad social, la pobreza, la violencia del crimen organizado, la divisi\u00f3n por causas pol\u00edticas, sociales y hasta religiosas. Un M\u00e9xico que tiene necesidad de reconciliarse consigo mismo, de reencontrarse como hermanos, de perdonarse mutuamente, de unirse como sociedad superando la polarizaci\u00f3n. Un M\u00e9xico que sepa mirar a su historia para no olvidar la gran riqueza de sus ra\u00edces y la herencia recibida en los valores que han forjado su identidad a lo largo de muchas generaciones. Como creyentes, reconocemos que el encuentro con Jesucristo ha sido y contin\u00faa siendo el don m\u00e1s valioso y trascendente para los pueblos y las culturas de esta Naci\u00f3n y del continente americano. Para abrir mejores caminos hacia el futuro, un futuro de reconciliaci\u00f3n y de armon\u00eda, tenemos que consolidar y profundizar nuestra fe en Jesucristo.<\/span><\/p>\n<p class=\"p5\"><span class=\"s1\">Necesitamos tambi\u00e9n nosotros aquella fe que nos pide Jes\u00fas en el Evangelio de hoy, contra todo desaliento, temor o desconcierto. Necesitamos que nuestra fe en Cristo resucitado, nos ayude a ser constructores de una mejor sociedad a partir de nuestras propias familias y desde el lugar que ocupamos en la vida p\u00fablica.<\/span><\/p>\n<p class=\"p5\"><span class=\"s1\">Tenemos necesidad de la fe de Mar\u00eda, de aquella fe por la cual ella es grande y por la cual es bienaventurada como la saludo su prima Santa Isabel: \u201cFeliz de ti que has cre\u00eddo\u201d. Una fe profunda, una fe convencida, una fe coherente, una fe operante, una fe que se transforme en testimonio de vida porque, lo sabemos, la separaci\u00f3n -y tal vez la contradicci\u00f3n- entre fe y vida es uno de los m\u00e1s graves esc\u00e1ndalos que los cristianos pueden dar al mundo. Es mejor ser verdaderamente cristianos que s\u00f3lo llamarse tales, dec\u00eda San Ignacio de Antioqu\u00eda. Mar\u00eda es un verdadero modelo de esta fe, ella que escucha la Palabra, la acepta y la realiza (Cfr. Lc 1, 38), que medita la Palabra en su coraz\u00f3n (Cfr. Lc 3,51) y sale al encuentro de los dem\u00e1s (Cfr. Lc 1,39-40), que sigue a Jes\u00fas hasta la Cruz (Cfr. Jn 19,25), e iluminada con la resurrecci\u00f3n, permanece unida en la oraci\u00f3n con todos los disc\u00edpulos hasta ser transformados con la experiencia del Esp\u00edritu Santo (Cfr. Hch 1,14).\u00a0<\/span><\/p>\n<p class=\"p5\"><span class=\"s1\">Es esta la intenci\u00f3n principal por la cual deseo rezar en este d\u00eda, junto con todos ustedes que participan de esta celebraci\u00f3n. En el d\u00eda del Padre, confiamos a todos los padres tambi\u00e9n a la intercesi\u00f3n de Mar\u00eda y de su esposo San Jos\u00e9, de quien celebramos el a\u00f1o jubilar, reconociendo la delicada y compleja misi\u00f3n que los padres cumplen en coraz\u00f3n de sus familias y en la sociedad. Una misi\u00f3n que se ha vuelto hoy d\u00eda m\u00e1s dif\u00edcil.<span class=\"Apple-converted-space\">\u00a0<\/span><\/span><\/p>\n<p class=\"p5\"><span class=\"s1\">Pidamos, finalmente, a Nuestra Madre, Santa Mar\u00eda de Guadalupe, que ha venido a nuestro encuentro en el Tepeyac para congregarnos como hermanos alrededor de Jes\u00fas, que la Iglesia, que peregrina en M\u00e9xico y en todo el mundo, renueve su fe y logre dar el buen testimonio de Cristo, manifestando su amor misericordioso para todos los hombres.<\/span><\/p>\n<p class=\"p5\"><span class=\"s1\">Amen.<\/span><\/p>\n","protected":false},"excerpt":{"rendered":"<p>S.E.R. Card. PIETRO PAROLIN Secretario de Estado Vuelvo siempre con mucha emoci\u00f3n interior a esta Bas\u00edlica, coraz\u00f3n espiritual de M\u00e9xico, para arrodillarme ante la venerada imagen de Santa Mar\u00eda de Guadalupe, Madre del verdadero Dios por quien se vive, con la misma fe y el mismo amor que he visto en el rostro y en [&hellip;]<\/p>\n","protected":false},"author":249,"featured_media":22500,"comment_status":"open","ping_status":"closed","sticky":false,"template":"","format":"standard","meta":{"footnotes":""},"categories":[81,24,26,9],"tags":[],"class_list":["post-22490","post","type-post","status-publish","format-standard","has-post-thumbnail","hentry","category-actualidad","category-ciudad-de-mexico","category-mundo","category-otros-lugares"],"_links":{"self":[{"href":"https:\/\/eloficiodehistoriar.com.mx\/index.php?rest_route=\/wp\/v2\/posts\/22490","targetHints":{"allow":["GET"]}}],"collection":[{"href":"https:\/\/eloficiodehistoriar.com.mx\/index.php?rest_route=\/wp\/v2\/posts"}],"about":[{"href":"https:\/\/eloficiodehistoriar.com.mx\/index.php?rest_route=\/wp\/v2\/types\/post"}],"author":[{"embeddable":true,"href":"https:\/\/eloficiodehistoriar.com.mx\/index.php?rest_route=\/wp\/v2\/users\/249"}],"replies":[{"embeddable":true,"href":"https:\/\/eloficiodehistoriar.com.mx\/index.php?rest_route=%2Fwp%2Fv2%2Fcomments&post=22490"}],"version-history":[{"count":1,"href":"https:\/\/eloficiodehistoriar.com.mx\/index.php?rest_route=\/wp\/v2\/posts\/22490\/revisions"}],"predecessor-version":[{"id":22491,"href":"https:\/\/eloficiodehistoriar.com.mx\/index.php?rest_route=\/wp\/v2\/posts\/22490\/revisions\/22491"}],"wp:featuredmedia":[{"embeddable":true,"href":"https:\/\/eloficiodehistoriar.com.mx\/index.php?rest_route=\/wp\/v2\/media\/22500"}],"wp:attachment":[{"href":"https:\/\/eloficiodehistoriar.com.mx\/index.php?rest_route=%2Fwp%2Fv2%2Fmedia&parent=22490"}],"wp:term":[{"taxonomy":"category","embeddable":true,"href":"https:\/\/eloficiodehistoriar.com.mx\/index.php?rest_route=%2Fwp%2Fv2%2Fcategories&post=22490"},{"taxonomy":"post_tag","embeddable":true,"href":"https:\/\/eloficiodehistoriar.com.mx\/index.php?rest_route=%2Fwp%2Fv2%2Ftags&post=22490"}],"curies":[{"name":"wp","href":"https:\/\/api.w.org\/{rel}","templated":true}]}}