{"id":22493,"date":"2021-06-22T01:27:49","date_gmt":"2021-06-22T07:27:49","guid":{"rendered":"https:\/\/eloficiodehistoriar.com.mx\/?p=22493"},"modified":"2021-06-22T01:27:49","modified_gmt":"2021-06-22T07:27:49","slug":"fallece-javier-martinez-osornio-un-sanador-de-cuerpos-y-almas","status":"publish","type":"post","link":"https:\/\/eloficiodehistoriar.com.mx\/?p=22493","title":{"rendered":"Fallece Javier Mart\u00ednez Osornio, un sanador de cuerpos y almas"},"content":{"rendered":"<header id=\"mvp-post-head\" class=\"left relative\">\n<h1 class=\"mvp-post-title left entry-title\">Fallece Javier Mart\u00ednez Osornio, un sanador de cuerpos y almas<\/h1>\n<p>Vicario Episcopal de la Di\u00f3cesis de Quer\u00e9taro<\/p>\n<div class=\"mvp-author-info-wrap left relative\">\n<div class=\"mvp-author-info-text left relative\">\n<div class=\"mvp-author-info-date left relative\">\u00a0<span class=\"mvp-post-date updated\"><time class=\"post-date updated\" datetime=\"2021-06-15\">martes, 15 de junio de 2021<\/time><\/span><\/div>\n<div class=\"mvp-author-info-name left relative\">\n<p>Autor:<\/p>\n<p><span class=\"author-name vcard fn author\"><a title=\"Entradas de Carlos Perusqu\u00eda\" href=\"https:\/\/amqueretaro.com\/author\/carlos_perusquia\/\" rel=\"author\">Carlos Perusqu\u00eda<\/a><\/span><\/div>\n<\/div>\n<\/div>\n<\/header>\n<div id=\"mvp-post-feat-img\" class=\"left relative mvp-post-feat-img-wide2\">\n<div id=\"standard_1\" class=\"st-placement standard_1 inImage\">\n<div class=\"st-adunit st-reset st-show\">\n<div class=\"st-adunit-ad st-reset\">\n<div class=\"st-reset render-mode-normal\">\n<div class=\"st-video-creative st-reset\">\n<div class=\"video-creative-container st-reset\"><\/div>\n<\/div>\n<\/div>\n<\/div>\n<\/div>\n<\/div>\n<p><img loading=\"lazy\" decoding=\"async\" class=\"attachment- size- wp-post-image lazyloaded\" src=\"https:\/\/amqueretaro.com\/wp-content\/uploads\/2021\/06\/Fallece-Javier-Marti%CC%81nez-Osornio-Vicario-Episcopal-de-la-Dio%CC%81cesis-de-Quere%CC%81taro-1.jpg\" sizes=\"auto, (max-width: 1020px) 100vw, 1020px\" srcset=\"https:\/\/amqueretaro.com\/wp-content\/uploads\/2021\/06\/Fallece-Javier-Marti?nez-Osornio-Vicario-Episcopal-de-la-Dio?cesis-de-Quere?taro-1.jpg 1020w, https:\/\/amqueretaro.com\/wp-content\/uploads\/2021\/06\/Fallece-Javier-Marti?nez-Osornio-Vicario-Episcopal-de-la-Dio?cesis-de-Quere?taro-1-300x188.jpg 300w, https:\/\/amqueretaro.com\/wp-content\/uploads\/2021\/06\/Fallece-Javier-Marti?nez-Osornio-Vicario-Episcopal-de-la-Dio?cesis-de-Quere?taro-1-768x482.jpg 768w\" alt=\"Fallece Javier Mart\u00ednez Osornio, Vicario Episcopal de la Di\u00f3cesis de Quer\u00e9taro\" width=\"1020\" height=\"640\" data-lazy-srcset=\"https:\/\/amqueretaro.com\/wp-content\/uploads\/2021\/06\/Fallece-Javier-Marti?nez-Osornio-Vicario-Episcopal-de-la-Dio?cesis-de-Quere?taro-1.jpg 1020w, https:\/\/amqueretaro.com\/wp-content\/uploads\/2021\/06\/Fallece-Javier-Marti?nez-Osornio-Vicario-Episcopal-de-la-Dio?cesis-de-Quere?taro-1-300x188.jpg 300w, https:\/\/amqueretaro.com\/wp-content\/uploads\/2021\/06\/Fallece-Javier-Marti?nez-Osornio-Vicario-Episcopal-de-la-Dio?cesis-de-Quere?taro-1-768x482.jpg 768w\" data-lazy-sizes=\"(max-width: 1020px) 100vw, 1020px\" data-lazy-src=\"https:\/\/amqueretaro.com\/wp-content\/uploads\/2021\/06\/Fallece-Javier-Marti?nez-Osornio-Vicario-Episcopal-de-la-Dio?cesis-de-Quere?taro-1.jpg\" data-was-processed=\"true\" \/><\/div>\n<div id=\"mvp-content-wrap\" class=\"left relative\">\n<div class=\"mvp-post-soc-out right relative\">\n<div class=\"mvp-post-soc-wrap left relative\"><\/div>\n<div class=\"mvp-post-soc-in\">\n<div id=\"mvp-content-body\" class=\"left relative\">\n<div id=\"mvp-content-body-top\" class=\"left relative\">\n<div id=\"mvp-content-main\" class=\"left relative\">\n<div id=\"fb-root\" class=\" fb_reset\"><\/div>\n<h3><\/h3>\n<div id=\"tps_slideContainer_853632\" class=\"theiaPostSlider_slides\">\n<div class=\"theiaPostSlider_preloadedSlide\">\n<h3>Javier Mart\u00ednez Osorio ingres\u00f3 al Seminario Conciliar desde peque\u00f1o. Obtuvo diversos cargos en la Di\u00f3cesis de Quer\u00e9taro<\/h3>\n<p><em>Carlos Uriegas<\/em><\/p>\n<p>A la edad de 79 a\u00f1os y con 53 a\u00f1os de labor sacerdotal, muri\u00f3 monse\u00f1or Javier Mart\u00ednez Osornio, un personaje entra\u00f1able para sus fieles, conocido por su alegr\u00eda permanente, pero tambi\u00e9n por su firmeza y claridad para hablar, pero sobre todo por ser sanador de personas en sus dolores f\u00edsicos y espirituales.<\/p>\n<p>Ra\u00edl Ju\u00e1rez Rangel, cu\u00f1ado del monse\u00f1or, lo recuerda con mucho cari\u00f1o y destaca c\u00f3mo con su labor de 53 a\u00f1os se gan\u00f3 el cari\u00f1o y el respeto de sus feligreses.<\/p>\n<p>Hijo de Jos\u00e9 Guadalupe Mart\u00ednez Mart\u00ednez, y Natividad Osornio, naci\u00f3 el 29 de noviembre 1941 en el Barrio de la Cruz, en la calle de 5 de mayo. Fue el tercero de 11 hermanos, seis mujeres y cinco hombres y compa\u00f1ero de pasos hacia el reino de Dios junto a su hermano, monse\u00f1or Jos\u00e9 Guadalupe, quien es el vicario de la Catedral de Quer\u00e9taro.<\/p>\n<div>\n<div id=\"standard_2\" class=\"st-placement standard_2 inArticle\">\n<div class=\"st-adunit st-reset st-show\">\n<div class=\"st-adunit-ad st-reset\">\n<div class=\"st-reset render-mode-normal\">\n<div class=\"st-video-creative st-reset\">\n<div class=\"video-creative-container st-reset\"><iframe id=\"video-creative\" frameborder=\"0\" scrolling=\"no\" data-mce-fragment=\"1\"><\/iframe><\/div>\n<\/div>\n<\/div>\n<\/div>\n<\/div>\n<\/div>\n<\/div>\n<p>\u201cDesde muy ni\u00f1o quiso ser sacerdote, desde que iba en cuarto de primaria y entr\u00f3 con su hermano Jos\u00e9 Guadalupe, quien tambi\u00e9n se hizo sacerdote, al Seminario Menor en la calle Vergara, donde estudi\u00f3 cuatro a\u00f1os\u201d, comparte don Ra\u00fal Ju\u00e1rez.<\/p>\n<p>Visiblemente emocionado, Ra\u00fal Ju\u00e1rez coment\u00f3 que al casarse con su hermana Martha Mart\u00ednez Osornio se tomaron confianza, a grado tal de considerarlo un hermano m\u00e1s y parte importante de su familia, a la que monse\u00f1or acompa\u00f1aba a\u00f1o con a\u00f1o a vacacionar a alguna playa de M\u00e9xico.<\/p>\n<p>\u201cSiempre nos acompa\u00f1aba en las vacaciones. Le gustaba mucho ir a Mazatl\u00e1n y a Ixtapa, por 40 a\u00f1os nos acompa\u00f1\u00f3 en las vacaciones\u201d.<\/p>\n<p>Con una altura de 1.83 metros se aficion\u00f3 y practic\u00f3 basquetbol a buen nivel, siendo este deporte, y la pobre amortiguaci\u00f3n de los tenis \u201cSuper faro\u201d una de las razones para que se lastimara y tuviera que ser operado de la cadera.<\/p>\n<p>Ya en el seminario se hizo devoto guadalupano, y ya ordenado sacerdote, estuvo por varios a\u00f1os en la Sierra, en Pinal de Amoles hasta llegar a la catedral.<\/p>\n<p>\u201cDe la Sierra se fue a Tequisquiapan, luego al Seminario conciliar y luego a la iglesia de Cristo Rey donde lo recuerdan con mucho cari\u00f1o; tambi\u00e9n estuvo en Pentecost\u00e9s, en la Catedral. Hay gente que dec\u00eda que era un santo, ya que cuando oficiaba la misa se alcanzaba a ver una aureola sobre su cabeza, adem\u00e1s de que mucha gente lo buscaba ya que sanaba a las personas\u201d, coment\u00f3 su cu\u00f1ado Ra\u00fal, quien comparti\u00f3 una frase que dec\u00eda mucho monse\u00f1or Javier Mart\u00ednez Osornio: \u201cDios es el que hace las cosas, a m\u00ed s\u00f3lo me toca asistir a los enfermos y orar por ellos\u201d.<\/p>\n<p>\u201cSu labor de ayuda social fue destacada ya que fue fundador de Caritas en Quer\u00e9taro y siempre estuvo dispuesto a ayudar en lo que pudiera a sus semejantes y en sus homil\u00edas destacaba el amor a Dios y a la familia, con su voz clara, exigente y justa\u201d.<\/p>\n<p>Su alegr\u00eda siempre presente y sus palabras de aliento ser\u00e1n recordadas en el mundo terrenal, en el cual no ocult\u00f3 su afici\u00f3n a las Chivas del Guadalajara y a degustar una sabrosa carne asada procedente del norte del pa\u00eds.<\/p>\n<p>Don Mose\u00f1or Javier Mart\u00ednez Osorio ser\u00e1 velado toda la noche en la catedral queretana, para posteriormente ser cremado y el mi\u00e9rcoles a las 17:00 se tiene programada una misa para posteriormente colocarlas en un nicho junto a sus padres.<\/p>\n<\/div>\n<\/div>\n<\/div>\n<\/div>\n<\/div>\n<\/div>\n<\/div>\n<\/div>\n","protected":false},"excerpt":{"rendered":"<p>Fallece Javier Mart\u00ednez Osornio, un sanador de cuerpos y almas Vicario Episcopal de la Di\u00f3cesis de Quer\u00e9taro \u00a0martes, 15 de junio de 2021 Autor: Carlos Perusqu\u00eda Javier Mart\u00ednez Osorio ingres\u00f3 al Seminario Conciliar desde peque\u00f1o. Obtuvo diversos cargos en la Di\u00f3cesis de Quer\u00e9taro Carlos Uriegas A la edad de 79 a\u00f1os y con 53 a\u00f1os [&hellip;]<\/p>\n","protected":false},"author":249,"featured_media":22497,"comment_status":"open","ping_status":"closed","sticky":false,"template":"","format":"standard","meta":{"footnotes":""},"categories":[81,8,64,10,27,59],"tags":[],"class_list":["post-22493","post","type-post","status-publish","format-standard","has-post-thumbnail","hentry","category-actualidad","category-ciudad-de-queretaro","category-hispanoamerica","category-historia","category-latinoamerica","category-noticias"],"_links":{"self":[{"href":"https:\/\/eloficiodehistoriar.com.mx\/index.php?rest_route=\/wp\/v2\/posts\/22493","targetHints":{"allow":["GET"]}}],"collection":[{"href":"https:\/\/eloficiodehistoriar.com.mx\/index.php?rest_route=\/wp\/v2\/posts"}],"about":[{"href":"https:\/\/eloficiodehistoriar.com.mx\/index.php?rest_route=\/wp\/v2\/types\/post"}],"author":[{"embeddable":true,"href":"https:\/\/eloficiodehistoriar.com.mx\/index.php?rest_route=\/wp\/v2\/users\/249"}],"replies":[{"embeddable":true,"href":"https:\/\/eloficiodehistoriar.com.mx\/index.php?rest_route=%2Fwp%2Fv2%2Fcomments&post=22493"}],"version-history":[{"count":1,"href":"https:\/\/eloficiodehistoriar.com.mx\/index.php?rest_route=\/wp\/v2\/posts\/22493\/revisions"}],"predecessor-version":[{"id":22498,"href":"https:\/\/eloficiodehistoriar.com.mx\/index.php?rest_route=\/wp\/v2\/posts\/22493\/revisions\/22498"}],"wp:featuredmedia":[{"embeddable":true,"href":"https:\/\/eloficiodehistoriar.com.mx\/index.php?rest_route=\/wp\/v2\/media\/22497"}],"wp:attachment":[{"href":"https:\/\/eloficiodehistoriar.com.mx\/index.php?rest_route=%2Fwp%2Fv2%2Fmedia&parent=22493"}],"wp:term":[{"taxonomy":"category","embeddable":true,"href":"https:\/\/eloficiodehistoriar.com.mx\/index.php?rest_route=%2Fwp%2Fv2%2Fcategories&post=22493"},{"taxonomy":"post_tag","embeddable":true,"href":"https:\/\/eloficiodehistoriar.com.mx\/index.php?rest_route=%2Fwp%2Fv2%2Ftags&post=22493"}],"curies":[{"name":"wp","href":"https:\/\/api.w.org\/{rel}","templated":true}]}}