{"id":22509,"date":"2021-06-22T10:48:05","date_gmt":"2021-06-22T16:48:05","guid":{"rendered":"https:\/\/eloficiodehistoriar.com.mx\/?p=22509"},"modified":"2021-06-22T10:48:05","modified_gmt":"2021-06-22T16:48:05","slug":"muere-el-gran-amigo-mons-javier-martinez-osornio","status":"publish","type":"post","link":"https:\/\/eloficiodehistoriar.com.mx\/?p=22509","title":{"rendered":"Muere el gran amigo Mons. Javier Mart\u00ednez Osornio"},"content":{"rendered":"<p>El vicario general de la Di\u00f3cesis de Quer\u00e9taro, Javier Mart\u00ednez Osornio, falleci\u00f3 hoy a los 79 a\u00f1os de edad; su cuerpo ser\u00e1 velado en la Catedral, donde tambi\u00e9n ser\u00e1n depositadas sus cenizas<\/p>\n<p>Javier Mart\u00ednez Osornio, quien fue vicario general de la Di\u00f3cesis de Quer\u00e9taro desde el 20 de mayo de 1999, muri\u00f3 -este martes 15 de junio- a los 79 a\u00f1os de edad; su fallecimiento fue lamentado tanto por el gobernador Francisco Dom\u00ednguez Servi\u00e9n como por el mandatario estatal electo Mauricio Kuri Gonz\u00e1lez.<br \/>\n\u201cLamento el sensible fallecimiento de monse\u00f1or Javier Mart\u00ednez Osornio, vicario general de la Di\u00f3cesis de Quer\u00e9taro. Descanse en paz\u201d, se\u00f1al\u00f3 el gobernador por medio de su cuenta de Twitter.<\/p>\n<p>\u201cA nombre m\u00edo y de mi familia, env\u00edo nuestras m\u00e1s sinceras condolencias a los familiares y seres queridos de monse\u00f1or Javier Mart\u00ednez Osornio. Nuestras oraciones y solidaridad est\u00e1n con ustedes\u201d, indic\u00f3 el gobernador electo tambi\u00e9n a trav\u00e9s de su cuenta de Twitter.<\/p>\n<p>Adem\u00e1s de vicario general, Mart\u00ednez Osornio se desempe\u00f1\u00f3 como vicario episcopal por la Vida Consagrada desde el 1 de enero de 2002. Adem\u00e1s, fue p\u00e1rroco de la Parroquia del Sagrado Coraz\u00f3n de Jes\u00fas.<br \/>\n\u201cMonse\u00f1or Javier ha dejado una profunda huella en lavada de nuestra Iglesia Diocesana especialmente marcada por su alegr\u00eda. Su cercan\u00eda y estrecha colaboraci\u00f3n en el gobierno eclesi\u00e1stico desde muy joven, le permiti\u00f3 impulsar y fortalecer la vida pastoral de muchos sacerdotes, miembros de la vida consagrada y fieles laicos\u201d, destac\u00f3 la Di\u00f3cesis de Quer\u00e9taro.<\/p>\n<p>El obispo de la Di\u00f3cesis de Quer\u00e9taro, Fidencio L\u00f3pez Plaza, pidi\u00f3 a los sacerdotes ofrecer misas durante los pr\u00f3ximos tres d\u00edas en memoria del vicario general e hizo un llamado a los feligreses cat\u00f3licos para eleven sus \u201coraciones para que Dios le conceda la vida eterna, haci\u00e9ndole sentar a su derecha\u201d.<br \/>\nEl cuerpo de Javier Mart\u00ednez Osornio ser\u00e1 velado en la Catedral de Quer\u00e9taro y ma\u00f1ana mi\u00e9rcoles 16 de junio, a las 10 de la ma\u00f1ana, se celebrar\u00e1 la misa solemne de exequias encabezada por el obispo. Posteriormente, sus cenizas ser\u00e1n depositadas en la cripta de la Catedral de la Di\u00f3cesis de Quer\u00e9taro.<\/p>\n","protected":false},"excerpt":{"rendered":"<p>El vicario general de la Di\u00f3cesis de Quer\u00e9taro, Javier Mart\u00ednez Osornio, falleci\u00f3 hoy a los 79 a\u00f1os de edad; su cuerpo ser\u00e1 velado en la Catedral, donde tambi\u00e9n ser\u00e1n depositadas sus cenizas Javier Mart\u00ednez Osornio, quien fue vicario general de la Di\u00f3cesis de Quer\u00e9taro desde el 20 de mayo de 1999, muri\u00f3 -este martes 15 [&hellip;]<\/p>\n","protected":false},"author":249,"featured_media":0,"comment_status":"open","ping_status":"closed","sticky":false,"template":"","format":"standard","meta":{"footnotes":""},"categories":[26],"tags":[],"class_list":["post-22509","post","type-post","status-publish","format-standard","hentry","category-mundo"],"_links":{"self":[{"href":"https:\/\/eloficiodehistoriar.com.mx\/index.php?rest_route=\/wp\/v2\/posts\/22509","targetHints":{"allow":["GET"]}}],"collection":[{"href":"https:\/\/eloficiodehistoriar.com.mx\/index.php?rest_route=\/wp\/v2\/posts"}],"about":[{"href":"https:\/\/eloficiodehistoriar.com.mx\/index.php?rest_route=\/wp\/v2\/types\/post"}],"author":[{"embeddable":true,"href":"https:\/\/eloficiodehistoriar.com.mx\/index.php?rest_route=\/wp\/v2\/users\/249"}],"replies":[{"embeddable":true,"href":"https:\/\/eloficiodehistoriar.com.mx\/index.php?rest_route=%2Fwp%2Fv2%2Fcomments&post=22509"}],"version-history":[{"count":1,"href":"https:\/\/eloficiodehistoriar.com.mx\/index.php?rest_route=\/wp\/v2\/posts\/22509\/revisions"}],"predecessor-version":[{"id":22510,"href":"https:\/\/eloficiodehistoriar.com.mx\/index.php?rest_route=\/wp\/v2\/posts\/22509\/revisions\/22510"}],"wp:attachment":[{"href":"https:\/\/eloficiodehistoriar.com.mx\/index.php?rest_route=%2Fwp%2Fv2%2Fmedia&parent=22509"}],"wp:term":[{"taxonomy":"category","embeddable":true,"href":"https:\/\/eloficiodehistoriar.com.mx\/index.php?rest_route=%2Fwp%2Fv2%2Fcategories&post=22509"},{"taxonomy":"post_tag","embeddable":true,"href":"https:\/\/eloficiodehistoriar.com.mx\/index.php?rest_route=%2Fwp%2Fv2%2Ftags&post=22509"}],"curies":[{"name":"wp","href":"https:\/\/api.w.org\/{rel}","templated":true}]}}