{"id":22511,"date":"2021-06-22T10:58:18","date_gmt":"2021-06-22T16:58:18","guid":{"rendered":"https:\/\/eloficiodehistoriar.com.mx\/?p=22511"},"modified":"2021-06-22T10:58:18","modified_gmt":"2021-06-22T16:58:18","slug":"travesia-por-la-vida-sonarse-sonando","status":"publish","type":"post","link":"https:\/\/eloficiodehistoriar.com.mx\/?p=22511","title":{"rendered":"Traves\u00eda por la vida, so\u00f1arse so\u00f1ando"},"content":{"rendered":"<p>Traves\u00eda por la vida, so\u00f1arse so\u00f1ando<\/p>\n<p>Luis Hern\u00e1ndez Navarro<\/p>\n<p>En el siglo de las diferencias, un escuadr\u00f3n zapatista integrado por diferentes (ind\u00edgenas rebeldes, mujeres en lucha, j\u00f3venes y un transg\u00e9nero) toc\u00f3 este domingo, despu\u00e9s de una traves\u00eda mar\u00edtima de 50 d\u00edas, las costas de Vigo, en Espa\u00f1a. Se propone no reconstruir naciones, sino nuevas realidades, nuevos mundos.<\/p>\n<p>Los insumisos del sureste mexicano se so\u00f1aron cruzando las aguas del \u00adAtl\u00e1ntico en un velero para adelantar las manecillas del reloj de la historia, y encontrarse en tierras europeas con otros diferentes, para conversar y escuchar sobre formas alternativas de convivencia que pongan en el centro la vida, y ese sue\u00f1o se hizo realidad. Mientras, en la cubierta del barco, de cara a tierra firme, desplegaron una manta que grita a todo el viejo continente: \u00a1Despertad!<\/p>\n<p>Hasta hace apenas 28 a\u00f1os, la mayor\u00eda de los antepasados de este grupo de siete ind\u00edgenas que navegaron a bordo de La Monta\u00f1a, ten\u00edan como su conf\u00edn pol\u00edtico y cultural la iglesia, la milpa y el cami\u00f3n de redilas. Con enormes esfuerzos y sacrificios, desafiando el aislamiento, la miseria y la represi\u00f3n, se asociaron en uniones para recuperar la tierra usurpada por los latifundistas y apropiarse de su proceso productivo. Pero no fue suficiente. Para ser escuchados tuvieron que levantarse en armas.<\/p>\n<p>Hoy, el horizonte del Escuadr\u00f3n 421 y del resto de la delegaci\u00f3n del EZLN que aguarda la entrega de sus pasaportes para viajar por aire a encontrarse con sus compa\u00f1eros, es Europa y la construcci\u00f3n de un otro mundo. De ese tama\u00f1o es el cambio vivido en las comunidades zapatistas en casi tres d\u00e9cadas.<\/p>\n<p>El escuadr\u00f3n va a reunirse con los consumidores del caf\u00e9 que ellos y sus compa\u00f1eros cultivan en sus huertos a casi 9 mil kil\u00f3metros de distancia; con las mujeres que visten los huipiles que ellas bordan en sus telares y con las que han compartido m\u00e1s de un encuentro feminista, con los luchadores sociales que tienen a la Comuna de la Lacandona como fuente de inspiraci\u00f3n para pensar sus propias utop\u00edas.<\/p>\n<p>En m\u00faltiples ocasiones, Carlos Monsiv\u00e1is reconoci\u00f3 como una de las grandes aportaciones del movimiento zapatista \u00adel introducir a la discusi\u00f3n p\u00fablica el tema del racismo, como una de las caracter\u00edsticas nacionales innegables. Seg\u00fan \u00e9l, las movilizaciones de los mil 111 delegados rebeldes en la Ciudad de M\u00e9xico en septiembre de 1997, fueron la primera manifestaci\u00f3n antirracista en la historia de M\u00e9xico (https:\/\/bit.ly\/3vSIBwl). Como lo demuestra la vergonzosa negativa de los funcionarios de la Secretar\u00eda de Relaciones Exteriores a expedirles pasaportes o de otras autoridades a reconocerlos como mexicanos (https:\/\/bit.ly\/2ScnTJM), el racismo estructural es una realidad lacerante en nuestro pa\u00eds, y el EZLN sigue siendo un actor clave en la lucha contra la discriminaci\u00f3n.<\/p>\n<p>Una y otra vez, el poder ha intentado presentar a los zapatistas como ind\u00edgenas manipulados por un blanco que quiere desestabilizar el pa\u00eds, o por trasnochados que no se acaban de enterar que ya cay\u00f3 el muro de Berl\u00edn o, incluso, en el colmo del delirio, como agentes del imperio brit\u00e1nico que anhelan los recursos naturales del subsuelo chiapaneco. Parece broma, pero no lo es. Hoy no es la excepci\u00f3n. Estas calumnias se replican una y otra vez. La traves\u00eda por la vida muestra al mundo la dignidad y conciencia de los ind\u00edgenas rebeldes y c\u00f3mo su reivindicaci\u00f3n de igualdad y diferencia est\u00e1 profundamente encarnada en su ser.<\/p>\n<p>En febrero de 1994, los zapatistas enfrentaron estas infamias, desplegando en los di\u00e1logos de la catedral, la bandera nacional. Mandaron as\u00ed un mensaje muy claro al pa\u00eds: los pueblos originarios se reapropiaban de la patria. De esta manera, adem\u00e1s de responder a la campa\u00f1a de estigmatizaci\u00f3n en su contra, recuperaron para s\u00ed un discurso que se les hab\u00eda arrebatado: el de lo nacional.<\/p>\n<p>Desde hace a\u00f1os, el EZLN ha sido un sofisticado artista en el dif\u00edcil oficio de construir interlocutores para escapar de la trampa de negociaciones de ventanilla con el poder y de soluciones militares. As\u00ed lo hicieron en el di\u00e1logo en catedral (1994), en San Miguel (1995), en San Andr\u00e9s (1996) o en el Congreso de la Uni\u00f3n (2001). As\u00ed lo hacen tambi\u00e9n ahora con este viaje.<\/p>\n<p>Como ha se\u00f1alado Arturo Anguiano, la ofensiva europea permite al EZLN romper el cerco. No es exageraci\u00f3n. Grupos paramilitares act\u00faan en Chiapas impunemente, en al menos cinco frentes (Tila, Aldama, Cuxulj\u00e1, Oxchuc, Ocosingo), varios de ellos ubicados en corredores estrat\u00e9gicos para bloquear la expansi\u00f3n territorial de la autonom\u00eda zapatista (https:\/\/bit.ly\/3vNQaUF). En 2022, la Guardia Nacional tendr\u00e1 24 cuarteles en cuatro zonas de seguridad en el estado (https:\/\/bit.ly\/3zIOrU4). Simult\u00e1neamente, a trav\u00e9s de programas clientelares, se busca desarticular la resistencia de las comunidades en rebeld\u00eda, y fortalecer l\u00edderes y bases de apoyo afines al gobierno. La traves\u00eda por la vida permitir\u00e1 cambiar el terreno de esta confrontaci\u00f3n.<\/p>\n<p>Hace m\u00e1s de 28 a\u00f1os, en marzo de 1994, al terminar el di\u00e1logo de la catedral, uno de los 14 delegados zapatistas ley\u00f3 un comunicado, que explicaba: En nuestros sue\u00f1os hemos visto otro mundo, un mundo verdadero, infinitamente m\u00e1s justo que en el que ahora estamos. Pese al tiempo transcurrido, esos sue\u00f1os los siguen so\u00f1ando los integrantes del Escuadr\u00f3n 421 que desembarcaron en Vigo, sus comunidades en rebeld\u00eda y quienes, provenientes de las m\u00e1s distintas latitudes, los recibieron con una gran celebraci\u00f3n. Es la hora de so\u00f1arse so\u00f1ando.<br \/>\nTwitter: @lhan55<\/p>\n<p>&nbsp;<\/p>\n","protected":false},"excerpt":{"rendered":"<p>Traves\u00eda por la vida, so\u00f1arse so\u00f1ando Luis Hern\u00e1ndez Navarro En el siglo de las diferencias, un escuadr\u00f3n zapatista integrado por diferentes (ind\u00edgenas rebeldes, mujeres en lucha, j\u00f3venes y un transg\u00e9nero) toc\u00f3 este domingo, despu\u00e9s de una traves\u00eda mar\u00edtima de 50 d\u00edas, las costas de Vigo, en Espa\u00f1a. Se propone no reconstruir naciones, sino nuevas realidades, [&hellip;]<\/p>\n","protected":false},"author":249,"featured_media":0,"comment_status":"open","ping_status":"closed","sticky":false,"template":"","format":"standard","meta":{"footnotes":""},"categories":[26],"tags":[],"class_list":["post-22511","post","type-post","status-publish","format-standard","hentry","category-mundo"],"_links":{"self":[{"href":"https:\/\/eloficiodehistoriar.com.mx\/index.php?rest_route=\/wp\/v2\/posts\/22511","targetHints":{"allow":["GET"]}}],"collection":[{"href":"https:\/\/eloficiodehistoriar.com.mx\/index.php?rest_route=\/wp\/v2\/posts"}],"about":[{"href":"https:\/\/eloficiodehistoriar.com.mx\/index.php?rest_route=\/wp\/v2\/types\/post"}],"author":[{"embeddable":true,"href":"https:\/\/eloficiodehistoriar.com.mx\/index.php?rest_route=\/wp\/v2\/users\/249"}],"replies":[{"embeddable":true,"href":"https:\/\/eloficiodehistoriar.com.mx\/index.php?rest_route=%2Fwp%2Fv2%2Fcomments&post=22511"}],"version-history":[{"count":1,"href":"https:\/\/eloficiodehistoriar.com.mx\/index.php?rest_route=\/wp\/v2\/posts\/22511\/revisions"}],"predecessor-version":[{"id":22512,"href":"https:\/\/eloficiodehistoriar.com.mx\/index.php?rest_route=\/wp\/v2\/posts\/22511\/revisions\/22512"}],"wp:attachment":[{"href":"https:\/\/eloficiodehistoriar.com.mx\/index.php?rest_route=%2Fwp%2Fv2%2Fmedia&parent=22511"}],"wp:term":[{"taxonomy":"category","embeddable":true,"href":"https:\/\/eloficiodehistoriar.com.mx\/index.php?rest_route=%2Fwp%2Fv2%2Fcategories&post=22511"},{"taxonomy":"post_tag","embeddable":true,"href":"https:\/\/eloficiodehistoriar.com.mx\/index.php?rest_route=%2Fwp%2Fv2%2Ftags&post=22511"}],"curies":[{"name":"wp","href":"https:\/\/api.w.org\/{rel}","templated":true}]}}