{"id":22515,"date":"2021-06-23T10:44:54","date_gmt":"2021-06-23T16:44:54","guid":{"rendered":"https:\/\/eloficiodehistoriar.com.mx\/?p=22515"},"modified":"2021-06-23T10:44:54","modified_gmt":"2021-06-23T16:44:54","slug":"la-fragilidad-de-todos-ante-el-covid-nos-deberia-aproximar-ana-luisa-amaral","status":"publish","type":"post","link":"https:\/\/eloficiodehistoriar.com.mx\/?p=22515","title":{"rendered":"La fragilidad de todos ante el Covid nos deber\u00eda aproximar: Ana Lu\u00edsa Amaral"},"content":{"rendered":"<div class=\"cabeza\">La fragilidad de todos ante el Covid nos deber\u00eda aproximar: Ana Lu\u00edsa Amaral<\/div>\n<div class=\"sumarios\"><\/div>\n<div id=\"article-text\" class=\"text\">\n<div class=\"foto\"><img decoding=\"async\" title=\"\" src=\"https:\/\/www.jornada.com.mx\/2021\/06\/23\/fotos\/a03n1cul-1.jpg\" alt=\"Foto\" \/><\/p>\n<div class=\"pie-foto\">? De izquierda a derecha, Amaral con Ana Costa Freitas, rectora de la Universidad de \u00c9vora, y Antonio S\u00e1ez Delgado, presidente del jurado.<span class=\"credito\">Foto tomada del Twitter de Pilar del R\u00edo<\/span><\/div>\n<\/div>\n<div class=\"foto\"><img decoding=\"async\" title=\"\" src=\"https:\/\/www.jornada.com.mx\/2021\/06\/23\/fotos\/a03n1cul-2.jpg\" alt=\"Foto\" \/><\/p>\n<div class=\"pie-foto\">La poeta y docente portuguesa Ana Lu\u00edsa Amaral recibi\u00f3 ayer el Premio Virgilio Ferreira 2021, uno de los m\u00e1s importantes de Portugal.<\/div>\n<div class=\"pie-foto\"><\/div>\n<\/div>\n<div class=\"col col1\">\n<div class=\"credito-autor\">Reyes Mart\u00ednez Torrijos<\/div>\n<div class=\"credito-titulo\"><\/div>\n<div class=\"hemero\">La Jornada<\/p>\n<\/div>\n<p class=\"s-s\">La obra po\u00e9tica de Ana Lu\u00edsa Amaral tiene la caracter\u00edstica de lo c\u00f3smico:\u00a0<q>esa idea del cruzamiento entre el tiempo y el espacio nos une tan bien con el universo y con las galaxias<\/q>, sostiene la portuguesa Ana Lu\u00edsa Amaral, premio Reina Sof\u00eda de Poes\u00eda 2021.<\/p>\n<p>La escritora y docente recibi\u00f3 este martes el Premio Virgilio Ferreira, de la Universidad de \u00c9vora, uno de los m\u00e1s prestigiosos de Portugal.<\/p>\n<p>En entrevista desde dicho pa\u00eds, la autora se dice\u00a0<q>muy honrada y feliz porque es un honor muy grande<\/q>\u00a0ganar el Reina Sof\u00eda.\u00a0<q>Tiene un valor muy especial porque es iberoamericano y cubre los pa\u00edses de lenguas portuguesa y espa\u00f1ola<\/q>.<\/p>\n<p>Amaral (Lisboa, 1956) destaca que es la s\u00e9ptima mujer en recibirlo y la segunda de lengua portuguesa.\u00a0<q>Adem\u00e1s, tengo 65 a\u00f1os y normalmente se le ha dado a personas mayores<\/q>. En a\u00f1os anteriores lo han recibido Ra\u00fal Zurita, Joan Margarit e Ida Vitale.<\/p>\n<p>Su poemario\u00a0<em>What\u2019s in a Name\u00a0<\/em>lleg\u00f3 a M\u00e9xico bajo el sello Sexto Piso, traducido por Paula Abramo. El t\u00edtulo, sostiene, le gusta mucho. Proviene de los versos shakesperianos de\u00a0<em>Romeo y Julieta<\/em>: \u201c\u2018\u00bfQu\u00e9 hay en un nombre? \u00bfSi le fuera dado otro nombre a la rosa, ser\u00eda menos dulce su perfume?\u2019 No tenemos forma de saber porque asociamos el nombre con la cosa, con el mundo.<\/p>\n<p><q>En estos tiempos tan complicados, feroces y violentos, sabemos, por ejemplo, que en el Estados Unidos de Donald Trump llamarse Ahmed es muy diferente a llamarse Russell; o en la Alemania de Hitler si te llamaras Samuel ser\u00eda muy diferente a llamarse Hans. S\u00ed que los nombres cuentan, de alguna for-ma nos definen.<\/q><\/p>\n<p>La profesora en la Universidad de Oporto afirma que la pregunta de Julieta es pol\u00edtica. \u201cToda la poes\u00eda es de cierta forma comprometida con el mundo, pero esa es una pregunta pol\u00edtica en el sentido de\u00a0<em>polis<\/em>, de convivir en com\u00fan unos con los otros y las otras. Todos en este planeta en pandemia hemos tenido que reconocer que somos igualmente vulnerables. Esa fragilidad nos deber\u00eda aproximar.<\/p>\n<p>\u201c<em>What\u2019s in a Name<\/em>\u00a0permite hacer esa reflexi\u00f3n sobre el lugar de nosotros como seres que viven en este planeta. Los refugiados est\u00e1n en \u00e9l. El Mediterr\u00e1neo es abordado ah\u00ed. Todo viene a mi poes\u00eda: una cebolla, una papa, una hormiga, una galaxia, los refugiados, mi hija, mi perra, una receta de comida, todo puede estar ah\u00ed porque todo hace parte de todo.\u201d<\/p>\n<p>Sobre la inclusi\u00f3n de los temas c\u00f3smicos en su obra, Amaral refiere que \u201csiempre ha tenido esta caracter\u00edstica. Tengo un poema sobre Einstein y otro que dice: \u2018el tiempo par\u00f3 ahora mismo, cuando te mir\u00e9 a los ojos y he visto mi reflejo\u2019. Esa idea del cruzamiento entre el tiempo, el espacio, lo que nos une tan bien con el universo y con las galaxias\u201d.<\/p>\n<\/div>\n<div class=\"col col2\">\n<p>La poeta se refiere a la relaci\u00f3n entre las mujeres que buscan los huesos de los cad\u00e1veres arrojados en el desierto de Atacama durante la dictadura de Pinochet con la observaci\u00f3n de los cielos en esa zona en el documental\u00a0<em>Nostalgia de la luz,\u00a0<\/em>del chileno Patricio Guzm\u00e1n.<\/p>\n<p><q>Mirar arriba y mirar abajo. \u00c9l vincula las dos cosas y es algo muy bonito que uno de los astr\u00f3nomos dice: nosotros estamos hechos del mismo calcio del que est\u00e1n hechas las estrellas. El calcio que est\u00e1 en tus manos es el mismo que se puede encontrar en los astros. C\u00f3mo no aproximar lo cotidiano a lo c\u00f3smico.<\/q><\/p>\n<p>Su poes\u00eda recurre de forma constante a la palabra\u00a0<q>tiempo<\/q>. La docente refiere que\u00a0<q>hay una obsesi\u00f3n con el tiempo. Nosotros somos muy peque\u00f1os, sabemos muy poco, casi nada; a veces pienso que somos como esos mosquitos junto a una ventana, zumbando y piensan que pueden pasar porque es transparente pero no pueden, pero intentan<\/q>.<\/p>\n<p>Agrega que\u00a0<q>es una invenci\u00f3n y una necesidad humana pensar en t\u00e9rminos de pasado, presente y futuro, pero tal vez no est\u00e9n tan separados. Hoy se sabe que el tiempo y el espacio est\u00e1n conectados. Somos nosotros los que tenemos dificultades en entender esto<\/q>.<\/p>\n<p>Amaral explica que desde ni\u00f1a le fascin\u00f3 ese misterio.\u00a0<q>Recuerdo tener tres o cuatro a\u00f1os de la mano de mi padre, mirar las estrellas y tener miedo de caer para arriba. Esa idea de lo inmenso sobre m\u00ed se convirti\u00f3 en la idea de que el tiempo es algo de nuestro planeta, pero si te mueves un poco m\u00e1s arriba, el tiempo tiene otras proporciones<\/q>.<\/p>\n<p>La poeta argentina Diana Bellessi encontr\u00f3 que a diferencia de la novela,\u00a0<q>el tiempo de la poes\u00eda es como un colibr\u00ed, porque es el \u00fanico pajarito que vuela adelante y atr\u00e1s, y la poes\u00eda lo hace. En este peque\u00f1\u00edsimo cuerpo nos da el pasado, el presente y el futuro<\/q>.<\/p>\n<p>La poes\u00eda, resume la escritora,\u00a0<q>mezcla la memoria, lo que puede ser y lo que es. Lo que puede ser es lo que es y lo que fue es lo que va a ser. Por esto la poes\u00eda desordena y eso es muy bueno, porque una sociedad ordenada es terrible. La poes\u00eda desordena para intentar ofrecer un peque\u00f1o orden<\/q>.<\/p>\n<\/div>\n<\/div>\n<div class=\"go gui\">\n<div class=\"go-up\"><\/div>\n<\/div>\n<div id=\"comentarios\"><\/div>\n","protected":false},"excerpt":{"rendered":"<p>La fragilidad de todos ante el Covid nos deber\u00eda aproximar: Ana Lu\u00edsa Amaral ? De izquierda a derecha, Amaral con Ana Costa Freitas, rectora de la Universidad de \u00c9vora, y Antonio S\u00e1ez Delgado, presidente del jurado.Foto tomada del Twitter de Pilar del R\u00edo La poeta y docente portuguesa Ana Lu\u00edsa Amaral recibi\u00f3 ayer el Premio [&hellip;]<\/p>\n","protected":false},"author":249,"featured_media":0,"comment_status":"open","ping_status":"closed","sticky":false,"template":"","format":"standard","meta":{"footnotes":""},"categories":[26],"tags":[],"class_list":["post-22515","post","type-post","status-publish","format-standard","hentry","category-mundo"],"_links":{"self":[{"href":"https:\/\/eloficiodehistoriar.com.mx\/index.php?rest_route=\/wp\/v2\/posts\/22515","targetHints":{"allow":["GET"]}}],"collection":[{"href":"https:\/\/eloficiodehistoriar.com.mx\/index.php?rest_route=\/wp\/v2\/posts"}],"about":[{"href":"https:\/\/eloficiodehistoriar.com.mx\/index.php?rest_route=\/wp\/v2\/types\/post"}],"author":[{"embeddable":true,"href":"https:\/\/eloficiodehistoriar.com.mx\/index.php?rest_route=\/wp\/v2\/users\/249"}],"replies":[{"embeddable":true,"href":"https:\/\/eloficiodehistoriar.com.mx\/index.php?rest_route=%2Fwp%2Fv2%2Fcomments&post=22515"}],"version-history":[{"count":1,"href":"https:\/\/eloficiodehistoriar.com.mx\/index.php?rest_route=\/wp\/v2\/posts\/22515\/revisions"}],"predecessor-version":[{"id":22516,"href":"https:\/\/eloficiodehistoriar.com.mx\/index.php?rest_route=\/wp\/v2\/posts\/22515\/revisions\/22516"}],"wp:attachment":[{"href":"https:\/\/eloficiodehistoriar.com.mx\/index.php?rest_route=%2Fwp%2Fv2%2Fmedia&parent=22515"}],"wp:term":[{"taxonomy":"category","embeddable":true,"href":"https:\/\/eloficiodehistoriar.com.mx\/index.php?rest_route=%2Fwp%2Fv2%2Fcategories&post=22515"},{"taxonomy":"post_tag","embeddable":true,"href":"https:\/\/eloficiodehistoriar.com.mx\/index.php?rest_route=%2Fwp%2Fv2%2Ftags&post=22515"}],"curies":[{"name":"wp","href":"https:\/\/api.w.org\/{rel}","templated":true}]}}