{"id":22517,"date":"2021-06-23T10:48:43","date_gmt":"2021-06-23T16:48:43","guid":{"rendered":"https:\/\/eloficiodehistoriar.com.mx\/?p=22517"},"modified":"2021-06-23T10:48:43","modified_gmt":"2021-06-23T16:48:43","slug":"era-inevitable-la-conquista","status":"publish","type":"post","link":"https:\/\/eloficiodehistoriar.com.mx\/?p=22517","title":{"rendered":"\u00bfEra inevitable la Conquista?"},"content":{"rendered":"<div class=\"cabeza\">\u00bfEra inevitable la Conquista?<\/div>\n<div class=\"sumarios\"><\/div>\n<div class=\"credito-articulo\">Israel Jurado Zapata*<\/div>\n<div><\/div>\n<div id=\"article-text\" class=\"text tbl-forkorts-article\">\n<div class=\"col\">\n<div class=\"inicial\">En el marco de los\u00a0500 a\u00f1os de la Conquista y buscando nuevas miradas para comprender el proceso, resulta importante preguntarnos: \u00bfera inevitable de Conquista? Este art\u00edculo lo dedico al sensible fallecimiento del querido doctor Druzo Maldonado Jim\u00e9nez, experto en el Morelos prehisp\u00e1nico e investigador de tiempo completo de la Escuela Nacional de Antropolog\u00eda e Historia, a quien yo y diversas generaciones le debemos mucho. \u00a1Te recordaremos con cari\u00f1o y respeto!<\/div>\n<p>Desmitificar la inevitabilidad de la expansi\u00f3n de Occidente y la invencibilidad de su maquinaria de guerra ya cuenta con varias aportaciones. Matthew Restall en 2004 propuso los\u00a0<q>siete mitos de la conquista<\/q>, donde destaca elementos econ\u00f3micos, sociales, culturales y pol\u00edticos para entender que la historia est\u00e1 llena de atisbos de literatura caballeresca, milagros providencialistas, omisiones y hasta manipulaciones para quedar\u00a0<q>bien<\/q>\u00a0con el rey, proteger ante el derecho indiano y reivindicar en la moral cristiana a sus protagonistas. Michel Oudijk y Laura E. Matthew, en su libro\u00a0<em>Indios conquistadores: ind\u00edgenas aliados en la Conquista de Mesoam\u00e9rica<\/em>, destacan el papel crucial de los nativos como guerreros, cargadores, esp\u00edas, mensajeros y traductores, entre otros roles decisivos para el desenlace del proceso.<\/p>\n<p>Por su parte, Enrique Semo en\u00a0<em>La Conquista, cat\u00e1strofe de los pueblos originarios<\/em>, destaca la falsa idea de la\u00a0<q>completitud de la conquista<\/q>, que contrapone a una conquista inacabada en muchas regiones como el septentri\u00f3n novohispano o las regiones selv\u00e1ticas en Centroam\u00e9rica. Otros investigadores, como Federico Navarrete o Guilhem Olivier, han destacado la fuerza y pujanza de los ind\u00edgenas aliados que en cantidad superaban ampliamente a los europeos, o el car\u00e1cter guerrero y beligerante de los mexicas, dif\u00edcil de ser tomados por sorpresa como en la famosa matanza del Templo Mayor.<\/p>\n<p>Resulta preciso superar la\u00a0<q>visi\u00f3n de los vencidos<\/q>\u00a0y entender que armadas tan limitadas como las expediciones espa\u00f1olas, portuguesas o inglesas jam\u00e1s habr\u00edan podido derrotar a los estados ind\u00edgenas hegem\u00f3nicos sin la alianza con sus enemigos. En t\u00e9rminos formales ni siquiera se debe seguir hablando de una\u00a0<q>conquista espa\u00f1ola<\/q>, ya que Espa\u00f1a nunca midi\u00f3 sus armas contra los imperios y estados ind\u00edgenas. Fueron expediciones militares sufragadas por particulares las que se adentraron en el continente y aprovecharon las disensiones y enemistades en la geograf\u00eda pol\u00edtica ind\u00edgena, as\u00ed como los efectos de la defunci\u00f3n masiva para alcanzar finalmente en la cima del poder pol\u00edtico y econ\u00f3mico. Allende esto, en todas las latitudes los ind\u00edgenas aprendieron a contrarrestar las ventajas t\u00e9cnicas de las estrategias ofensivas europeas, por ejemplo haciendo hoyos en los campos de batalla para que los caballos se quebrasen las patas, o laz\u00e1ndoselas con voleas.<\/p>\n<p>No estaban indefensos ante las armas europeas, ni derrotados sicol\u00f3gicamente, y los cambios culturales y pol\u00edticos registrados durante las d\u00e9cadas posteriores a la\u00a0<q>Conquista<\/q>\u00a0son adaptaciones, resignificaciones y las naturales transformaciones que se dan cuando las culturas entran en contacto, como lo ocurrido en las cosmovisiones. Las lenguas ind\u00edgenas tampoco llegaron a su fin, al contrario, muchas como el n\u00e1huatl, el maya, el quich\u00e9 o el quechua, se vieron estimuladas con la aparici\u00f3n de nuevos sistemas escriturales desde los que se elaboraron algunos de los primeros diccionarios biling\u00fces o calepinos, y les permitieron llegar hasta Europa a trav\u00e9s de historias, anales y genealog\u00edas.<\/p>\n<p>La posibilidad de ocupaci\u00f3n occidental de tierras americanas se debe fundamentalmente a la defunci\u00f3n masiva de sus habitantes causada por las epidemias y que despoblaron regiones completas desde las primeras d\u00e9cadas del contacto. Y aun as\u00ed, con todo y crisis, enfermedades e inestabilidad regional por la coyuntura, muchas regiones resistieron exitosamente el avance de Occidente y sus aliados ind\u00edgenas, como Lempira, en Honduras; Guaicaipuro, en Venezuela; Pelantaro y Caup\u00f3lican, en Chile; los chichimecas, en el semidesierto mexicano, o el emblem\u00e1tico Guarocuya (Enriquillo) de Hait\u00ed.<\/p>\n<p>Finalmente hay que destacar que estos ejemplos distan mucho de dar cuenta de la complejidad que tom\u00f3 la resistencia ind\u00edgena ante la invasi\u00f3n occidental del continente, pero un hecho innegable es que, para finales del periodo colonial, en que ya estaba repartido cada palmo de tierra entre las potencias europeas, la mayor parte de \u00e9sta continuaba en manos de sus pobladores originarios como comunidades a\u00fan no evangelizadas por lo dilatado de sus tierras, indios de guerra que nunca pudieron ser sometidos, o bajo la figura de la aut\u00f3noma rep\u00fablica de indios. Su destrucci\u00f3n vendr\u00e1 con la aparici\u00f3n de los estados nacionales modernos y sus modelos de desarrollo.<\/p>\n<p><em>* Docente en la Facultad de Ciencias Pol\u00edticas y Sociales de la UNAM y en el posgrado de la Escuela Nacional de Antropolog\u00eda e Historia<\/em><\/p>\n<\/div>\n<\/div>\n","protected":false},"excerpt":{"rendered":"<p>\u00bfEra inevitable la Conquista? Israel Jurado Zapata* En el marco de los\u00a0500 a\u00f1os de la Conquista y buscando nuevas miradas para comprender el proceso, resulta importante preguntarnos: \u00bfera inevitable de Conquista? Este art\u00edculo lo dedico al sensible fallecimiento del querido doctor Druzo Maldonado Jim\u00e9nez, experto en el Morelos prehisp\u00e1nico e investigador de tiempo completo de [&hellip;]<\/p>\n","protected":false},"author":249,"featured_media":0,"comment_status":"open","ping_status":"closed","sticky":false,"template":"","format":"standard","meta":{"footnotes":""},"categories":[26],"tags":[],"class_list":["post-22517","post","type-post","status-publish","format-standard","hentry","category-mundo"],"_links":{"self":[{"href":"https:\/\/eloficiodehistoriar.com.mx\/index.php?rest_route=\/wp\/v2\/posts\/22517","targetHints":{"allow":["GET"]}}],"collection":[{"href":"https:\/\/eloficiodehistoriar.com.mx\/index.php?rest_route=\/wp\/v2\/posts"}],"about":[{"href":"https:\/\/eloficiodehistoriar.com.mx\/index.php?rest_route=\/wp\/v2\/types\/post"}],"author":[{"embeddable":true,"href":"https:\/\/eloficiodehistoriar.com.mx\/index.php?rest_route=\/wp\/v2\/users\/249"}],"replies":[{"embeddable":true,"href":"https:\/\/eloficiodehistoriar.com.mx\/index.php?rest_route=%2Fwp%2Fv2%2Fcomments&post=22517"}],"version-history":[{"count":1,"href":"https:\/\/eloficiodehistoriar.com.mx\/index.php?rest_route=\/wp\/v2\/posts\/22517\/revisions"}],"predecessor-version":[{"id":22518,"href":"https:\/\/eloficiodehistoriar.com.mx\/index.php?rest_route=\/wp\/v2\/posts\/22517\/revisions\/22518"}],"wp:attachment":[{"href":"https:\/\/eloficiodehistoriar.com.mx\/index.php?rest_route=%2Fwp%2Fv2%2Fmedia&parent=22517"}],"wp:term":[{"taxonomy":"category","embeddable":true,"href":"https:\/\/eloficiodehistoriar.com.mx\/index.php?rest_route=%2Fwp%2Fv2%2Fcategories&post=22517"},{"taxonomy":"post_tag","embeddable":true,"href":"https:\/\/eloficiodehistoriar.com.mx\/index.php?rest_route=%2Fwp%2Fv2%2Ftags&post=22517"}],"curies":[{"name":"wp","href":"https:\/\/api.w.org\/{rel}","templated":true}]}}