{"id":22519,"date":"2021-06-23T10:52:36","date_gmt":"2021-06-23T16:52:36","guid":{"rendered":"https:\/\/eloficiodehistoriar.com.mx\/?p=22519"},"modified":"2021-06-23T10:52:36","modified_gmt":"2021-06-23T16:52:36","slug":"a-los-100-anos-de-historia-de-la-musica-electronica","status":"publish","type":"post","link":"https:\/\/eloficiodehistoriar.com.mx\/?p=22519","title":{"rendered":"A los 100 a\u00f1os de historia de la m\u00fasica electr\u00f3nica"},"content":{"rendered":"<div class=\"cabeza\">Gran muestra a los 100 a\u00f1os de historia de la m\u00fasica electr\u00f3nica<\/div>\n<div class=\"sumarios\">\n<p>El Museo Palacio de Arte de D\u00fcsseldorf montar\u00e1 la exhibici\u00f3n<\/p>\n<\/div>\n<div id=\"article-text\" class=\"text\">\n<div class=\"foto\"><img decoding=\"async\" title=\"\" src=\"https:\/\/www.jornada.com.mx\/2021\/06\/23\/fotos\/a08n1esp-1.jpg\" alt=\"Foto\" \/><\/p>\n<div class=\"pie-foto\">? Imagen de un registro del legendario club Cocoon del\u00a0<em>dij\u00e9y<\/em>\u00a0alem\u00e1n Sven V\u00e4th en Fr\u00e1ncfort.<span class=\"credito\">Foto Facebook<\/span><\/div>\n<\/div>\n<div class=\"foto\"><img decoding=\"async\" title=\"\" src=\"https:\/\/www.jornada.com.mx\/2021\/06\/23\/fotos\/a08n1esp-2.jpg\" alt=\"Foto\" \/><\/p>\n<div class=\"pie-foto\">El int\u00e9rprete de m\u00fasica electr\u00f3nica franc\u00e9s Jean-Michel Jarre durante el festival de m\u00fasica anual, en Par\u00eds.<span class=\"credito\">Foto Ap<\/span><\/div>\n<\/div>\n<div class=\"col col1\">\n<div><\/div>\n<div class=\"credito-autor\">Dpa<\/div>\n<div class=\"credito-titulo\"><\/div>\n<div class=\"hemero\">La Jornada<\/p>\n<\/div>\n<p class=\"s-s\">D\u00fcsseldorf.<\/p>\n<p>&nbsp;<\/p>\n<p class=\"s-s\">El Museo Palacio de Arte de D\u00fcsseldorf ser\u00e1 el primero en Alemania que dedique una muestra de grandes dimensiones a los 100 a\u00f1os de historia de la m\u00fasica electr\u00f3nica y sus conexiones con el arte, comunic\u00f3 hoy esa entidad.<\/p>\n<p>La exposici\u00f3n se inaugurar\u00e1 el 9 de diciembre y estar\u00e1 abierta al p\u00fablico hasta el 15 de mayo de 2022.<\/p>\n<p>La puesta en escena de toda la obra del grupo Kraftwerk, fundado en 1970 en D\u00fcsseldorf por Ralf H\u00fctter y Florian Schneider, es uno de los platos fuertes de la muestra.<\/p>\n<p>En m\u00e1s de 500 piezas expuestas, en parte interactivas, se presentan los diferentes estilos de la m\u00fasica electr\u00f3nica. Se exhiben, entre otros, instrumentos, generadores de sonido fabricados artesanalmente, fotograf\u00edas, grabaciones, videos y dise\u00f1os gr\u00e1ficos.<\/p>\n<p>La muestra va desde los primeros instrumentos electr\u00f3nicos innovadores de principios del siglo XX hasta la implementaci\u00f3n de inteligencia artificial en las producciones electr\u00f3nicas contempor\u00e1neas.<\/p>\n<p>Nuevas corrientes musicales como Detroit techno, Chicago house y hip hop de los a\u00f1os ochenta est\u00e1n representadas tanto desde lo ac\u00fastico como desde lo visual al igual que la cultura rave surgida en los noventa.<\/p>\n<\/div>\n<div class=\"col col2\">\n<p>Seg\u00fan explic\u00f3 el director general del Palacio de Arte, Felix Kr\u00e4mer, la exposici\u00f3n fue realizada en conjunto con el cofundador de Kraftwerk, Ralf H\u00fctter.<\/p>\n<p><q>Posibilitamos al p\u00fablico una experiencia inmersiva que recuerda el ambiente de euforia y comunidad en los clubes, las raves y los festivales<\/q>, se\u00f1al\u00f3 Jean-Yves Leloup.<\/p>\n<p>La exposici\u00f3n, que ya pas\u00f3 por Par\u00eds y Londres, fue ampliada para su presentaci\u00f3n en D\u00fcsseldorf. Por eso en el Palacio de Arte uno de los platos fuertes es el proyecto multimedial en torno a Kraftwerk.<\/p>\n<p>El fot\u00f3grafo Andreas Gursky, que acompa\u00f1\u00f3 la escena\u00a0<em>techno<\/em>\u00a0durante a\u00f1os, puso a disposici\u00f3n para la muestra su ciclo de fotos May Day, un registro monumental del legendario club Cocoon de Sven V\u00e4th en Fr\u00e1ncfort, y una obra nueva, surgida al margen del festival techno Connect de D\u00fcsseldorf.<\/p>\n<p>Jean-Michel Jarre concibi\u00f3 para la muestra un estudio imaginario con una colecci\u00f3n de sus particulares sintetizadores. Para la exposici\u00f3n se publicar\u00e1 adem\u00e1s un cat\u00e1logo de 80 p\u00e1ginas.<\/p>\n<\/div>\n<\/div>\n<div class=\"go gui\">\n<div class=\"go-prev\"><a id=\"page_link_prev\" href=\"https:\/\/www.jornada.com.mx\/2021\/06\/23\/espectaculos\/a07n2esp\">A nterior<\/a><\/div>\n<div class=\"go-next\"><a id=\"page_link_next\" href=\"https:\/\/www.jornada.com.mx\/2021\/06\/23\/espectaculos\/a08n2esp\">S iguiente<\/a><\/div>\n<div class=\"go-up\"><a href=\"https:\/\/www.jornada.com.mx\/2021\/06\/23\/espectaculos\/a08n1esp#texto\">Subir al inicio del texto<\/a><\/div>\n<\/div>\n<div id=\"comentarios\"><\/div>\n","protected":false},"excerpt":{"rendered":"<p>Gran muestra a los 100 a\u00f1os de historia de la m\u00fasica electr\u00f3nica El Museo Palacio de Arte de D\u00fcsseldorf montar\u00e1 la exhibici\u00f3n ? Imagen de un registro del legendario club Cocoon del\u00a0dij\u00e9y\u00a0alem\u00e1n Sven V\u00e4th en Fr\u00e1ncfort.Foto Facebook El int\u00e9rprete de m\u00fasica electr\u00f3nica franc\u00e9s Jean-Michel Jarre durante el festival de m\u00fasica anual, en Par\u00eds.Foto Ap Dpa [&hellip;]<\/p>\n","protected":false},"author":249,"featured_media":0,"comment_status":"open","ping_status":"closed","sticky":false,"template":"","format":"standard","meta":{"footnotes":""},"categories":[26],"tags":[],"class_list":["post-22519","post","type-post","status-publish","format-standard","hentry","category-mundo"],"_links":{"self":[{"href":"https:\/\/eloficiodehistoriar.com.mx\/index.php?rest_route=\/wp\/v2\/posts\/22519","targetHints":{"allow":["GET"]}}],"collection":[{"href":"https:\/\/eloficiodehistoriar.com.mx\/index.php?rest_route=\/wp\/v2\/posts"}],"about":[{"href":"https:\/\/eloficiodehistoriar.com.mx\/index.php?rest_route=\/wp\/v2\/types\/post"}],"author":[{"embeddable":true,"href":"https:\/\/eloficiodehistoriar.com.mx\/index.php?rest_route=\/wp\/v2\/users\/249"}],"replies":[{"embeddable":true,"href":"https:\/\/eloficiodehistoriar.com.mx\/index.php?rest_route=%2Fwp%2Fv2%2Fcomments&post=22519"}],"version-history":[{"count":1,"href":"https:\/\/eloficiodehistoriar.com.mx\/index.php?rest_route=\/wp\/v2\/posts\/22519\/revisions"}],"predecessor-version":[{"id":22520,"href":"https:\/\/eloficiodehistoriar.com.mx\/index.php?rest_route=\/wp\/v2\/posts\/22519\/revisions\/22520"}],"wp:attachment":[{"href":"https:\/\/eloficiodehistoriar.com.mx\/index.php?rest_route=%2Fwp%2Fv2%2Fmedia&parent=22519"}],"wp:term":[{"taxonomy":"category","embeddable":true,"href":"https:\/\/eloficiodehistoriar.com.mx\/index.php?rest_route=%2Fwp%2Fv2%2Fcategories&post=22519"},{"taxonomy":"post_tag","embeddable":true,"href":"https:\/\/eloficiodehistoriar.com.mx\/index.php?rest_route=%2Fwp%2Fv2%2Ftags&post=22519"}],"curies":[{"name":"wp","href":"https:\/\/api.w.org\/{rel}","templated":true}]}}