{"id":22521,"date":"2021-06-23T11:01:13","date_gmt":"2021-06-23T17:01:13","guid":{"rendered":"https:\/\/eloficiodehistoriar.com.mx\/?p=22521"},"modified":"2021-06-23T11:01:13","modified_gmt":"2021-06-23T17:01:13","slug":"pietro-parolin-en-mexico","status":"publish","type":"post","link":"https:\/\/eloficiodehistoriar.com.mx\/?p=22521","title":{"rendered":"Pietro Parol\u00edn en M\u00e9xico"},"content":{"rendered":"<hgroup class=\"zona-titulo\">\n<h1 class=\"titular\">El papable Pietro Parolin en M\u00e9xico<\/h1>\n<\/hgroup>\n<p><strong class=\"bajada\">La presencia de Parolin en M\u00e9xico tiene como objetivo enderezar las relaciones entre el gobierno de la 4T de AMLO y el Vaticano. A lo largo de estos \u00faltimos tres a\u00f1os se han presentado malentendidos y ciertos roces.<\/strong><\/p>\n<div class=\"row\">\n<div class=\"col-md-1 col-sticky\">\n<div class=\"inner-share-bar cf\">\n<div class=\"item\"><\/div>\n<div class=\"item\"><\/div>\n<div class=\"item visible-lg\"><\/div>\n<\/div>\n<\/div>\n<div class=\"col-md-11\">\n<div class=\"main-content-foto\">\n<div class=\"my-gallery main-gallery\" data-pswp-uid=\"1\">\n<figure>\n<div class=\"nfotos\"><\/div>\n<p><a href=\"https:\/\/www.proceso.com.mx\/u\/fotografias\/fotosnoticias\/2021\/6\/22\/137426.jpeg\" data-size=\"1280x854\"><img decoding=\"async\" class=\"img-responsive\" src=\"https:\/\/www.proceso.com.mx\/u\/fotografias\/m\/2021\/6\/22\/f800x450-137426_188872_5050.jpeg\" alt=\"El papable Pietro Parolin en M\u00e9xico\" height=\"450\" \/><\/a><figcaption class=\"epigrafe\">Pietro Parolin. Foto: Octavio G\u00f3mez<\/figcaption><\/figure>\n<\/div>\n<\/div>\n<div class=\"fecha-y-seccion\">\n<div class=\"seccion\"><a href=\"https:\/\/www.proceso.com.mx\/opinion\/2021\/6\/22\/el-papable-pietro-parolin-en-mexico-266354.html\">OPINI\u00d3N<\/a><\/div>\n<div class=\"autor f\">\n<div class=\"foto-autor\"><a class=\"nota-link-autor\" title=\"Ir al perfil de Bernardo Barranco V.\" href=\"https:\/\/www.proceso.com.mx\/autor\/bernardo-barranco-v.html\"><img decoding=\"async\" src=\"https:\/\/www.proceso.com.mx\/a\/plantillas\/imgs\/avatar.svg\" alt=\"Autor sin foto cargada\" width=\"30\" \/><\/a><\/div>\n<div class=\"nombre-autor\"><a class=\"nota-link-autor\" title=\"Ir al perfil de  Bernardo Barranco V.\" href=\"https:\/\/www.proceso.com.mx\/autor\/bernardo-barranco-v.html\">Por\u00a0<span class=\"post-author-name\">Bernardo Barranco V.<\/span><\/a><\/div>\n<\/div>\n<\/div>\n<div class=\"centrado primer_bnn \">\n<div id=\"div-gpt-ad-prc_middle1(1)\" data-google-query-id=\"CKHZ4eacrvECFSU-AQodZDQGoQ\">\n<div id=\"google_ads_iframe_\/32968345\/prc_middle1(1)_0__container__\">(Proceso)<\/div>\n<div><\/div>\n<div>Se dice que en pol\u00edtica no existen las coincidencias, como tampoco brota la predestinaci\u00f3n en la pr\u00e1ctica eclesi\u00e1stica. La visita a M\u00e9xico del secretario de Estado Pietro Parolin a unos d\u00edas de realizadas las elecciones no es casualidad. El n\u00famero dos del Vaticano, uno de los hombres de mayor confianza del Papa Francisco, est\u00e1 en nuestro pa\u00eds. \u00bfCu\u00e1l es su misi\u00f3n? Formalmente viene a realizar una ordenaci\u00f3n episcopal a un futuro nuncio, pero en realidad se dice que viene a despresurizar ciertos roces que han surgido entre el gobierno de la 4T de AMLO y el Vaticano.<\/div>\n<\/div>\n<\/div>\n<div id=\"cuerpo-nota\" class=\"cuerpo-nota\">\n<p>En la geopol\u00edtica de la Santa Sede contar a M\u00e9xico como un aliado es crucial en el nuevo dise\u00f1o de relaciones con Estados Unidos. Joe Biden, presidente cat\u00f3lico, no s\u00f3lo guarda simpat\u00edas por el pont\u00edfice argentino, sino que convergen en materia social y en pol\u00edtica internacional. Pero divergen en materia moral y en temas feministas, como aborto y sexualidad. Estados Unidos es el eje de la nueva relaci\u00f3n entre M\u00e9xico y el Vaticano.<\/p>\n<aside class=\"relacionadas con-foto\">\n<ul>\n<li>\n<div class=\"item-tit\">\nin es un diplom\u00e1tico de carrera. Tiene 66 a\u00f1os y su experiencia es larga. Se form\u00f3 en la Academia Pontificia Eclesi\u00e1stica, instituci\u00f3n de la Santa Sede encargada de formar a los diplom\u00e1ticos y embajadores que trabajar\u00e1n en las nunciaturas, en la Secretar\u00eda de Estado y dicasterios vinculados a cuestiones internacionales. En los \u00faltimos a\u00f1os su trabajo internacional se ha centrado en Asia, en particular en Vietnam y en la dif\u00edcil Rep\u00fablica Popular China. Ah\u00ed ha llegado a importantes acuerdos y entendimientos.<\/div>\n<\/li>\n<\/ul>\n<\/aside>\n<aside class=\"htmlinline\">\n<div id=\"div-gpt-ad-prc_interarticle(2)\" data-google-query-id=\"CK7ImOecrvECFeo6AQodm9cNbA\">\n<div id=\"google_ads_iframe_\/32968345\/prc_interarticle(2)_0__container__\">Parolin vivi\u00f3 y conoce el M\u00e9xico de finales de la d\u00e9cada de los ochenta. Asisti\u00f3 de 1989 a 1992 al entonces representante del Papa Girolamo Prigione. Colabor\u00f3 con intensidad para el reconocimiento jur\u00eddico de las Iglesias y el restablecimiento de las relaciones entre M\u00e9xico y la Santa Sede. En suma, Parolin es un experto en diplomacia internacional y conoce bien nuestro pa\u00eds.<\/div>\n<div>El cardenal Pietro Parolin es papable para muchos observadores vaticanistas. Seg\u00fan Sandro Magister, John Allen y Edward Pentin, el cardenal filipino Luis Antonio Tagle, el asi\u00e1tico m\u00e1s bergogliano, puede ser el candidato evidente del actual Papa. Sin embargo, en la lucha sorda contra los conservadores de la curia, el cardenal Pietro Parolin alcanzar\u00eda consensos. Tendr\u00eda el inconveniente de una estrecha vinculaci\u00f3n con el papa Francisco. Pero Parolin ha guardado bajo perfil, es italiano y es condescendiente con la beligerante ala conservadora. Gozar\u00eda de acuerdos o pactos entre los bandos encontrados. Hombre de aparato, diplom\u00e1tico, aunque nunca ha sido obispo diocesano.<\/div>\n<\/div>\n<\/aside>\n<p>Tambi\u00e9n figuran los cardenales Christoph Sch\u00f6nborn, de Viena; y Marc Ouellet, de Canad\u00e1, prefecto de la Congregaci\u00f3n para los Obispos. Ambos fueron considerados en la lista de papables antes del \u00faltimo c\u00f3nclave de 2013. La edad los est\u00e1 alcanzando. Los dos est\u00e1n jubilados. Aunque no hay impedimento formal hasta los 80, Ouellet y Sch\u00f6nborn tienen 76 a\u00f1os. Por el lado conservador, tenemos al pol\u00e9mico cardenal Robert Sarah, candidato custodio del m\u00e1s puro y rancio clericalismo. Originario de Guinea, de 64 a\u00f1os, tiene mucha experiencia en la curia y podr\u00eda convertirse en el primer pont\u00edfice africano en siglos.<\/p>\n<p>La presencia de Parolin en M\u00e9xico tiene como objetivo enderezar las relaciones entre el gobierno de la 4T de AMLO y el Vaticano. A lo largo de estos \u00faltimos tres a\u00f1os se han presentado malentendidos y ciertos roces. Para la Iglesia de Roma, M\u00e9xico es un pa\u00eds estrat\u00e9gico. Despu\u00e9s de Brasil es el que tiene el mayor n\u00famero de cat\u00f3licos y el que en Latinoam\u00e9rica ha presentado una ca\u00edda de cat\u00f3licos m\u00e1s suave: cinco puntos porcentuales por d\u00e9cada.<\/p>\n<p>Sin embargo, la irrupci\u00f3n evang\u00e9lica en el continente no s\u00f3lo es religiosa, sino pol\u00edtica. Inquiet\u00f3 el giro que dio el gobierno de AMLO al no ofrecer el trato preferencial que el Estado hab\u00eda dado tradicionalmente a la Iglesia cat\u00f3lica. Y sorprendi\u00f3 la apertura que tuvo AMLO hacia los evang\u00e9licos pentecostales. Primero como aliados pol\u00edticos con el Partido Encuentro Social, partido confesional, durante la campa\u00f1a de 2018, y despu\u00e9s con la asociaci\u00f3n Confraternice, de Arturo Farela, quien se ofreci\u00f3 a repartir la cartilla moral de Alfonso Reyes y se ha beneficiado de programas sociales. \u00bfCu\u00e1les han sido los malentendidos entre AMLO y el Vaticano? Han sido varios; para empezar, antes de asumir la Presidencia, el equipo de campa\u00f1a anunci\u00f3 un Foro por la Paz en octubre del 2018 con la supuesta participaci\u00f3n virtual del Papa Francisco con un mensaje desde Roma. De inmediato la oficina de prensa de la Santa Sede se desmarc\u00f3 y aclar\u00f3 que el Sumo Pont\u00edfice no ten\u00eda planeada ninguna actividad relacionada, y de manera lac\u00f3nica dijo: \u201cLa noticia de que el Santo Padre participar\u00e1 en esta conferencia no tiene fundamento\u201d.<\/p>\n<p>El segundo desencuentro se produjo ante la insistente demanda de AMLO para que el Rey de Espa\u00f1a y el Papa pidan perd\u00f3n por los excesos en la Conquista en M\u00e9xico. Lo solicit\u00f3 en 2019 y en 2020. A diferencia de Espa\u00f1a, con la que se produjo una crisis diplom\u00e1tica, el Vaticano fue m\u00e1s cauto. El director de la Oficina de Prensa del Vaticano, Alessandro Gisotti, dijo: \u201cPor el momento el Vaticano no tiene un pronunciamiento adicional pero, como es sabido, el Santo Padre ya se ha expresado con claridad sobre esa cuesti\u00f3n\u201d. Se refer\u00eda a un pronunciamiento que realiz\u00f3 ante ind\u00edgenas en Bolivia en julio de 2015.<\/p>\n<p>El tercer flanco de discrepancias se centra en la pol\u00edtica migratoria que asumi\u00f3 M\u00e9xico ante el flujo centroamericano. Mientras el papa Francisco confront\u00f3 a Donald Trump e incluso le recrimin\u00f3 que construir muros no era de cristianos, sinti\u00f3 decepci\u00f3n por las concesiones que hizo AMLO ante las presiones norteamericanas.<\/p>\n<p>No es casualidad que el cardenal Pietro Parolin est\u00e9 en M\u00e9xico. El funcionario tomar\u00e1 el pulso del pa\u00eds. Habr\u00e1 encuentros y di\u00e1logos que no figuran en la agenda. Internamente hay dos grandes preocupaciones. El estancamiento pastoral y las divisiones que prevalecen entre los obispos. Y en segundo lugar, un notorio malestar de un buen grupo de prelados por el rumbo que est\u00e1 tomando el pa\u00eds bajo la presidencia de L\u00f3pez Obrador.<\/p>\n<p>La Providencia, supuesta protecci\u00f3n de Dios, otorga a la Iglesia la sagacidad como el partido m\u00e1s ventajoso en asuntos terrenales, porque la Providencia, siguiendo a Santo Tom\u00e1s, ha sido su compa\u00f1era en la historia.<\/p>\n<\/div>\n<\/div>\n<\/div>\n","protected":false},"excerpt":{"rendered":"<p>El papable Pietro Parolin en M\u00e9xico La presencia de Parolin en M\u00e9xico tiene como objetivo enderezar las relaciones entre el gobierno de la 4T de AMLO y el Vaticano. A lo largo de estos \u00faltimos tres a\u00f1os se han presentado malentendidos y ciertos roces. Pietro Parolin. Foto: Octavio G\u00f3mez OPINI\u00d3N Por\u00a0Bernardo Barranco V. (Proceso) Se [&hellip;]<\/p>\n","protected":false},"author":249,"featured_media":0,"comment_status":"open","ping_status":"closed","sticky":false,"template":"","format":"standard","meta":{"footnotes":""},"categories":[26],"tags":[],"class_list":["post-22521","post","type-post","status-publish","format-standard","hentry","category-mundo"],"_links":{"self":[{"href":"https:\/\/eloficiodehistoriar.com.mx\/index.php?rest_route=\/wp\/v2\/posts\/22521","targetHints":{"allow":["GET"]}}],"collection":[{"href":"https:\/\/eloficiodehistoriar.com.mx\/index.php?rest_route=\/wp\/v2\/posts"}],"about":[{"href":"https:\/\/eloficiodehistoriar.com.mx\/index.php?rest_route=\/wp\/v2\/types\/post"}],"author":[{"embeddable":true,"href":"https:\/\/eloficiodehistoriar.com.mx\/index.php?rest_route=\/wp\/v2\/users\/249"}],"replies":[{"embeddable":true,"href":"https:\/\/eloficiodehistoriar.com.mx\/index.php?rest_route=%2Fwp%2Fv2%2Fcomments&post=22521"}],"version-history":[{"count":1,"href":"https:\/\/eloficiodehistoriar.com.mx\/index.php?rest_route=\/wp\/v2\/posts\/22521\/revisions"}],"predecessor-version":[{"id":22522,"href":"https:\/\/eloficiodehistoriar.com.mx\/index.php?rest_route=\/wp\/v2\/posts\/22521\/revisions\/22522"}],"wp:attachment":[{"href":"https:\/\/eloficiodehistoriar.com.mx\/index.php?rest_route=%2Fwp%2Fv2%2Fmedia&parent=22521"}],"wp:term":[{"taxonomy":"category","embeddable":true,"href":"https:\/\/eloficiodehistoriar.com.mx\/index.php?rest_route=%2Fwp%2Fv2%2Fcategories&post=22521"},{"taxonomy":"post_tag","embeddable":true,"href":"https:\/\/eloficiodehistoriar.com.mx\/index.php?rest_route=%2Fwp%2Fv2%2Ftags&post=22521"}],"curies":[{"name":"wp","href":"https:\/\/api.w.org\/{rel}","templated":true}]}}