{"id":23842,"date":"2021-09-11T08:10:35","date_gmt":"2021-09-11T14:10:35","guid":{"rendered":"https:\/\/eloficiodehistoriar.com.mx\/?p=23842"},"modified":"2021-09-11T08:10:35","modified_gmt":"2021-09-11T14:10:35","slug":"el-woodstock-mexicano-cumple-50-anos","status":"publish","type":"post","link":"https:\/\/eloficiodehistoriar.com.mx\/?p=23842","title":{"rendered":"El Woodstock mexicano cumple 50 a\u00f1os"},"content":{"rendered":"<h4 id=\"article-title-tts\" class=\"title title-default\">El Woodstock mexicano cumple 50 a\u00f1os<\/h4>\n<div class=\"article-info\"><a class=\"author\" href=\"https:\/\/www.jornada.com.mx\/author\/monica-mateos-vega.html\">M\u00f3nica Mateos-Vega<\/a><\/div>\n<div id=\"article-content-images\" class=\"content-items-media\"><\/div>\n<div class=\"foto-pie\">A\u00fan frescas las heridas de la matanza del 2 de octubre en Tlatelolco y el Halconazo, el 11 y 12 de septiembre de 1971 se realiz\u00f3 el festival Rock y Ruedas en un valle boscoso de Av\u00e1ndaro.<\/div>\n<div><\/div>\n<div>Ni degenere sexual ni el infierno, mucho menos \u201csangre y muerte\u201d o \u201cla m\u00e1s infame explotaci\u00f3n de los vicios de una juventud enferma y enga\u00f1ada\u201d. Hace 50 a\u00f1os, en Av\u00e1ndaro, durante el concierto Rock y Ruedas que escandaliz\u00f3 al gobierno de Luis Echeverr\u00eda y a la prensa amarillista de la \u00e9poca, se vivieron un par de d\u00edas \u201ctranquilos, fant\u00e1sticos\u201d, de m\u00fasica y hermandad entre chavos de una generaci\u00f3n que s\u00f3lo aspiraba, literalmente, al amor y la paz.<\/div>\n<div class=\"article-row\">\n<div class=\"article-main\">\n<div class=\"row\">\n<div id=\"article-content-tts\" class=\"article-content ljn-nota-contenido\">\n<div id=\"content_nitf\">\n<p>As\u00ed lo recuerda la fot\u00f3grafa Graciela Iturbide (Ciudad de M\u00e9xico, 1942), quien acudi\u00f3 a ese paraje de Tenantongo, en el estado de M\u00e9xico, aquellos 11 y 12 de septiembre de 1971, acompa\u00f1ada por su profesor del Centro Universitario de Estudios Cinematogr\u00e1ficos Jorge Fons y su compa\u00f1ero de clases Luis Carri\u00f3n Beltr\u00e1n.<\/p>\n<p>\u201cLlegu\u00e9 sin saber qu\u00e9 era Av\u00e1ndaro ni nada de nada de rock, pero me pareci\u00f3 maravilloso encontrar una multitud de j\u00f3venes que ven\u00edan caminando desde lejos, uno que otro encuerado, fumando mota. Estaba bien, es decir, no me pareci\u00f3 nada escandaloso ni peligroso; al contrario, era fant\u00e1stico que se reunieran a escuchar canciones de rock\u201d, dice la autora en entrevista con\u00a0<em>La Jornada.<\/em><\/p>\n<p>Para rememorar esos d\u00edas, Trilce Ediciones, en colaboraci\u00f3n con Hipnosis, presenta una nueva edici\u00f3n del libro\u00a0<em>Yo estuve en Av\u00e1ndaro<\/em>\u00a0(que ya hab\u00edan publicado en 2016), ahora en formato grande y con material in\u00e9dito, que incluye una selecci\u00f3n de las im\u00e1genes que capt\u00f3 Iturbide y los textos de Federico Rubli, Justino Compe\u00e1n y Luis de Llano.<\/p>\n<p>\u201cPor suerte, llevaba varios rollos, como 15 o 20; algunos a color, algo muy raro porque generalmente uso blanco y negro y porque no sab\u00eda a lo que iba\u201d, contin\u00faa la fot\u00f3grafa, quien explica que Luis Carri\u00f3n ten\u00eda la encomienda de filmar la carrera de autom\u00f3viles que finalmente se suspendi\u00f3 debido a la multitud que lleg\u00f3, \u201cy Fons iba a grabar al grupo La Revoluci\u00f3n de Emiliano Zapata para la pel\u00edcula\u00a0<em>La verdadera vocaci\u00f3n de Magdalena,<\/em>\u00a0de Jaime Humberto Hermosillo, tambi\u00e9n por encargo de \u00e9ste. \u201cNo hubo nada del esc\u00e1ndalo que dijeron despu\u00e9s los peri\u00f3dicos. Como fot\u00f3grafa, tuve una experiencia s\u00faper interesante. Fue fant\u00e1stico conocer otra realidad de M\u00e9xico. Ten\u00eda 26 a\u00f1os y eran mis primeros trabajos, porque despu\u00e9s dej\u00e9 el cine para estudiar fotograf\u00eda con Manuel \u00c1lvarez Bravo. Fui de su asistente porque me dijo: \u2018Graciela, el cinito es para jugar; hagamos fotograf\u00eda\u2019, aunque \u00e9l quer\u00eda hacer cine.<\/p>\n<p>\u201cMi estancia en Av\u00e1ndaro fue muy agradable. El otro d\u00eda Fons me dijo que ten\u00edamos una buena casa de campa\u00f1a; entonces, parece ser que la pas\u00e9 muy bien, no lo recuerdo. Pero lo que no olvido es que les dije \u2018no me voy de aqu\u00ed hasta que se termine el concierto\u2019, porque quer\u00eda ver al final el desastre, c\u00f3mo quedaba el campo, pues lleg\u00f3 tanta gente que los dejaron entrar sin pagar.<\/p>\n<h2>Se desataron los problemas con todos<\/h2>\n<p>\u201cDespu\u00e9s me enter\u00e9 de que hubo problemas pol\u00edticos, con Carlos Hank Gonz\u00e1lez, entonces gobernador del estado de M\u00e9xico, con los que dejaron hacer el encuentro y con los que no dejaron, sobre todo con los peri\u00f3dicos, que se les fueron encima, no s\u00e9 si por mochos, porque hab\u00eda un trasfondo pol\u00edtico o porque nunca hab\u00eda se hab\u00eda dado un festival as\u00ed, excepto en Woodstock (en 1969, en Estados Unidos).<\/p>\n<p>\u201cAv\u00e1ndaro fue una imitaci\u00f3n de ese concierto, de esas ganas de celebrar. El problema fue que despu\u00e9s prohibieron los conciertos, y el rock mexicano se diluy\u00f3.\u201d<\/p>\n<p>En cuanto regres\u00f3 de esa cita, la editorial Di\u00f3genes, de Emmanuel Carballo, le pidi\u00f3 a Graciela su material para hacer un libro, \u201cque ahora es imposible conseguir. Es un librito normal, no tiene nada de maravilloso. Eso s\u00ed, est\u00e1 muy bien dise\u00f1ado, con textos de Carri\u00f3n. Era barato. Se vendi\u00f3 entre los j\u00f3venes y se agot\u00f3 de inmediato. Ahora todos los coleccionistas lo buscan, incluso los extranjeros \u2013no entiendo por qu\u00e9\u2013, seg\u00fan ellos, es lo que llaman fotolibro, pero entonces ni idea\u201d, sonr\u00ede la autora.<\/p>\n<p>Por supuesto, a Iturbide no se le escap\u00f3 la imagen de la hoy famosa \u2018encuerada de Av\u00e1ndaro\u2019. \u201cDe casualidad estaba por el lugar donde ella se subi\u00f3, entonces le hice varias fotos, una secuencia. Siempre digo que mi c\u00e1mara es un pretexto para conocer la vida, y en Av\u00e1ndaro me dio la oportunidad de conocer el mundo rebelde de M\u00e9xico y ver que no lo era tanto, porque todos los j\u00f3venes estaban con lo del amor y paz.<\/p>\n<p>\u201cNo me centr\u00e9 en fotografiar a los m\u00fasicos que tocaron, sino lo que me encontraba al paso: a una chica embarazada, a otras con sus beb\u00e9s\u2026 hab\u00eda de todo, miles y miles de personas caminando por esos campos, sin ning\u00fan disturbio.<\/p>\n<p>\u201cNunca he tomado esas fotos como parte de mi trabajo, porque estaba empezando, pero me gustan las que hice, sobre todo al final, donde se ve a un joven de espaldas, con una camiseta amarrada a la cintura con el s\u00edmbolo de amor y paz, agachado, recogiendo papeles y, claro, la encuerada y algunos m\u00fasicos, que no s\u00e9 si eran importantes. S\u00f3lo camin\u00e9 y camin\u00e9 tomando fotos.<\/p>\n<p>\u201cDespu\u00e9s de Av\u00e1ndaro, como me interes\u00f3 lo que pasaba en ese mundo, fui una o dos veces a los hoyos fonkis porque el director del peri\u00f3dico\u00a0<em>Ovaciones<\/em>\u00a0era mi amigo y me dio una credencial de periodista para poder entrar. Ah\u00ed el ambiente era m\u00e1s denso porque eran lugares cerrados, pero tambi\u00e9n muy interesantes. Todo lo que sea nuevo me interesa mucho. Si hubiera otro concierto, \u00a1claro que ir\u00eda! A lo que me inviten a fotografiar voy, menos la guerra\u201d, concluy\u00f3 la artista.<\/p>\n<p><em>Yo estuve en Av\u00e1ndaro<\/em>\u00a0se presentar\u00e1 este 11 y 12 de septiembre de manera presencial en el Foro Indie Rocks! (Zacatecas 39, colonia Roma Norte), a las 19 horas. Ser\u00e1 una fiesta de largo aliento en la que tambi\u00e9n se rifar\u00e1n dos guitarras el\u00e9ctricas; habr\u00e1 un bazar de discos de vinilo de la onda chicana, curada por See Records; una exposici\u00f3n de pinturas con el tema\u00a0<em>Av\u00e1ndaro,<\/em>\u00a0del colectivo de Alejandra de Witt, as\u00ed como la proyecci\u00f3n del documental\u00a0<em>Bajo el sol y frente a Dios,<\/em>\u00a0de Arturo Lara Lozano.<\/p>\n<\/div>\n<\/div>\n<\/div>\n<\/div>\n<\/div>\n","protected":false},"excerpt":{"rendered":"<p>El Woodstock mexicano cumple 50 a\u00f1os M\u00f3nica Mateos-Vega A\u00fan frescas las heridas de la matanza del 2 de octubre en Tlatelolco y el Halconazo, el 11 y 12 de septiembre de 1971 se realiz\u00f3 el festival Rock y Ruedas en un valle boscoso de Av\u00e1ndaro. Ni degenere sexual ni el infierno, mucho menos \u201csangre y [&hellip;]<\/p>\n","protected":false},"author":249,"featured_media":23843,"comment_status":"open","ping_status":"closed","sticky":false,"template":"","format":"standard","meta":{"footnotes":""},"categories":[26],"tags":[],"class_list":["post-23842","post","type-post","status-publish","format-standard","has-post-thumbnail","hentry","category-mundo"],"_links":{"self":[{"href":"https:\/\/eloficiodehistoriar.com.mx\/index.php?rest_route=\/wp\/v2\/posts\/23842","targetHints":{"allow":["GET"]}}],"collection":[{"href":"https:\/\/eloficiodehistoriar.com.mx\/index.php?rest_route=\/wp\/v2\/posts"}],"about":[{"href":"https:\/\/eloficiodehistoriar.com.mx\/index.php?rest_route=\/wp\/v2\/types\/post"}],"author":[{"embeddable":true,"href":"https:\/\/eloficiodehistoriar.com.mx\/index.php?rest_route=\/wp\/v2\/users\/249"}],"replies":[{"embeddable":true,"href":"https:\/\/eloficiodehistoriar.com.mx\/index.php?rest_route=%2Fwp%2Fv2%2Fcomments&post=23842"}],"version-history":[{"count":1,"href":"https:\/\/eloficiodehistoriar.com.mx\/index.php?rest_route=\/wp\/v2\/posts\/23842\/revisions"}],"predecessor-version":[{"id":23844,"href":"https:\/\/eloficiodehistoriar.com.mx\/index.php?rest_route=\/wp\/v2\/posts\/23842\/revisions\/23844"}],"wp:featuredmedia":[{"embeddable":true,"href":"https:\/\/eloficiodehistoriar.com.mx\/index.php?rest_route=\/wp\/v2\/media\/23843"}],"wp:attachment":[{"href":"https:\/\/eloficiodehistoriar.com.mx\/index.php?rest_route=%2Fwp%2Fv2%2Fmedia&parent=23842"}],"wp:term":[{"taxonomy":"category","embeddable":true,"href":"https:\/\/eloficiodehistoriar.com.mx\/index.php?rest_route=%2Fwp%2Fv2%2Fcategories&post=23842"},{"taxonomy":"post_tag","embeddable":true,"href":"https:\/\/eloficiodehistoriar.com.mx\/index.php?rest_route=%2Fwp%2Fv2%2Ftags&post=23842"}],"curies":[{"name":"wp","href":"https:\/\/api.w.org\/{rel}","templated":true}]}}