{"id":23845,"date":"2021-09-11T08:15:23","date_gmt":"2021-09-11T14:15:23","guid":{"rendered":"https:\/\/eloficiodehistoriar.com.mx\/?p=23845"},"modified":"2021-09-11T08:15:23","modified_gmt":"2021-09-11T14:15:23","slug":"11-s-la-tragedia-que-engendro-tragedias","status":"publish","type":"post","link":"https:\/\/eloficiodehistoriar.com.mx\/?p=23845","title":{"rendered":"11-S: la tragedia que engendr\u00f3 tragedias"},"content":{"rendered":"<h2 id=\"article-title-tts\" class=\"title title-default\">11-S: la tragedia que engendr\u00f3 tragedias<\/h2>\n<div class=\"article-row\">\n<div class=\"social-links right\">\n<div id=\"content-sintesis-audio\" class=\"sintesis-audio\">\n<div class=\"speak-cont btn-group\">\n<form>Editorial<\/form>\n<\/div>\n<\/div>\n<\/div>\n<div class=\"article-main\">\n<div class=\"nota-impresa\">La Jornada<\/p>\n<\/div>\n<div class=\"row\">\n<div id=\"article-content-tts\" class=\"article-content ljn-nota-contenido\">\n<div id=\"content_nitf\">\n<p>Han pasado 20 a\u00f1os desde que un grupo de terroristas, mayoritariamente de nacionalidad saudita, secuestraron cuatro aviones y estrellaron dos de ellos contra las Torres Gemelas de Nueva York, otro contra el Pent\u00e1gono, y perdieron el control de uno m\u00e1s, que termin\u00f3 estrell\u00e1ndose en un campo de Pensilvania. Los que fueron, con toda probabilidad, los atentados m\u00e1s trascendentales en la historia humana, cambiaron de forma duradera a la sociedad estadunidense, sus relaciones con la comunidad internacional y las vidas de millones de personas que nada tuvieron que ver con esos brutales acontecimientos.<\/p>\n<p>Por decisi\u00f3n del entonces presidente George W. Bush y de sus sucesores en la Casa Blanca, los ataques del 11 de septiembre de 2001 quedaron ligados a la llamada \u201cguerra global contra el terror\u201d, con la cual Washington elev\u00f3 el terrorismo a la categor\u00eda de amenaza principal para su seguridad nacional. En esa guerra contra un enemigo et\u00e9reo, elusivo e incluso indefinible, la superpotencia ha invadido Afganist\u00e1n, Irak y Siria, adem\u00e1s de efectuar \u201coperaciones antiterroristas\u201d en 85 pa\u00edses, un eufemismo tras del que hay programas de asesinato v\u00eda drones, acciones encubiertas y uso de fuerzas especiales clandestinas, incluyendo secuestros y desapariciones de \u201csospechosos\u201d. Adem\u00e1s de estas violaciones atroces a los derechos humanos, Estados Unidos impuso a su propia poblaci\u00f3n y al resto del planeta un enfoque paranoico y policial que aport\u00f3 poco o nada en t\u00e9rminos de seguridad, pero min\u00f3 \u2013de manera, hasta hoy, irreversible\u2013 la privacidad de los ciudadanos y la soberan\u00eda de los estados. Mediante el \u201cActa Patri\u00f3tica\u201d y otras disposiciones, se habilit\u00f3 al aparato gubernamental estadunidense para interferir comunicaciones privadas y hacer seguimientos ilegales sin m\u00e1s motivo que la religi\u00f3n o el origen \u00e9tnico de los afectados.<\/p>\n<p>Las p\u00e9rdidas causadas por esta guerra son m\u00e1s aterradoras, si cabe, que las ocasionadas por los atentados mismos. Los datos oficiales del Departamento de Defensa estadunidense cifran en 7 mil 74 muertos y 53 mil 283 heridos las bajas entre su personal militar y civil; sin embargo, estos n\u00fameros excluyen a 14 mil 874 soldados de pa\u00edses aliados, a m\u00e1s de 8 mil mercenarios, 892 trabajadores de organizaciones no gubernamentales y 680 periodistas muertos. Pero, sobre todo, dejan de lado a las casi un mill\u00f3n de v\u00edctimas civiles en las naciones invadidas, a la incalculable cantidad de personas que han perdido la vida por el hambre o la falta de servicios sanitarios provocados por la guerra, y a los 37 millones de seres humanos que perdieron sus hogares o se vieron forzados a migrar por la violencia desatada en nombre de la \u201cguerra contra el terror\u201d.<\/p>\n<p>Washington ha exportado la cat\u00e1strofe, pero tambi\u00e9n se la ha infligido a s\u00ed mismo al desviar para fines militares unos recursos que pudieron emplearse en el combate a la pobreza, el rescate de la educaci\u00f3n p\u00fablica, la atenci\u00f3n sanitaria para los millones de estadunidenses que no cuentan con ella o la rehabilitaci\u00f3n de unas infraestructuras que hoy colocan a la naci\u00f3n m\u00e1s rica del mundo lejos del resto del mundo desarrollado en casi cualquier par\u00e1metro de bienestar. De acuerdo con el proyecto The Costs of War, de la Universidad de Brown, cuando se consideran todos los gastos asociados a la guerra contra el terrorismo, el costo para los contribuyentes estadunidenses asciende a 8 billones (millones de millones) de d\u00f3lares, todo ello mientras 40 millones de personas dentro de sus fronteras viven debajo de la l\u00ednea de pobreza, 27 millones carecen de un seguro m\u00e9dico, las condiciones de la infraestructura son consideradas \u201cdebajo de los est\u00e1ndares\u201d por la Sociedad Estadunidense de Ingenier\u00eda Civil y la educaci\u00f3n enfrenta un deterioro alarmante.<\/p>\n<p>A dos d\u00e9cadas de los salvajes atentados y de la no menos atroz respuesta lanzada por Washington y sus aliados, no puede sino concluirse que la violencia \u00fanicamente puede engendrar m\u00e1s violencia, y que la guerra no es ni puede ser el camino para librar al mundo del flagelo del terrorismo. Las p\u00e9rdidas humanas, materiales y civilizatorias de la \u201cguerra global contra el terror\u201d deben ser un recordatorio permanente de que s\u00f3lo el di\u00e1logo, la democracia y el respeto a la otredad pueden guiar a la paz entre las naciones y al interior de ellas.<\/p>\n<\/div>\n<\/div>\n<\/div>\n<div class=\"row\">\n<div id=\"publi-1x1-videoi\" class=\"ad-content\" data-google-query-id=\"CM3o24aN9_ICFRkgswAdKvELHw\">\n<div id=\"google_ads_iframe_\/70932171\/Videointelligence_1x1_0__container__\"><iframe id=\"google_ads_iframe_\/70932171\/Videointelligence_1x1_0\" title=\"3rd party ad content\" name=\"google_ads_iframe_\/70932171\/Videointelligence_1x1_0\" width=\"1\" height=\"1\" frameborder=\"0\" marginwidth=\"0\" marginheight=\"0\" scrolling=\"no\" data-google-container-id=\"8\" data-mce-fragment=\"1\"><\/iframe><\/div>\n<\/div>\n<\/div>\n<\/div>\n<\/div>\n","protected":false},"excerpt":{"rendered":"<p>11-S: la tragedia que engendr\u00f3 tragedias Editorial La Jornada Han pasado 20 a\u00f1os desde que un grupo de terroristas, mayoritariamente de nacionalidad saudita, secuestraron cuatro aviones y estrellaron dos de ellos contra las Torres Gemelas de Nueva York, otro contra el Pent\u00e1gono, y perdieron el control de uno m\u00e1s, que termin\u00f3 estrell\u00e1ndose en un campo [&hellip;]<\/p>\n","protected":false},"author":249,"featured_media":23846,"comment_status":"open","ping_status":"closed","sticky":false,"template":"","format":"standard","meta":{"footnotes":""},"categories":[26],"tags":[],"class_list":["post-23845","post","type-post","status-publish","format-standard","has-post-thumbnail","hentry","category-mundo"],"_links":{"self":[{"href":"https:\/\/eloficiodehistoriar.com.mx\/index.php?rest_route=\/wp\/v2\/posts\/23845","targetHints":{"allow":["GET"]}}],"collection":[{"href":"https:\/\/eloficiodehistoriar.com.mx\/index.php?rest_route=\/wp\/v2\/posts"}],"about":[{"href":"https:\/\/eloficiodehistoriar.com.mx\/index.php?rest_route=\/wp\/v2\/types\/post"}],"author":[{"embeddable":true,"href":"https:\/\/eloficiodehistoriar.com.mx\/index.php?rest_route=\/wp\/v2\/users\/249"}],"replies":[{"embeddable":true,"href":"https:\/\/eloficiodehistoriar.com.mx\/index.php?rest_route=%2Fwp%2Fv2%2Fcomments&post=23845"}],"version-history":[{"count":1,"href":"https:\/\/eloficiodehistoriar.com.mx\/index.php?rest_route=\/wp\/v2\/posts\/23845\/revisions"}],"predecessor-version":[{"id":23847,"href":"https:\/\/eloficiodehistoriar.com.mx\/index.php?rest_route=\/wp\/v2\/posts\/23845\/revisions\/23847"}],"wp:featuredmedia":[{"embeddable":true,"href":"https:\/\/eloficiodehistoriar.com.mx\/index.php?rest_route=\/wp\/v2\/media\/23846"}],"wp:attachment":[{"href":"https:\/\/eloficiodehistoriar.com.mx\/index.php?rest_route=%2Fwp%2Fv2%2Fmedia&parent=23845"}],"wp:term":[{"taxonomy":"category","embeddable":true,"href":"https:\/\/eloficiodehistoriar.com.mx\/index.php?rest_route=%2Fwp%2Fv2%2Fcategories&post=23845"},{"taxonomy":"post_tag","embeddable":true,"href":"https:\/\/eloficiodehistoriar.com.mx\/index.php?rest_route=%2Fwp%2Fv2%2Ftags&post=23845"}],"curies":[{"name":"wp","href":"https:\/\/api.w.org\/{rel}","templated":true}]}}