{"id":23848,"date":"2021-09-11T08:22:54","date_gmt":"2021-09-11T14:22:54","guid":{"rendered":"https:\/\/eloficiodehistoriar.com.mx\/?p=23848"},"modified":"2021-09-11T08:22:54","modified_gmt":"2021-09-11T14:22:54","slug":"a-las-2-de-la-tarde-un-estruendo-cimbro-el-suelo-luego-una-nube-de-polvo","status":"publish","type":"post","link":"https:\/\/eloficiodehistoriar.com.mx\/?p=23848","title":{"rendered":"A las 2 de la tarde un estruendo cimbr\u00f3 el suelo&#8230; luego una nube de polvo"},"content":{"rendered":"<div class=\"cabeza\"><q>A las 2 de la tarde un estruendo cimbr\u00f3 el suelo&#8230; luego una nube de polvo<\/q><\/div>\n<div class=\"sumarios\"><\/div>\n<div id=\"article-text\" class=\"text\">\n<div class=\"col\">\n<div class=\"credito-autor\">Silvia Ch\u00e1vez Gonz\u00e1lez<\/div>\n<div class=\"credito-titulo\"><\/div>\n<div class=\"hemero\">La Jornada<\/p>\n<\/div>\n<p class=\"s-s\">Tlalnepantla, M\u00e9x.,<\/p>\n<p class=\"s-s\">Familiares y amigos de residentes de las calles Club Exploradores de Chimalhuac\u00e1n y Alacranes, colonia L\u00e1zaro C\u00e1rdenas tercera secci\u00f3n, llegaron a buscar a sus parientes que habitan en la zona del derrumbe, en el Cerro del Chiquihuite, ubicado en los l\u00edmites del municipio mexiquense de Tlalnepantla y la alcald\u00eda Gustavo A. Madero de a Ciudad de M\u00e9xico.<\/p>\n<p><q>Busco a Paola, de 20 a\u00f1os, a mis nietos Jorge y Maylin, de 3 y 5 a\u00f1os, no s\u00e9 de ellos, no los encuentro, estaban en una casa, junto a las otras dos viviendas<\/q>, expres\u00f3 la madre de la joven que habitaba una de las tres casas contiguas sobre las que cayeron las rocas.<\/p>\n<p>La calle Alacranes qued\u00f3 bloqueada por el derrumbe de inmuebles y enormes piedras, las cuales, seg\u00fan bomberos, pesan m\u00e1s de cien toneladas.<\/p>\n<p>\u201cLa amiga de mi mam\u00e1 no la encontramos, viv\u00eda en una de esas casas, la conocemos como Ana, tiene 42 a\u00f1os y su hijo Juan Carlos, viv\u00edan solos; su vivienda estaba justo ah\u00ed donde cay\u00f3 la piedra.<\/p>\n<p>Pero no sabemos si est\u00e1n ah\u00ed\u201d, manifest\u00f3 Patricia Onorato, residente. Narr\u00f3 que como a las dos de la tarde escuch\u00f3 un fuerte estruendo y sali\u00f3 de su casa, y al ver hacia arriba, vio que hab\u00eda humo o polvo, y las casas no estaban ya.\u00a0<q>Los vecinos subieron corriendo y trataron de quitar las piedras, una mujer gritaba desde una ventana que la ayudaran<\/q>.<\/p>\n<p>Laura Mart\u00ednez coment\u00f3 que en la calle Alacranes habitaban\u00a0<q>la se\u00f1ora Silvia con sus tres hijos; no sabemos de ellos, no queremos pensar que est\u00e1n ah\u00ed (abajo de las rocas)<\/q><\/p>\n<p>Vecinos dijeron que entre las casas derruidas hab\u00eda un ni\u00f1o desnudo que lloraba; lo acogieron y auxiliaron, minutos despu\u00e9s lleg\u00f3 el equipo de Protecci\u00f3n Civil y Bomberos (PCB), que pidi\u00f3 el retiro de civiles.<\/p>\n<p>Pasadas las 17 horas los pobladores comenzaron a desalojar las viviendas. Llevaban bolsas, maletas, documentos personales, mascotas y equipo de trabajo, pues varios de ellos laboraban en su hogar, en la parte alta del cerro del Chiquihuite.<\/p>\n<p>A Miguel \u00c1ngel Granados, paciente pos-Covid-19, personal de PCB lo sac\u00f3 en camilla; su esposa Reyna Figueroa refiri\u00f3 que habitan a tres casas del derrumbe y mejor se salieron.<\/p>\n<p>La colonia L\u00e1zaro C\u00e1rdenas tercera secci\u00f3n a pesar de que se ubica en la zona alta del cerro del Chiquihuite, tiene calles de concreto, alumbrado p\u00fablico y agua potable, incluso banquetas bien trazadas, aunque las viviendas se ubican al pie de pe\u00f1ascos sobre las cuales se asientan las antenas de Televisi\u00f3n Azteca.<\/p>\n<p><q>Vivo aqu\u00ed en la casa amarilla, y escuch\u00e9 como aire, como si hubiera llegado un helic\u00f3ptero, cuando sal\u00ed de casa vi a mucha gente que corr\u00eda para el cerro<\/q>, se\u00f1al\u00f3 Juan, de 22 a\u00f1os, quien a\u00f1adi\u00f3 que la L\u00e1zaro C\u00e1rdenas no es una colonia irregular porque aqu\u00ed se pagan todos los servicios.<\/p>\n<\/div>\n<\/div>\n<div class=\"go gui\">\n<div class=\"go-next\"><\/div>\n<div class=\"go-up\"><\/div>\n<\/div>\n<div id=\"comentarios\"><\/div>\n","protected":false},"excerpt":{"rendered":"<p>A las 2 de la tarde un estruendo cimbr\u00f3 el suelo&#8230; luego una nube de polvo Silvia Ch\u00e1vez Gonz\u00e1lez La Jornada Tlalnepantla, M\u00e9x., Familiares y amigos de residentes de las calles Club Exploradores de Chimalhuac\u00e1n y Alacranes, colonia L\u00e1zaro C\u00e1rdenas tercera secci\u00f3n, llegaron a buscar a sus parientes que habitan en la zona del derrumbe, [&hellip;]<\/p>\n","protected":false},"author":249,"featured_media":23849,"comment_status":"open","ping_status":"closed","sticky":false,"template":"","format":"standard","meta":{"footnotes":""},"categories":[26],"tags":[],"class_list":["post-23848","post","type-post","status-publish","format-standard","has-post-thumbnail","hentry","category-mundo"],"_links":{"self":[{"href":"https:\/\/eloficiodehistoriar.com.mx\/index.php?rest_route=\/wp\/v2\/posts\/23848","targetHints":{"allow":["GET"]}}],"collection":[{"href":"https:\/\/eloficiodehistoriar.com.mx\/index.php?rest_route=\/wp\/v2\/posts"}],"about":[{"href":"https:\/\/eloficiodehistoriar.com.mx\/index.php?rest_route=\/wp\/v2\/types\/post"}],"author":[{"embeddable":true,"href":"https:\/\/eloficiodehistoriar.com.mx\/index.php?rest_route=\/wp\/v2\/users\/249"}],"replies":[{"embeddable":true,"href":"https:\/\/eloficiodehistoriar.com.mx\/index.php?rest_route=%2Fwp%2Fv2%2Fcomments&post=23848"}],"version-history":[{"count":1,"href":"https:\/\/eloficiodehistoriar.com.mx\/index.php?rest_route=\/wp\/v2\/posts\/23848\/revisions"}],"predecessor-version":[{"id":23850,"href":"https:\/\/eloficiodehistoriar.com.mx\/index.php?rest_route=\/wp\/v2\/posts\/23848\/revisions\/23850"}],"wp:featuredmedia":[{"embeddable":true,"href":"https:\/\/eloficiodehistoriar.com.mx\/index.php?rest_route=\/wp\/v2\/media\/23849"}],"wp:attachment":[{"href":"https:\/\/eloficiodehistoriar.com.mx\/index.php?rest_route=%2Fwp%2Fv2%2Fmedia&parent=23848"}],"wp:term":[{"taxonomy":"category","embeddable":true,"href":"https:\/\/eloficiodehistoriar.com.mx\/index.php?rest_route=%2Fwp%2Fv2%2Fcategories&post=23848"},{"taxonomy":"post_tag","embeddable":true,"href":"https:\/\/eloficiodehistoriar.com.mx\/index.php?rest_route=%2Fwp%2Fv2%2Ftags&post=23848"}],"curies":[{"name":"wp","href":"https:\/\/api.w.org\/{rel}","templated":true}]}}