{"id":23855,"date":"2021-09-12T10:07:20","date_gmt":"2021-09-12T16:07:20","guid":{"rendered":"https:\/\/eloficiodehistoriar.com.mx\/?p=23855"},"modified":"2021-09-12T10:07:20","modified_gmt":"2021-09-12T16:07:20","slug":"academias-de-la-lengua-expresan-su-solidaridad-con-sergio-ramirez","status":"publish","type":"post","link":"https:\/\/eloficiodehistoriar.com.mx\/?p=23855","title":{"rendered":"Academias de la lengua expresan su solidaridad con Sergio Ram\u00edrez"},"content":{"rendered":"<div class=\"cabeza\">Academias de la lengua expresan su solidaridad con Sergio Ram\u00edrez<\/div>\n<div class=\"sumarios\">\n<p>Organismos de M\u00e9xico, Espa\u00f1a, Ecuador, Chile y Argentina, entre otros, manifestaron su protesta e indignaci\u00f3n ante la orden de aprehensi\u00f3n girada por el gobierno de Nicaragua contra el escritor<\/p>\n<\/div>\n<div id=\"article-text\" class=\"text\">\n<div class=\"col col1\">\n<div class=\"credito-autor\">Armando G. Tejeda<\/div>\n<div class=\"credito-titulo\"><\/div>\n<div class=\"hemero\">La Jornada<\/p>\n<\/div>\n<p class=\"s-s\">Madrid.<\/p>\n<p class=\"s-s\">En un gesto in\u00e9dito, que demuestra la gravedad de la medida, las academias de la lengua de Espa\u00f1a, M\u00e9xico, Ecuador, El Salvador, Chile, Per\u00fa, Costa Rica, Panam\u00e1, Paraguay, Rep\u00fablica Dominicana, Argentina, Puerto Rico y Estados Unidos expresaron su protesta p\u00fablica y su indignaci\u00f3n ante la orden de detenci\u00f3n girada contra el escritor Sergio Ram\u00edrez del gobierno de Nicaragua de Daniel Ortega. La Real Academia Espa\u00f1ola (RAE) lidera la ola de solidaridad con un autor que defini\u00f3 como\u00a0<q>uno de los m\u00e1s l\u00facidos pensadores y literatos del universo hispanohablante<\/q>.<\/p>\n<p>La RAE emiti\u00f3 un duro comunicado contra el gobierno de Daniel Ortega, que adem\u00e1s fue avalado y suscrito por la mayor\u00eda de las academias de la lengua espa\u00f1ola. Lo hace no s\u00f3lo para defender a un escritor tan destacado como Sergio Ram\u00edrez, sino tambi\u00e9n para avalar la trayectoria de alguien que adem\u00e1s de ser miembro de la RAE fue galardonado con el m\u00e1ximo premio literario que se concede en Espa\u00f1a, el Premio Cervantes.<\/p>\n<p>En el comunicado, la RAE\u00a0<q>protesta con toda energ\u00eda por la orden de detenci\u00f3n<\/q>\u00a0y advierte que\u00a0<q>la RAE defiende las libertades de pensamiento y expresi\u00f3n como los primeros valores de cualquier sistema de convivencia, y lamenta el grave intento de cercenarlas para evitar el debate libre sobre las opiniones e ideas. Las palabras tienen que ser usadas en libertad por todos; evitar la manifestaci\u00f3n libre de toda clase de opiniones, muy especialmente de contenido pol\u00edtico, es la forma m\u00e1s intolerable de ejercicio arbitrario del poder porque conduce a la opresi\u00f3n de los ciudadanos en beneficio exclusivo de los imperantes<\/q>.<\/p>\n<\/div>\n<div class=\"col col2\">\n<div class=\"foto\">\n<div class=\"pie-foto\">Adem\u00e1s, exigen <q>el levantamiento inmediato de las medidas adoptadas contra nuestro admirado compa\u00f1ero don Sergio Ram\u00edrez<\/q>, y detalla que este comunicado, abierto a las adhesiones de otras instituciones culturales, se han sumado inmediatamente las academias de la lengua de Ecuador, M\u00e9xico, El Salvador, Chile, Per\u00fa, Costa Rica, Panam\u00e1, Paraguay, Rep\u00fablica Dominicana, Argentina, Puerto Rico, y Estados Unidos.<\/div>\n<\/div>\n<p>El escritor nicarag\u00fcense est\u00e1 por llegar a Madrid, donde adem\u00e1s de participar en un festival organizado por \u00e9l mismo sobre la literatura de Centroam\u00e9rica, tambi\u00e9n presentar\u00e1 su nueva novela,<em>\u00a0Tongolele no sab\u00eda bailar<\/em>\u00a0(Alfaguara), que, seg\u00fan denunci\u00f3 \u00e9l mismo, lleva m\u00e1s de 10 d\u00edas retenida en la aduana nicarag\u00fcense para impedir su entrada en el pa\u00eds.<\/p>\n<\/div>\n<\/div>\n","protected":false},"excerpt":{"rendered":"<p>Academias de la lengua expresan su solidaridad con Sergio Ram\u00edrez Organismos de M\u00e9xico, Espa\u00f1a, Ecuador, Chile y Argentina, entre otros, manifestaron su protesta e indignaci\u00f3n ante la orden de aprehensi\u00f3n girada por el gobierno de Nicaragua contra el escritor Armando G. Tejeda La Jornada Madrid. En un gesto in\u00e9dito, que demuestra la gravedad de la [&hellip;]<\/p>\n","protected":false},"author":249,"featured_media":23834,"comment_status":"open","ping_status":"closed","sticky":false,"template":"","format":"standard","meta":{"footnotes":""},"categories":[26],"tags":[],"class_list":["post-23855","post","type-post","status-publish","format-standard","has-post-thumbnail","hentry","category-mundo"],"_links":{"self":[{"href":"https:\/\/eloficiodehistoriar.com.mx\/index.php?rest_route=\/wp\/v2\/posts\/23855","targetHints":{"allow":["GET"]}}],"collection":[{"href":"https:\/\/eloficiodehistoriar.com.mx\/index.php?rest_route=\/wp\/v2\/posts"}],"about":[{"href":"https:\/\/eloficiodehistoriar.com.mx\/index.php?rest_route=\/wp\/v2\/types\/post"}],"author":[{"embeddable":true,"href":"https:\/\/eloficiodehistoriar.com.mx\/index.php?rest_route=\/wp\/v2\/users\/249"}],"replies":[{"embeddable":true,"href":"https:\/\/eloficiodehistoriar.com.mx\/index.php?rest_route=%2Fwp%2Fv2%2Fcomments&post=23855"}],"version-history":[{"count":1,"href":"https:\/\/eloficiodehistoriar.com.mx\/index.php?rest_route=\/wp\/v2\/posts\/23855\/revisions"}],"predecessor-version":[{"id":23856,"href":"https:\/\/eloficiodehistoriar.com.mx\/index.php?rest_route=\/wp\/v2\/posts\/23855\/revisions\/23856"}],"wp:featuredmedia":[{"embeddable":true,"href":"https:\/\/eloficiodehistoriar.com.mx\/index.php?rest_route=\/wp\/v2\/media\/23834"}],"wp:attachment":[{"href":"https:\/\/eloficiodehistoriar.com.mx\/index.php?rest_route=%2Fwp%2Fv2%2Fmedia&parent=23855"}],"wp:term":[{"taxonomy":"category","embeddable":true,"href":"https:\/\/eloficiodehistoriar.com.mx\/index.php?rest_route=%2Fwp%2Fv2%2Fcategories&post=23855"},{"taxonomy":"post_tag","embeddable":true,"href":"https:\/\/eloficiodehistoriar.com.mx\/index.php?rest_route=%2Fwp%2Fv2%2Ftags&post=23855"}],"curies":[{"name":"wp","href":"https:\/\/api.w.org\/{rel}","templated":true}]}}