{"id":23860,"date":"2021-09-12T10:17:24","date_gmt":"2021-09-12T16:17:24","guid":{"rendered":"https:\/\/eloficiodehistoriar.com.mx\/?p=23860"},"modified":"2021-09-12T10:17:24","modified_gmt":"2021-09-12T16:17:24","slug":"clases-de-historia-2018-tercer-largometraje-de-marcelino-islas-hernandez","status":"publish","type":"post","link":"https:\/\/eloficiodehistoriar.com.mx\/?p=23860","title":{"rendered":"Clases de historia\u00a0(2018), tercer largometraje de Marcelino Islas Hern\u00e1ndez"},"content":{"rendered":"<div class=\"cabeza\">Clases de historia<\/div>\n<div class=\"sumarios\"><\/div>\n<div class=\"credito-articulo\">Carlos Bonfil<\/div>\n<div><\/div>\n<div id=\"article-text\" class=\"text\">\n<div class=\"col col1\">\n<div class=\"inicial\">No olvides que vas a morir.\u00a0<em>Clases de historia\u00a0<\/em>(2018), tercer largometraje de Marcelino Islas Hern\u00e1ndez, tiene finalmente su estreno comercial esta semana, despu\u00e9s de haber visto detenida su distribuci\u00f3n, como tantas otras cintas mexicanas, por efectos de la pandemia. Desde sus dos cintas anteriores,\u00a0<em>Martha<\/em>\u00a0(2010), relato sobre las inclemencias de la vejez agudizadas por una jubilaci\u00f3n forzada, y su pel\u00edcula siguiente,\u00a0<em>La caridad<\/em>\u00a0(2016), acerca de los lazos de solidaridad afectiva en una pareja conyugal madura luego del accidente automovil\u00edstico que deja semiparalizado al esposo, hasta su m\u00e1s reciente recuento de los d\u00edas grises de una mujer madura y enferma, el cine de Marcelino Islas ha venido insistiendo en los temas de la vulnerabilidad emocional, la enfermedad y la vejez.<\/div>\n<p>En\u00a0<em>Clases de historia<\/em>\u00a0el relato se centra en la figura de la maestra de secundaria Vero (Ver\u00f3nica Langer), una mujer de 60 a\u00f1os que penosamente soporta la morosidad de su vida familiar a lado de Daniel (H\u00e9ctor Holten), un marido ab\u00falico, sin mayor ocupaci\u00f3n que dormitar y estar pegado todo el d\u00eda a la televisi\u00f3n, y los hijos que, sin alejarse del todo del recinto dom\u00e9stico, han emprendido cada uno su propio camino, reserv\u00e1ndole a sus padres un m\u00ednimo de atenci\u00f3n afectiva. Una familia unida m\u00e1s por la comodidad y la costumbre que por una comunicaci\u00f3n verdaderamente estimulante. El desasosiego emocional que vive la maestra Vero se agudiza ante dos perspectivas dram\u00e1ticas: la posible p\u00e9rdida de su empleo y la ineluctable suerte que le depara el padecer la fase avanzada de un c\u00e1ncer que considera in\u00fatil operar. En este contexto de desesperanza, la silenciosa e impasible Vero comienza a mostrar signos de exasperaci\u00f3n y desaliento en su trabajo, y el punto de quiebre se produce con la llegada a su sal\u00f3n de clases de Eva (Renata Vaca), una joven de 16 a\u00f1os, cuyo car\u00e1cter insumiso y su gusto por la provocaci\u00f3n suscitan en la mujer madura una mezcla de fascinaci\u00f3n y rechazo instintivo.<\/p>\n<p>Un c\u00famulo semejante de infortunios puede y suele generar en el cine alg\u00fan melodrama apabullante o, algo no menos calamitoso, alguna rutinaria\u00a0<q>lecci\u00f3n de vida<\/q>, o de superaci\u00f3n personal, aderezada con sendos toques de solemnidad y sentimentalismo. Superando esos escollos, la cinta de Marcelino Islas se limita a mostrar las novedosas clases de una historia afectiva personal poco ortodoxa que la maestra Vero imparte a una Eva crecientemente comprensiva y madura. A cambio de ello, \u00e9sta recibe ese est\u00edmulo vital que en la joven es desbordante y que para la enferma es motivo suficiente para darle un sentido nuevo a sus d\u00edas crepusculares. Se da as\u00ed un pacto t\u00e1cito de ense\u00f1anzas compartidas entre dos mujeres de generaciones muy distantes, a las que une adem\u00e1s la curiosidad de descubrir una en el cuerpo de la otra las sensaciones de una complicidad er\u00f3tica.<\/p>\n<\/div>\n<div class=\"col col2\">\n<p>En una cinta relativamente reciente,\u00a0<em>D\u00f3lares de arena<\/em>\u00a0(2014), de Laura Amelia Guzm\u00e1n e Israel Hern\u00e1ndez, el asunto de la relaci\u00f3n, primero mercantil luego intensamente afectiva, entre una mujer madura (Geraldine Chaplin) y una joven 50 a\u00f1os menor (Yanet Mojica), alud\u00eda con temeridad y desenfado al tab\u00fa social de la sexualidad entre dos mujeres, pero de modo m\u00e1s agudo a una comuni\u00f3n f\u00edsica intergeneracional que podr\u00eda parecer a\u00fan m\u00e1s escandalosa. En\u00a0<em>Clases de historia,<\/em>\u00a0Marcelino Islas toma un camino muy distinto al aludir a esa intimidad afectiva de modo muy sutil, pero sin esquivar la complejidad que supone el curioso aprendizaje emocional de la joven Eva a lado de una persona cuyos d\u00edas parecen contados y cuya curiosidad se vuelve, por lo mismo, una gran expresi\u00f3n de vitalidad y entusiasmo.<\/p>\n<p>El cineasta aborda el asunto de esa amistad particular marcada por ense\u00f1anzas morales y aprendizajes rec\u00edprocos, con refrescantes toques de humorismo (la fiesta juvenil en que la profesora veterana se descubre aprendiz estupenda en el arte del desmadre), y desterrando de paso cualquier asomo de autoconmiseraci\u00f3n emocional por parte de la enferma. Son notables las actuaciones de las dos protagonistas, una Ver\u00f3nica Langer llena de matices dram\u00e1ticos y, como siempre muy due\u00f1a de su oficio, y en especial Renata Vaca, una vigorosa presencia esc\u00e9nica que reserva sorpresas todav\u00eda mayores.<\/p>\n<p>.<\/p>\n<p class=\"email\">\n<\/div>\n<\/div>\n<div class=\"go gui\">\n<div class=\"go-up\"><\/div>\n<\/div>\n<div id=\"comentarios\"><\/div>\n","protected":false},"excerpt":{"rendered":"<p>Clases de historia Carlos Bonfil No olvides que vas a morir.\u00a0Clases de historia\u00a0(2018), tercer largometraje de Marcelino Islas Hern\u00e1ndez, tiene finalmente su estreno comercial esta semana, despu\u00e9s de haber visto detenida su distribuci\u00f3n, como tantas otras cintas mexicanas, por efectos de la pandemia. Desde sus dos cintas anteriores,\u00a0Martha\u00a0(2010), relato sobre las inclemencias de la vejez [&hellip;]<\/p>\n","protected":false},"author":249,"featured_media":23861,"comment_status":"open","ping_status":"closed","sticky":false,"template":"","format":"standard","meta":{"footnotes":""},"categories":[26],"tags":[],"class_list":["post-23860","post","type-post","status-publish","format-standard","has-post-thumbnail","hentry","category-mundo"],"_links":{"self":[{"href":"https:\/\/eloficiodehistoriar.com.mx\/index.php?rest_route=\/wp\/v2\/posts\/23860","targetHints":{"allow":["GET"]}}],"collection":[{"href":"https:\/\/eloficiodehistoriar.com.mx\/index.php?rest_route=\/wp\/v2\/posts"}],"about":[{"href":"https:\/\/eloficiodehistoriar.com.mx\/index.php?rest_route=\/wp\/v2\/types\/post"}],"author":[{"embeddable":true,"href":"https:\/\/eloficiodehistoriar.com.mx\/index.php?rest_route=\/wp\/v2\/users\/249"}],"replies":[{"embeddable":true,"href":"https:\/\/eloficiodehistoriar.com.mx\/index.php?rest_route=%2Fwp%2Fv2%2Fcomments&post=23860"}],"version-history":[{"count":1,"href":"https:\/\/eloficiodehistoriar.com.mx\/index.php?rest_route=\/wp\/v2\/posts\/23860\/revisions"}],"predecessor-version":[{"id":23862,"href":"https:\/\/eloficiodehistoriar.com.mx\/index.php?rest_route=\/wp\/v2\/posts\/23860\/revisions\/23862"}],"wp:featuredmedia":[{"embeddable":true,"href":"https:\/\/eloficiodehistoriar.com.mx\/index.php?rest_route=\/wp\/v2\/media\/23861"}],"wp:attachment":[{"href":"https:\/\/eloficiodehistoriar.com.mx\/index.php?rest_route=%2Fwp%2Fv2%2Fmedia&parent=23860"}],"wp:term":[{"taxonomy":"category","embeddable":true,"href":"https:\/\/eloficiodehistoriar.com.mx\/index.php?rest_route=%2Fwp%2Fv2%2Fcategories&post=23860"},{"taxonomy":"post_tag","embeddable":true,"href":"https:\/\/eloficiodehistoriar.com.mx\/index.php?rest_route=%2Fwp%2Fv2%2Ftags&post=23860"}],"curies":[{"name":"wp","href":"https:\/\/api.w.org\/{rel}","templated":true}]}}