{"id":23874,"date":"2021-09-13T09:05:44","date_gmt":"2021-09-13T15:05:44","guid":{"rendered":"https:\/\/eloficiodehistoriar.com.mx\/?p=23874"},"modified":"2021-09-13T09:05:44","modified_gmt":"2021-09-13T15:05:44","slug":"hay-tal-alegria-en-la-obra-pictorica-y-grafica-de-roger-von-gunten","status":"publish","type":"post","link":"https:\/\/eloficiodehistoriar.com.mx\/?p=23874","title":{"rendered":"Hay tal alegr\u00eda en la obra\u00a0pict\u00f3rica y gr\u00e1fica de Roger von Gunten"},"content":{"rendered":"<div class=\"cabeza\">Celebraci\u00f3n de Roger von Gunten<\/div>\n<div class=\"sumarios\"><\/div>\n<div class=\"credito-articulo\">Hermann Bellinghausen<\/div>\n<div id=\"article-text\" class=\"text\">\n<div class=\"foto\">\n<div><\/div>\n<div class=\"pie-foto\"><em>Conjuro para un volc\u00e1n <\/em>(fecha no registrada). Grabado en metal (aguafuerte y aguatinta en dos placas de cobre). Impresi\u00f3n: taller Roger von Gunten (Jos\u00e9 Luis Quiroz), Aguascalientes. Colecci\u00f3n Roger von Gunten.<span class=\"credito\">Foto cortes\u00eda del Munae<\/span><\/div>\n<div><\/div>\n<\/div>\n<div class=\"col col1\">\n<div class=\"inicial\">Hay tal alegr\u00eda en la obra\u00a0pict\u00f3rica y gr\u00e1fica de Roger von Gunten que saca brillo a los ojos que la miran. La suya es una de las p\u00e1ginas m\u00e1s coloridas y fieles a la belleza dentro de la pintura mexicana. El dato recurrente de que naci\u00f3 en Z\u00farich (1933) obliga al\u00a0<em>dictum<\/em>\u00a0de Chavela Vargas, de origen tica, de que los mexicanos nacen donde les da\u00a0<q>la rechingada gana<\/q>. Hay una permanente poes\u00eda vegetal y er\u00f3tica, un correr de flores y aguas en la desnudez del mundo que pareciera repetirse (\u00bfacaso lo inigualable se repite alguna vez?). Su versi\u00f3n ed\u00e9nica y ad\u00e1nica de la naturaleza sensible ha sido durante 60 a\u00f1os su manera de dar las gracias a la patria elegida.<\/div>\n<p>Su pertenencia a la Ruptura es una verdad, s\u00ed, pero tambi\u00e9n un lugar com\u00fan que no le hace justicia. Participa del neo y el no figurativismo de esa generaci\u00f3n victoriosa (Rojo, Cuevas, Felgu\u00e9rez, Fernando Garc\u00eda Ponce, Lilia Carrillo, Echeverr\u00eda, Gironella), pero a la larga su obra est\u00e1 m\u00e1s en familia con Francisco Toledo. Sin abusar de comparaciones entre dos artistas incomparables, ambos comparten la risa, maliciosa y quemante en Toledo, inocente y colorida en Von Gunten. Los dos a sus anchas en las selvas, los mares, los r\u00edos y los cuerpos vivos. Pero mientras Toledo celebra f\u00e1licamente lo m\u00edtico y raigal, Von Gunten mitifica la realidad y las mujeres, naturalista y ut\u00f3pico a la vez.<\/p>\n<p>Cabe imaginar el\u00a0<q>descubrimiento<\/q>\u00a0de olores, sabores, sonidos, figuras y colores mexicanos para un suizo-alem\u00e1n \u00e1vido de cierto desorden tropical, equivalente al enamoramiento de la ruso-alemana Olga Costa (nacida Kostakowsky) al descubrir las frutas, los cuerpos y la fluidez desenfrenada del tr\u00f3pico mexicano. O bien del h\u00fangaro-alem\u00e1n Gunther Gerszo, quien invent\u00f3 para s\u00ed mismo un paisaje mexicano monumental e \u00edntimo con colores que a\u00fan no ten\u00edan nombre.<\/p>\n<p>El Museo Nacional de la Estampa expone actualmente una amplia serie de la gr\u00e1fica (aguatinta, serigraf\u00eda, litograf\u00eda y aguafuerte) que, dejando de lado los ricos recursos de la pintura, el \u00f3leo, el acr\u00edlico y los lienzos, transmite la misma fiesta de los sentidos, casi obsesivamente centrada en el cuerpo femenino sin ninguna restricci\u00f3n (y alg\u00fan perico ocasional). Imp\u00fadico y elegante, ha hecho decir al cr\u00edtico Santiago Espinosa de los Monteros (1999) que en su obra\u00a0<q>no hay m\u00e1s desenlace posible que el del goce, del disfrute y de la lujuria desbocada que nos llega a los ojos<\/q>. Ante la actual muestra de\u00a0<em>Un camino recorrido,<\/em>\u00a0con gr\u00e1fica que abarca de 1961 a 2016, Emilio Pay\u00e1n apunta que esta obra\u00a0<q>es un sue\u00f1o de justicia por la conservaci\u00f3n de la naturaleza<\/q>.<\/p>\n<\/div>\n<div class=\"col col2\">\n<p>El arte como jardiner\u00eda, dir\u00eda Jaime Moreno Villarreal, otro de sus brillantes comentaristas. Von Gunten invita a la poes\u00eda; es muy probable que se alimente de ella. Un camino recorrido exhibe sus trabajos con Homero Aridjis, Jos\u00e9 Emilio Pacheco y Coral Bracho, por ejemplo.<\/p>\n<p>Tambi\u00e9n escult\u00f3rica, la obra de Von Gunten no es amorosa sino enamorada. De lo que ve y lo que toca, lo que irriga y cosecha, lo que penetra y lo invade, lo que sus ojos abiertos sue\u00f1an.<\/p>\n<p>Su huella en las generaciones posteriores sobresale por palpable y abundante. Me vienen a la mente Armando Brito y Patricia Soriano, pero la heredad vongunteniana es muy amplia y de alguna manera\u00a0<q>muy mexicana<\/q>, hasta nacionalista en algunos casos parad\u00f3jicos.<\/p>\n<p>Sin embargo, su universo es inconfundible. Cuesta trabajo hablar de\u00a0<q>evoluci\u00f3n<\/q>. Es como un ni\u00f1o que nace sabiendo y nunca deja de ser ni\u00f1o. Es como un camino sin comienzo ni final, que s\u00f3lo sigue y sigue y sigue. Von Gunten pinta como se respira y porque s\u00ed.<\/p>\n<p>Su vida como su obra se conserva en la escala de lo limpio y lo natural. Firme y progresista en sus opiniones, fiel a su compromiso con el mundo de lo bueno, lo sano y lo feraz con cierta dosis de magia cham\u00e1nica, desde Tepoztl\u00e1n no deja de poblarnos con su obra feliz. Y, otra vez, el paralelismo con Toledo y su Oaxaca.<\/p>\n<p>Resulta natural la fascinaci\u00f3n que ha ejercido siempre en los escritores (Juan Garc\u00eda Ponce, Octavio Paz, Jomi Garc\u00eda Ascot), pues de alguna manera su pintura es literaria. La buena envidia del poeta que no sabe dibujar, mucho menos pintar, pero as\u00ed como abrazar\u00eda la m\u00fasica, se hipnotiza deleitosamente frente a los paisajes interminables de Roger von Gunten, un privilegio nacional.<\/p>\n<p class=\"email\">\n<\/div>\n<\/div>\n<div class=\"go gui\">\n<div class=\"go-up\"><\/div>\n<\/div>\n<div id=\"comentarios\"><\/div>\n","protected":false},"excerpt":{"rendered":"<p>Celebraci\u00f3n de Roger von Gunten Hermann Bellinghausen Conjuro para un volc\u00e1n (fecha no registrada). Grabado en metal (aguafuerte y aguatinta en dos placas de cobre). Impresi\u00f3n: taller Roger von Gunten (Jos\u00e9 Luis Quiroz), Aguascalientes. Colecci\u00f3n Roger von Gunten.Foto cortes\u00eda del Munae Hay tal alegr\u00eda en la obra\u00a0pict\u00f3rica y gr\u00e1fica de Roger von Gunten que saca [&hellip;]<\/p>\n","protected":false},"author":249,"featured_media":23875,"comment_status":"open","ping_status":"closed","sticky":false,"template":"","format":"standard","meta":{"footnotes":""},"categories":[26],"tags":[],"class_list":["post-23874","post","type-post","status-publish","format-standard","has-post-thumbnail","hentry","category-mundo"],"_links":{"self":[{"href":"https:\/\/eloficiodehistoriar.com.mx\/index.php?rest_route=\/wp\/v2\/posts\/23874","targetHints":{"allow":["GET"]}}],"collection":[{"href":"https:\/\/eloficiodehistoriar.com.mx\/index.php?rest_route=\/wp\/v2\/posts"}],"about":[{"href":"https:\/\/eloficiodehistoriar.com.mx\/index.php?rest_route=\/wp\/v2\/types\/post"}],"author":[{"embeddable":true,"href":"https:\/\/eloficiodehistoriar.com.mx\/index.php?rest_route=\/wp\/v2\/users\/249"}],"replies":[{"embeddable":true,"href":"https:\/\/eloficiodehistoriar.com.mx\/index.php?rest_route=%2Fwp%2Fv2%2Fcomments&post=23874"}],"version-history":[{"count":1,"href":"https:\/\/eloficiodehistoriar.com.mx\/index.php?rest_route=\/wp\/v2\/posts\/23874\/revisions"}],"predecessor-version":[{"id":23876,"href":"https:\/\/eloficiodehistoriar.com.mx\/index.php?rest_route=\/wp\/v2\/posts\/23874\/revisions\/23876"}],"wp:featuredmedia":[{"embeddable":true,"href":"https:\/\/eloficiodehistoriar.com.mx\/index.php?rest_route=\/wp\/v2\/media\/23875"}],"wp:attachment":[{"href":"https:\/\/eloficiodehistoriar.com.mx\/index.php?rest_route=%2Fwp%2Fv2%2Fmedia&parent=23874"}],"wp:term":[{"taxonomy":"category","embeddable":true,"href":"https:\/\/eloficiodehistoriar.com.mx\/index.php?rest_route=%2Fwp%2Fv2%2Fcategories&post=23874"},{"taxonomy":"post_tag","embeddable":true,"href":"https:\/\/eloficiodehistoriar.com.mx\/index.php?rest_route=%2Fwp%2Fv2%2Ftags&post=23874"}],"curies":[{"name":"wp","href":"https:\/\/api.w.org\/{rel}","templated":true}]}}