{"id":23925,"date":"2021-09-15T17:00:52","date_gmt":"2021-09-15T23:00:52","guid":{"rendered":"https:\/\/eloficiodehistoriar.com.mx\/?p=23925"},"modified":"2021-09-15T17:00:52","modified_gmt":"2021-09-15T23:00:52","slug":"el-grito-sin-publico-pero-promete-una-sorpresa-fabiola-martinez","status":"publish","type":"post","link":"https:\/\/eloficiodehistoriar.com.mx\/?p=23925","title":{"rendered":"&#8216;El Grito&#8217; sin p\u00fablico pero promete \u201cuna sorpresa\u201d Fabiola Mart\u00ednez\u00a0"},"content":{"rendered":"<h2 id=\"article-title-tts\" class=\"title title-default\">AMLO dar\u00e1 &#8216;El Grito&#8217; sin p\u00fablico pero promete \u201cuna sorpresa\u201d<\/h2>\n<div class=\"article-info\"><a class=\"author\" href=\"https:\/\/www.jornada.com.mx\/author\/fabiola-martinez.html\">Fabiola Mart\u00ednez<\/a><\/div>\n<div class=\"article-row\">\n<div class=\"social-links right\">\n<div id=\"content-sintesis-audio\" class=\"sintesis-audio\">\n<div class=\"speak-cont btn-group\">\n<form><em>Ciudad de M\u00e9xico<\/em>.<\/p>\n<p>Esta noche, el presidente Andr\u00e9s Manuel L\u00f3pez Obrador encabezar\u00e1 la ceremonia del Grito de Independencia, en Palacio Nacional.<\/p>\n<\/form>\n<\/div>\n<\/div>\n<\/div>\n<div class=\"article-main\">\n<div class=\"row\">\n<div id=\"article-content-tts\" class=\"article-content ljn-nota-contenido\">\n<div id=\"content_nitf\">\n<p>Aunque por segundo a\u00f1o consecutivo el festejo se realizar\u00e1 sin ciudadanos en la Plaza de la Constituci\u00f3n, como medida preventiva frente a la pandemia por Covid-19, el mandatario prometi\u00f3 que ser\u00e1 una fiesta excepcional, una sorpresa.<\/p>\n<p>La Presidencia de la Rep\u00fablica invit\u00f3 a la poblaci\u00f3n a seguir la ceremonia por redes sociales y medios de comunicaci\u00f3n. La transmisi\u00f3n en vivo iniciar\u00e1 a las 22:51 horas.<\/p>\n<div class=\"teads-inread\">\n<div>\n<div id=\"teads3\" class=\"teads-player\">Enseguida se transmitir\u00e1 un video alusivo a la fundaci\u00f3n, resistencia e independencia de M\u00e9xico.<\/div>\n<\/div>\n<\/div>\n<p>Cinco minutos antes de las once de la noche, la Escolta de Bandera del Heroico Colegio Militar iniciar\u00e1 recorrido por el Sal\u00f3n de Recepciones de Palacio.<\/p>\n<p>En el Sal\u00f3n Embajadores se har\u00e1 el Toque de Silencio, en memoria de las v\u00edctimas de Covid-19.<\/p>\n<p>L\u00f3pez Obrador saludar\u00e1 a la escolta, recibir\u00e1 la Bandera Nacional y se dirigir\u00e1 al balc\u00f3n principal para dar el Grito de Independencia en punto de las once de la noche.<\/p>\n<p>Seis minutos despu\u00e9s est\u00e1 programada la transmisi\u00f3n de un \u201cvideomapping\u201d titulado M\u00e9xico-Tenochtitlan y luego otro video de este mismo tipo, para cerrar con pirotecnia y una pieza musical.<\/p>\n<div class=\"teads-inread sm-screen\">\n<div id=\"teads1\" class=\"teads-player\">Acompa\u00f1ar\u00e1n al mandatario integrantes de su gabinete e invitados especiales.<\/div>\n<\/div>\n<p>El presidente L\u00f3pez Obrador dijo el martes que los festejos patrios de septiembre son los m\u00e1s importantes para los mexicanos, mientras que en materia religiosa es la navidad.<\/p>\n<p>\u201cInvito a todo el pueblo de M\u00e9xico. La ceremonia del Grito va a ser excepcional, muy importante, es sorpresa. No va a haber asistencia porque tenemos que cuidar todav\u00eda los contagios de la pandemia, tenemos que cuidarnos, seguirnos cuidando, pero va a ser un espect\u00e1culo c\u00edvico de primer orden, una gran sorpresa\u201d, coment\u00f3.<\/p>\n<p>Todav\u00eda, tenemos tiempo de colocar banderitas, nuestras banderas, que es nuestro orgullo como naci\u00f3n, a\u00f1adi\u00f3 el presidente.<\/p>\n<p>\u201cNo olvidar nuestra historia, no olvidar nuestro pasado. As\u00ed como nuestros padres, nuestros abuelos, respetaban los s\u00edmbolos patrios, conmemoraban estas fechas, as\u00ed debemos seguir. Estas son tradiciones c\u00edvicas buenas que nos ayudan a tener identidad, a estar orgullosos de nuestro pa\u00eds, que es un gran pa\u00eds, M\u00e9xico\u201d, explic\u00f3 L\u00f3pez Obrador.<\/p>\n<p>Los festejos se realizar\u00e1n en la mayor\u00eda de las plazas sin presencia de la gente, pero se puede disfrutar desde casa o cuidando la sana distancia, coment\u00f3.<\/p>\n<\/div>\n<\/div>\n<\/div>\n<\/div>\n<\/div>\n","protected":false},"excerpt":{"rendered":"<p>AMLO dar\u00e1 &#8216;El Grito&#8217; sin p\u00fablico pero promete \u201cuna sorpresa\u201d Fabiola Mart\u00ednez Ciudad de M\u00e9xico. Esta noche, el presidente Andr\u00e9s Manuel L\u00f3pez Obrador encabezar\u00e1 la ceremonia del Grito de Independencia, en Palacio Nacional. Aunque por segundo a\u00f1o consecutivo el festejo se realizar\u00e1 sin ciudadanos en la Plaza de la Constituci\u00f3n, como medida preventiva frente a [&hellip;]<\/p>\n","protected":false},"author":249,"featured_media":23926,"comment_status":"open","ping_status":"closed","sticky":false,"template":"","format":"standard","meta":{"footnotes":""},"categories":[26],"tags":[],"class_list":["post-23925","post","type-post","status-publish","format-standard","has-post-thumbnail","hentry","category-mundo"],"_links":{"self":[{"href":"https:\/\/eloficiodehistoriar.com.mx\/index.php?rest_route=\/wp\/v2\/posts\/23925","targetHints":{"allow":["GET"]}}],"collection":[{"href":"https:\/\/eloficiodehistoriar.com.mx\/index.php?rest_route=\/wp\/v2\/posts"}],"about":[{"href":"https:\/\/eloficiodehistoriar.com.mx\/index.php?rest_route=\/wp\/v2\/types\/post"}],"author":[{"embeddable":true,"href":"https:\/\/eloficiodehistoriar.com.mx\/index.php?rest_route=\/wp\/v2\/users\/249"}],"replies":[{"embeddable":true,"href":"https:\/\/eloficiodehistoriar.com.mx\/index.php?rest_route=%2Fwp%2Fv2%2Fcomments&post=23925"}],"version-history":[{"count":1,"href":"https:\/\/eloficiodehistoriar.com.mx\/index.php?rest_route=\/wp\/v2\/posts\/23925\/revisions"}],"predecessor-version":[{"id":23927,"href":"https:\/\/eloficiodehistoriar.com.mx\/index.php?rest_route=\/wp\/v2\/posts\/23925\/revisions\/23927"}],"wp:featuredmedia":[{"embeddable":true,"href":"https:\/\/eloficiodehistoriar.com.mx\/index.php?rest_route=\/wp\/v2\/media\/23926"}],"wp:attachment":[{"href":"https:\/\/eloficiodehistoriar.com.mx\/index.php?rest_route=%2Fwp%2Fv2%2Fmedia&parent=23925"}],"wp:term":[{"taxonomy":"category","embeddable":true,"href":"https:\/\/eloficiodehistoriar.com.mx\/index.php?rest_route=%2Fwp%2Fv2%2Fcategories&post=23925"},{"taxonomy":"post_tag","embeddable":true,"href":"https:\/\/eloficiodehistoriar.com.mx\/index.php?rest_route=%2Fwp%2Fv2%2Ftags&post=23925"}],"curies":[{"name":"wp","href":"https:\/\/api.w.org\/{rel}","templated":true}]}}