{"id":23929,"date":"2021-09-16T07:42:43","date_gmt":"2021-09-16T13:42:43","guid":{"rendered":"https:\/\/eloficiodehistoriar.com.mx\/?p=23929"},"modified":"2021-09-16T07:42:43","modified_gmt":"2021-09-16T13:42:43","slug":"vivas-a-la-honestidad-y-a-los-pueblos-prehispanicos","status":"publish","type":"post","link":"https:\/\/eloficiodehistoriar.com.mx\/?p=23929","title":{"rendered":"vivas\u00bb a la honestidad y a los pueblos prehisp\u00e1nicos"},"content":{"rendered":"<h2 id=\"article-title-tts\" class=\"title title-default\">AMLO grita \u00abvivas\u00bb a la honestidad y a los pueblos prehisp\u00e1nicos<\/h2>\n<div class=\"article-info\"><a class=\"author\" href=\"https:\/\/www.jornada.com.mx\/author\/fabiola-martinez-y-jared-laureles.html\">Fabiola Mart\u00ednez y Jared Laureles<\/a><\/div>\n<div id=\"article-media-buttons\" class=\"content-media-box\">\n<div id=\"article-media-video\" class=\"item-media-box\">\n<div class=\"media-type\"><\/div>\n<\/div>\n<div id=\"article-media-images\" class=\"item-media-box\">\n<div class=\"gallery-type\"><em>Ciudad de M\u00e9xico.<\/em><\/div>\n<div class=\"gallery-type\">En punto de las once de la noche de este mi\u00e9rcoles, el Presidente Andr\u00e9s Manuel L\u00f3pez Obrador sali\u00f3 al balc\u00f3n central de Palacio Nacional para dar el tradicional Grito de Independencia, nombrado este a\u00f1o \u201cPor la libertad y la justicia\u201d. El mandatario exclam\u00f3 esta vez \u201cvivas\u201d a la honestidad, a los h\u00e9roes an\u00f3nimos y a los pueblos prehisp\u00e1nicos, adem\u00e1s de las tradicionales dedicadas a los personajes y valores patrios.<\/div>\n<\/div>\n<\/div>\n<div class=\"article-row\">\n<div class=\"article-main\">\n<div class=\"row\">\n<div id=\"article-content-tts\" class=\"article-content ljn-nota-contenido\">\n<div id=\"content_nitf\">\nPor segundo a\u00f1o consecutivo, el \u201cGrito\u201d se realiz\u00f3 frente a una Plaza de la Constituci\u00f3n vac\u00eda, en la restricci\u00f3n impuesta por la pandemia de covid-19.<\/p>\n<p>El jefe del Ejecutivo se dirigi\u00f3 a la naci\u00f3n y enseguida lanz\u00f3 una veintena de \u201cvivas\u201d para despu\u00e9s hacer sonar la campana hist\u00f3rica, fabricada en 1768, tambi\u00e9n conocida como Esquilon de San Jos\u00e9.<\/p>\n<p>El presidente exclam\u00f3:<\/p>\n<p>\u201cMexicana, mexicanos, viva la Independencia, viva Miguel Hidalgo y Costilla, viva Jos\u00e9 Mar\u00eda Morelos y Pav\u00f3n, viva Josefa Ortiz de Dom\u00ednguez, viva Ignacio Allende\u00bb.<\/p>\n<p>\u201cViva Leona Vicario, viva Vicente Guerrero, vivan los h\u00e9roes an\u00f3nimos\u00bb.<\/p>\n<div id=\"vi-stories-top-div-1\" class=\"vi-stories-top-div viUnit2\">\n<div id=\"vi-stories-main-container\" class=\"vi-stories-main-container vi-stories-z-index-base vi-stories-width-600-700 vi-stories-overlay-ui vi-stories-playing-ad\">\n<div id=\"vi-stories-player-container\" class=\"vi-stories-player-container vi-stories-z-index-base HTMLPlayer-module__container\">\n<div id=\"vi-stories-ad-container\" class=\"AdEngine-module__container\">\n<div id=\"1-l80qyvi3f-1631799318167\" class=\"AdEngine-module__adPlayer AdEngine-module__adPlayer__blackBg\">\n<div data-integralas-vid-aaececa47544d3b4cc455439231a5f45=\"\" data-integralas-id-d2d4498b-fce3-e444-3d4a-c118e799da38=\"\"><\/div>\n<\/div>\n<\/div>\n<div id=\"vi-stories-gui-container\">\n<div class=\"GUI-module__gui GUI-module__container\">\n<div class=\"GUI-module__controls\">\n<div class=\"GUI-module__controlsBtns\"><button class=\"GUI-module__btn GUI-module__controlsBtn GUI-module__controlsBtnPause\" type=\"button\"><\/button><button class=\"GUI-module__btn GUI-module__controlsBtn GUI-module__controlsBtnVolume GUI-module__controlsBtnVolumeMuted\" type=\"button\"><\/button><\/p>\n<div class=\"GUI-module__timeDisplay\"><\/div>\n<\/div>\n<\/div>\n<\/div>\n<\/div>\n<\/div>\n<\/div>\n<\/div>\n<p>\u201cViva la libertad, viva la justicia, viva la igualdad, viva la democracia, viva la honestidad\u00bb.<\/p>\n<p>\u201cViva nuestra soberan\u00eda, viva la fraternidad universal, viva el amor al pr\u00f3jimo\u00bb.<\/p>\n<p>\u201cVivan las culturas del M\u00e9xico prehisp\u00e1nico\u00bb.<\/p>\n<p>\u00abViva M\u00e9xico, viva M\u00e9xico, viva M\u00e9xico\u201d.<\/p>\n<p>Cinco minutos antes, acompa\u00f1ado de su esposa Beatriz Guti\u00e9rrez, presenci\u00f3 el Toque de Silencio y el Himno Nacional en los salones de Palacio.<\/p>\n<blockquote class=\"twitter-tweet\" data-twitter-extracted-i1631799295141725446=\"true\">\n<p dir=\"ltr\" lang=\"es\">Mexicanas, mexicanos:<\/p>\n<p>\u00a1Viva la Independencia!<br \/>\n\u00a1Viva Miguel Hidalgo y Costilla!<br \/>\n\u00a1Viva Jos\u00e9 Mar\u00eda Morelos y Pav\u00f3n!<br \/>\n\u00a1Viva Josefa Ortiz de Dom\u00ednguez!<br \/>\n\u00a1Viva Ignacio Allende!<br \/>\n\u00a1Viva Leona Vicario!<br \/>\n\u00a1Viva Vicente Guerrero!<br \/>\n\u00a1Vivan los h\u00e9roes an\u00f3nimos!<br \/>\n\u00a1Viva la libertad!<br \/>\n\u00a1Viva la justicia!<\/p>\n<p>\u2014 Andr\u00e9s Manuel<\/p><\/blockquote>\n<p>Un par de horas antes de las once de la noche, decenas de personas y familias completas sal\u00edan a pie de las calles aleda\u00f1as a Palacio Nacional, totalmente cerradas al tr\u00e1nsito vehicular.<\/p>\n<p>Del otro lado de la Plaza de la Constituci\u00f3n, por calle Madero, la gente se congregaba con la intenci\u00f3n de pasar, en la zona restringida. Algunos gritaban \u00a1queremos entrar, queremos entrar!<\/p>\n<p>Desde lejos, las personas que habr\u00edan deseado estar frente a Palacio Nacional vieron la pirot\u00e9cnica y los videos proyectados sobre las paredes de los inmuebles del z\u00f3calo, as\u00ed como de la maqueta del Templo Mayor.<\/p>\n<p>Los que s\u00ed disfrutaron del audio y la imagen fueron los integrantes del gabinete quienes salieron a los balcones de palacio a mirar el espect\u00e1culo.<\/p>\n<p>Igualmente el presidente, con la banda tricolor en el pecho, sonre\u00eda y miraba al cielo para mirar el espect\u00e1culo de luz, sonido, canciones tradicionales y pirotecnia .<\/p>\n<\/div>\n<\/div>\n<\/div>\n<\/div>\n<\/div>\n","protected":false},"excerpt":{"rendered":"<p>AMLO grita \u00abvivas\u00bb a la honestidad y a los pueblos prehisp\u00e1nicos Fabiola Mart\u00ednez y Jared Laureles Ciudad de M\u00e9xico. En punto de las once de la noche de este mi\u00e9rcoles, el Presidente Andr\u00e9s Manuel L\u00f3pez Obrador sali\u00f3 al balc\u00f3n central de Palacio Nacional para dar el tradicional Grito de Independencia, nombrado este a\u00f1o \u201cPor la [&hellip;]<\/p>\n","protected":false},"author":249,"featured_media":23930,"comment_status":"open","ping_status":"closed","sticky":false,"template":"","format":"standard","meta":{"footnotes":""},"categories":[26],"tags":[],"class_list":["post-23929","post","type-post","status-publish","format-standard","has-post-thumbnail","hentry","category-mundo"],"_links":{"self":[{"href":"https:\/\/eloficiodehistoriar.com.mx\/index.php?rest_route=\/wp\/v2\/posts\/23929","targetHints":{"allow":["GET"]}}],"collection":[{"href":"https:\/\/eloficiodehistoriar.com.mx\/index.php?rest_route=\/wp\/v2\/posts"}],"about":[{"href":"https:\/\/eloficiodehistoriar.com.mx\/index.php?rest_route=\/wp\/v2\/types\/post"}],"author":[{"embeddable":true,"href":"https:\/\/eloficiodehistoriar.com.mx\/index.php?rest_route=\/wp\/v2\/users\/249"}],"replies":[{"embeddable":true,"href":"https:\/\/eloficiodehistoriar.com.mx\/index.php?rest_route=%2Fwp%2Fv2%2Fcomments&post=23929"}],"version-history":[{"count":1,"href":"https:\/\/eloficiodehistoriar.com.mx\/index.php?rest_route=\/wp\/v2\/posts\/23929\/revisions"}],"predecessor-version":[{"id":23931,"href":"https:\/\/eloficiodehistoriar.com.mx\/index.php?rest_route=\/wp\/v2\/posts\/23929\/revisions\/23931"}],"wp:featuredmedia":[{"embeddable":true,"href":"https:\/\/eloficiodehistoriar.com.mx\/index.php?rest_route=\/wp\/v2\/media\/23930"}],"wp:attachment":[{"href":"https:\/\/eloficiodehistoriar.com.mx\/index.php?rest_route=%2Fwp%2Fv2%2Fmedia&parent=23929"}],"wp:term":[{"taxonomy":"category","embeddable":true,"href":"https:\/\/eloficiodehistoriar.com.mx\/index.php?rest_route=%2Fwp%2Fv2%2Fcategories&post=23929"},{"taxonomy":"post_tag","embeddable":true,"href":"https:\/\/eloficiodehistoriar.com.mx\/index.php?rest_route=%2Fwp%2Fv2%2Ftags&post=23929"}],"curies":[{"name":"wp","href":"https:\/\/api.w.org\/{rel}","templated":true}]}}