{"id":23932,"date":"2021-09-16T07:49:27","date_gmt":"2021-09-16T13:49:27","guid":{"rendered":"https:\/\/eloficiodehistoriar.com.mx\/?p=23932"},"modified":"2021-09-16T07:49:27","modified_gmt":"2021-09-16T13:49:27","slug":"vicente-ramon-guerrero-saldana-tixtla-actual-guerrero-1782-cuilapan-1831","status":"publish","type":"post","link":"https:\/\/eloficiodehistoriar.com.mx\/?p=23932","title":{"rendered":"Vicente Ram\u00f3n Guerrero Salda\u00f1a; Tixtla, actual Guerrero, 1782 &#8211; Cuilapan, 1831"},"content":{"rendered":"<h1>Vicente Guerrero<\/h1>\n<p class=\"biog\">(Vicente Ram\u00f3n Guerrero Salda\u00f1a; Tixtla, actual Guerrero, 1782 &#8211; Cuilapan, 1831) Militar y pol\u00edtico mexicano. Entre los valerosos patriotas que se adhirieron al levantamiento independentista del cura Hidalgo (1810), la figura de Vicente Guerrero sobresale tanto por su firme lealtad y compromiso como por su incansable tenacidad: cuando Jos\u00e9 Mar\u00eda Morelos fue capturado y ejecutado en 1815, Guerrero le sucedi\u00f3 como l\u00edder del movimiento y continu\u00f3 luchando por una causa que ya todo el mundo daba por perdida.<\/p>\n<p class=\"biog\">La decidida resistencia de Guerrero y circunstancias hist\u00f3ricas favorables motivaron que en 1821 se sumase al movimiento independentista Agust\u00edn de Iturbide, antiguo realista que, con el apoyo de Guerrero, lanz\u00f3 el programa pol\u00edtico conocido como Plan de Iguala, reuni\u00f3 un victorioso ej\u00e9rcito y dio finalmente la independencia a M\u00e9xico. Fiel a su ideario liberal y republicano, Guerrero rechaz\u00f3 la posterior coronaci\u00f3n de Iturbide como emperador y, tras su ca\u00edda en 1823, apoy\u00f3 al primer presidente de la nueva rep\u00fablica, Guadalupe Victoria, al que sucedi\u00f3 en 1829.<\/p>\n<p class=\"biog\">La abolici\u00f3n de la esclavitud fue lo m\u00e1s destacado de un mandato que, desgraciadamente, apenas dur\u00f3 nueve meses. Le esperaba el triste destino que padecieron otros pr\u00f3ceres de la independencia en aquellos a\u00f1os convulsos: v\u00edctima de las intrigas de Santa Anna y de su propio vicepresidente, Vicente Guerrero fue derrocado aquel mismo a\u00f1o y mezquinamente traicionado cuando intentaba recuperar el poder.<\/p>\n<p class=\"biog\">Procedente de una familia de campesinos y arrieros de origen mestizo, Vicente Guerrero trabaj\u00f3 desde su juventud como arriero, labor que lo llevar\u00eda a recorrer continuamente su regi\u00f3n natal. All\u00ed se hallaba cuando, el 16 de septiembre de 1810, se inici\u00f3 el levantamiento independentista del cura\u00a0<a href=\"https:\/\/www.biografiasyvidas.com\/biografia\/h\/hidalgo.htm\">Miguel Hidalgo<\/a>. Un mes despu\u00e9s, el cura Hidalgo encarg\u00f3 a Jos\u00e9 Mar\u00eda Morelos llevar la insurrecci\u00f3n al sur del pa\u00eds. A lo largo de la primera campa\u00f1a de Morelos en el sur de M\u00e9xico, que se prolong\u00f3 hasta agosto de 1811, fueron muchos los que se unieron a \u00e9l; entre ellos se hallaba\u00a0<a href=\"https:\/\/www.biografiasyvidas.com\/biografia\/g\/galeana.htm\">Hermenegildo Galeana<\/a>, que hab\u00eda sido enviado por Jos\u00e9 Mar\u00eda Morelos para tomar Taxco, y que convenci\u00f3 a Vicente Guerrero para que se sumara al movimiento independentista.<\/p>\n<p class=\"biog\">Morelos reconoci\u00f3 los m\u00e9ritos de Guerrero y le otorg\u00f3 el grado de capit\u00e1n, orden\u00e1ndole instruirse en el manejo de las armas, la fabricaci\u00f3n de p\u00f3lvora y las estrategias de guerra. Cuando el cura Hidalgo fue detenido y ejecutado en julio de 1811, el liderazgo de la revuelta pas\u00f3 a manos de\u00a0<a href=\"https:\/\/www.biografiasyvidas.com\/biografia\/l\/lopez_rayon.htm\">Ignacio L\u00f3pez Ray\u00f3n<\/a>\u00a0y\u00a0<a href=\"https:\/\/www.biografiasyvidas.com\/biografia\/m\/morelos.htm\">Jos\u00e9 Mar\u00eda Morelos<\/a>. Siempre al servicio de Morelos, en 1812 tom\u00f3 parte en la conquista de Oaxaca, y de nuevo por su demostraci\u00f3n continua de valor fue ascendido a teniente coronel.<\/p>\n<p class=\"biog\">Comisionado por Morelos para que reforzara la zona costera del sur, Vicente Guerrero conquist\u00f3 Puerto Escondido y Santa Cruz de Huatulco y particip\u00f3 en la toma de Acapulco. En 1814, Guerrero y su ej\u00e9rcito escoltaron a los miembros del Congreso a Tlacotepec para darles seguridad, y despu\u00e9s fue enviado a la mixteca como apoyo a las fuerzas insurgentes de Juan N. Ros\u00e1ins y Ram\u00f3n Sesma. Su t\u00e1ctica consist\u00eda en ataques sorpresivos y r\u00e1pidos, lo cual le dio gran fama por su efectividad.<\/p>\n<p class=\"biog\">En 1815, tras la aprehensi\u00f3n y fusilamiento de Morelos, Guerrero se repleg\u00f3 a la sierra del Sur. Al relevar a Morelos en el liderazgo de la causa emancipadora, Guerrero se convirti\u00f3 en la \u00faltima cabeza visible de un levantamiento que parec\u00eda ya definitivamente sofocado: los jefes insurgentes Ros\u00e1ins y Sesma aceptaron el indulto del gobierno; las tropas realistas controlaban ya casi todo el territorio mexicano. El virrey espa\u00f1ol Juan Ruiz de Apodaca intent\u00f3 coaccionar a Guerrero, vali\u00e9ndose de su padre, para que tambi\u00e9n \u00e9l aceptara el indulto, pero se neg\u00f3. En 1818 Guerrero, reconocido como general en jefe del ej\u00e9rcito del Sur, manten\u00eda contacto con Pedro Ascencio, en la zona de Iguala y Taxco.<\/p>\n<p class=\"biog\"><b>La independencia<\/b><\/p>\n<p class=\"biog\">Cuando aquella primera intentona independentista parec\u00eda agonizante, el inicio en Espa\u00f1a del trienio liberal (1820-1823) dio un giro a la situaci\u00f3n. Entre las \u00e9lites coloniales empezaron a gestarse conspiraciones para impedir la implantaci\u00f3n de un r\u00e9gimen liberal. A finales de 1820 el coronel\u00a0<a href=\"https:\/\/www.biografiasyvidas.com\/biografia\/i\/iturbide.htm\">Agust\u00edn de Iturbide<\/a>\u00a0fue designado por el virrey Apodaca para que pusiera fin a la insurgencia. Viendo que no pod\u00eda derrotar f\u00e1cilmente a Guerrero y consciente de que las autoridades virreinales pod\u00edan aceptar la independencia como modo de preservar el r\u00e9gimen absolutista, Iturbide se pas\u00f3 al bando insurgente y redact\u00f3 el llamado Plan de Iguala (1821), programa pol\u00edtico integrado por una proclama de independencia y un plan para el establecimiento de un Gobierno mexicano.<\/p>\n<p class=\"biog\">Con el apoyo de Guerrero, Iturbide avanz\u00f3 al frente de su Ej\u00e9rcito Trigarante hacia Ciudad de M\u00e9xico, ganando adhesiones en todas partes. En septiembre de 1821, Iturbide entr\u00f3 triunfalmente en la capital, proclam\u00f3 la independencia y se puso al frente de un gobierno provisional. Pero cuando, un a\u00f1o despu\u00e9s, Iturbide se coron\u00f3 emperador de M\u00e9xico, Guerrero tom\u00f3 las armas para apoyar la sublevaci\u00f3n republicana del general\u00a0<a href=\"https:\/\/www.biografiasyvidas.com\/biografia\/s\/santa_anna.htm\">Antonio L\u00f3pez de Santa Anna<\/a>. Iturbide cay\u00f3 en 1823, y, tras un periodo constituyente, el Congreso eligi\u00f3 como primer presidente de la Rep\u00fablica de M\u00e9xico a Guadalupe Victoria (1824-1829), quien incluy\u00f3 en su primer gabinete a Vicente Guerrero como ministro de Guerra.<\/p>\n<p class=\"biog\">Guerrero apoy\u00f3 incondicionalmente al presidente\u00a0<a href=\"https:\/\/www.biografiasyvidas.com\/biografia\/v\/victoria_guadalupe.htm\">Guadalupe Victoria<\/a>\u00a0y se afili\u00f3 a la logia mas\u00f3nica yorkina. A las numerosas dificultades pol\u00edticas y econ\u00f3micas que hubo de encarar el presidente Victoria hubo que sumar, en efecto, el enfrentamiento subterr\u00e1neo entre las sociedades secretas que pugnaban por el poder pol\u00edtico. Las dos m\u00e1s importantes, la logia yorkina y la escocesa, ten\u00edan idearios antag\u00f3nicos. La escocesa, conservadora y centralista, contaba con muchos espa\u00f1oles entre sus miembros. La yorkina, dem\u00f3crata y liberal, reun\u00eda a federalistas y antiespa\u00f1olistas.<\/p>\n<p class=\"biog\"><b>En la presidencia<\/b><\/p>\n<p class=\"biog\">El desmantelamiento en 1827 de una conspiraci\u00f3n espa\u00f1olista supuso un triunfo para la logia yorkina, pero pronto surgieron divisiones en el seno de la misma. Para la elecci\u00f3n presidencial de septiembre de 1928, una parte de sus miembros apoyaba la candidatura de Vicente Guerrero, mientras otra facci\u00f3n prefer\u00eda la del moderado\u00a0<a href=\"https:\/\/www.biografiasyvidas.com\/biografia\/g\/gomez_pedraza.htm\">Manuel G\u00f3mez Pedraza<\/a>. \u00c9ste \u00faltimo result\u00f3 elegido, pero las irregularidades detectadas en el proceso electoral y las rivalidades internas desencadenaron el levantamiento llamado de La Acordada, dirigido en la capital por el propio Guerrero y apoyado por el general Santa Anna, que exig\u00eda la anulaci\u00f3n de las elecciones. Sometido a una fuerte presi\u00f3n, el Congreso acab\u00f3 por destituir a G\u00f3mez Pedraza y proclam\u00f3 presidente constitucional a Guerrero.<\/p>\n<p class=\"biog\">El mandato de Vicente Guerrero ser\u00eda muy breve: desde abril hasta diciembre de 1829. El nuevo presidente quiso llevar a la pr\u00e1ctica un programa de reformas radicales; la primera de ellas fue el tercer decreto para la abolici\u00f3n de la esclavitud, que tendr\u00eda efectos definitivos. Sin embargo, la gran mayor\u00eda de sus iniciativas legislativas, ya fueran de tipo econ\u00f3mico o de reforma social, resultaron inefectivas a causa de la grave penuria en que se hallaban las arcas p\u00fablicas.<\/p>\n<p class=\"biog\">En septiembre de 1829, para complicar m\u00e1s la situaci\u00f3n, un ej\u00e9rcito comandado por general Isidro Barradas protagoniz\u00f3 el \u00faltimo intento de la monarqu\u00eda espa\u00f1ola de recuperar su antigua colonia. El general Antonio L\u00f3pez de Santa Anna logr\u00f3 derrotar a los espa\u00f1oles, incrementando as\u00ed todav\u00eda m\u00e1s su prestigio, y se uni\u00f3 al vicepresidente Anastasio Bustamante para derrocar a Guerrero. De nuevo bajo presi\u00f3n, el Congreso declar\u00f3 a Guerrero incapacitado para el gobierno y nombr\u00f3 presidente a\u00a0<a href=\"https:\/\/www.biografiasyvidas.com\/biografia\/b\/bustamante_anastasio.htm\">Anastasio Bustamante<\/a>\u00a0(1830-1832).<\/p>\n<p class=\"biog\">En un denodado intento de recuperar el poder, Vicente Guerrero emprendi\u00f3 una rebeli\u00f3n armada que obtuvo resonantes \u00e9xitos, especialmente tras la derrota del ej\u00e9rcito de Armijo en Texca. Para conjurar el peligro que supon\u00eda Guerrero, Bustamante y su ministro de Guerra, Jos\u00e9 Antonio Facio, fraguaron una traici\u00f3n. \u00c9ste \u00faltimo contrat\u00f3 los servicios de un mercenario genov\u00e9s llamado Francisco Picaluga; en Acapulco, Picaluga invit\u00f3 a Guerrero a subir a bordo del bergant\u00edn\u00a0<i>El Colombo<\/i>. All\u00ed fue hecho preso y, tras ser llevado a Oaxaca, se le someti\u00f3 a un juicio sumar\u00edsimo y fue fusilado en Cuilapan el 14 de febrero de 1831.<\/p>\n<p class=\"biog\">Por su traici\u00f3n, Picaluga recibi\u00f3 del ministro de Guerra cincuenta mil pesos; en tal cantidad se tas\u00f3 la val\u00eda de un patriota que hab\u00eda dedicado veinte a\u00f1os de su vida a edificar una naci\u00f3n libre y justa. S\u00f3lo p\u00f3stumamente se reconocieron sus m\u00e9ritos y su papel trascendental en la emancipaci\u00f3n del pa\u00eds y en la fundaci\u00f3n de la Rep\u00fablica: en 1833 fue declarado benem\u00e9rito de la patria, y, en 1849, el reci\u00e9n creado Estado de Guerrero recibi\u00f3 su nombre en su honor.<\/p>\n<p class=\"citar\"><strong>C\u00f3mo citar este art\u00edculo:<\/strong><br \/>\nRuiza, M., Fern\u00e1ndez, T. y Tamaro, E. (2004).\u00a0<span id=\"perscita\">Biografia de Vicente Guerrero<\/span>. En\u00a0<em>Biograf\u00edas y Vidas.\u00a0<\/em><\/p>\n","protected":false},"excerpt":{"rendered":"<p>Vicente Guerrero (Vicente Ram\u00f3n Guerrero Salda\u00f1a; Tixtla, actual Guerrero, 1782 &#8211; Cuilapan, 1831) Militar y pol\u00edtico mexicano. Entre los valerosos patriotas que se adhirieron al levantamiento independentista del cura Hidalgo (1810), la figura de Vicente Guerrero sobresale tanto por su firme lealtad y compromiso como por su incansable tenacidad: cuando Jos\u00e9 Mar\u00eda Morelos fue capturado [&hellip;]<\/p>\n","protected":false},"author":249,"featured_media":23933,"comment_status":"open","ping_status":"closed","sticky":false,"template":"","format":"standard","meta":{"footnotes":""},"categories":[26],"tags":[],"class_list":["post-23932","post","type-post","status-publish","format-standard","has-post-thumbnail","hentry","category-mundo"],"_links":{"self":[{"href":"https:\/\/eloficiodehistoriar.com.mx\/index.php?rest_route=\/wp\/v2\/posts\/23932","targetHints":{"allow":["GET"]}}],"collection":[{"href":"https:\/\/eloficiodehistoriar.com.mx\/index.php?rest_route=\/wp\/v2\/posts"}],"about":[{"href":"https:\/\/eloficiodehistoriar.com.mx\/index.php?rest_route=\/wp\/v2\/types\/post"}],"author":[{"embeddable":true,"href":"https:\/\/eloficiodehistoriar.com.mx\/index.php?rest_route=\/wp\/v2\/users\/249"}],"replies":[{"embeddable":true,"href":"https:\/\/eloficiodehistoriar.com.mx\/index.php?rest_route=%2Fwp%2Fv2%2Fcomments&post=23932"}],"version-history":[{"count":1,"href":"https:\/\/eloficiodehistoriar.com.mx\/index.php?rest_route=\/wp\/v2\/posts\/23932\/revisions"}],"predecessor-version":[{"id":23934,"href":"https:\/\/eloficiodehistoriar.com.mx\/index.php?rest_route=\/wp\/v2\/posts\/23932\/revisions\/23934"}],"wp:featuredmedia":[{"embeddable":true,"href":"https:\/\/eloficiodehistoriar.com.mx\/index.php?rest_route=\/wp\/v2\/media\/23933"}],"wp:attachment":[{"href":"https:\/\/eloficiodehistoriar.com.mx\/index.php?rest_route=%2Fwp%2Fv2%2Fmedia&parent=23932"}],"wp:term":[{"taxonomy":"category","embeddable":true,"href":"https:\/\/eloficiodehistoriar.com.mx\/index.php?rest_route=%2Fwp%2Fv2%2Fcategories&post=23932"},{"taxonomy":"post_tag","embeddable":true,"href":"https:\/\/eloficiodehistoriar.com.mx\/index.php?rest_route=%2Fwp%2Fv2%2Ftags&post=23932"}],"curies":[{"name":"wp","href":"https:\/\/api.w.org\/{rel}","templated":true}]}}