{"id":23935,"date":"2021-09-16T07:56:45","date_gmt":"2021-09-16T13:56:45","guid":{"rendered":"https:\/\/eloficiodehistoriar.com.mx\/?p=23935"},"modified":"2021-09-16T07:56:45","modified_gmt":"2021-09-16T13:56:45","slug":"viva-mexico-asi-se-vivio-el-grito-en-xalapa","status":"publish","type":"post","link":"https:\/\/eloficiodehistoriar.com.mx\/?p=23935","title":{"rendered":"\u00a1Viva M\u00e9xico!, as\u00ed se vivi\u00f3 el Grito en Xalapa"},"content":{"rendered":"<div>\n<h4 class=\"title\">\u00a1Viva M\u00e9xico!, as\u00ed se vivi\u00f3 el Grito en Xalapa<\/h4>\n<\/div>\n<h3 class=\"subtitle\">Por la pandemia no hubo gente, pero la ceremonia, encabezada por el gobernador Cuitl\u00e1huac Garc\u00eda, mantuvo el fervor patrio<\/h3>\n<div class=\"lead-gallery \">\n<div class=\"teaser  owl-carousel owl-theme\">\n<div class=\"owl-wrapper-outer\">\n<div class=\"owl-wrapper\">\n<div class=\"owl-item\">\n<div class=\"img-container picture\">\n<div class=\"picture-caption\n\"><\/p>\n<h4>El gobernador del Estado, Cuitl\u00e1huac Garc\u00eda Jim\u00e9nez dio el tradicional Grito de Dolores<\/h4>\n<h4>Diario de Xalapa<\/h4>\n<\/div>\n<\/div>\n<\/div>\n<\/div>\n<\/div>\n<\/div>\n<\/div>\n<div id=\"affix-share\" class=\"sharing-menu affix\">\n<ul>\n<li>Karla Cancino<\/li>\n<\/ul>\n<\/div>\n<div class=\"content-body clearfix \">\n<div id=\"content-body-225-7219872\">\n<p>El gobernador del Estado,\u00a0<b>Cuitl\u00e1huac Garc\u00eda Jim\u00e9nez<\/b>\u00a0dio el tradicional Grito de Dolores y,\u00a0<b>ante las circunstancia por la pandemia, lo hizo ante una plaza Lerdo vac\u00eda<\/b>, pero con el fervor patrio que amerita la ceremonia. Desde el balc\u00f3n central del Palacio de Gobierno\u00a0<b>el mandatario estatal conmemor\u00f3 el 211 aniversario del inicio de la Independencia de M\u00e9xico.<\/b><\/p>\n<p><b>La pandemia del Covid-19 oblig\u00f3 a que fuera restringido el ingreso de personas a la plaza Lerdo de Xalapa<\/b>\u00a0y por segunda ocasi\u00f3n,\u00a0<b>el Grito no fue replicado por miles de gargantas.<\/b><\/p>\n<\/div>\n<\/div>\n<div class=\"advertisment \">\n<div id=\"dfp-nota-1x3s\" data-google-query-id=\"CNyv597Rg_MCFYyYAQodbcYHsQ\">\n<div id=\"google_ads_iframe_\/2000002\/diariodexalapa\/mexico_nota_1x3_0__container__\">Las y los veracruzanos tuvieron que seguir la ceremonia desde sus casas, a trav\u00e9s de la transmisi\u00f3n de RTV o en las redes sociales del Gobierno de Veracruz.<\/div>\n<\/div>\n<\/div>\n<article class=\"content-continued-body clearfix \">\n<div id=\"content-body-5851641-7219872\">\n<div class=\"local\nmedia \"><\/p>\n<div class=\"teaser \">\n<div class=\"img-container picture\">\n<div class=\"picture-caption\n\"><\/p>\n<h4>En las pantallas pudieron observar al mandatario estatal trasladarse desde su oficina principal hacia el Sal\u00f3n Ju\u00e1rez del Palacio de Gobierno, en donde recibi\u00f3 la Bandera Nacional. <b>Con ella sali\u00f3 al balc\u00f3n principal para ondearla tras recordar a los h\u00e9roes nacionales que lucharon para darnos patria y libertad.<\/b><\/h4>\n<\/div>\n<\/div>\n<\/div>\n<\/div>\n<p>Ah\u00ed grit\u00f3 vivas a<i><b>\u00a0Ignacio Allende, Juan Aldama, Jos\u00e9 Mar\u00eda Morelos, Vicente Guerrero, Josefa Ortiz de Dom\u00ednguez y Miguel Hidalgo\u00a0<\/b><\/i>as\u00ed como los tradicionales \u00a1Viva M\u00e9xico!<\/p>\n<p><b>Tras la ceremonia oficial el cielo xalape\u00f1o se ilumin\u00f3 con un espect\u00e1culo de fuegos artificiales<\/b>\u00a0mismos que fueron replicados no s\u00f3lo en la plaza Lerdo sino tambi\u00e9n en las instalaciones del Instituto de la Polic\u00eda Auxiliar y Protecci\u00f3n Patrimonial para el Estado de Veracruz (IPAX).<\/p>\n<p><b>La ceremonia de independencia fue replicada en los 211 municipios veracruzanos,<\/b>\u00a0la mayor\u00eda de ellos sin presencia de ciudadanos a fin de cumplir con las medidas sanitarias para evitar contagios por Covid-19.<\/p>\n<section>\n<div class=\"teaser \">\n<div class=\"infographicWrapper\"><\/div>\n<\/div>\n<\/section>\n<\/div>\n<\/article>\n","protected":false},"excerpt":{"rendered":"<p>\u00a1Viva M\u00e9xico!, as\u00ed se vivi\u00f3 el Grito en Xalapa Por la pandemia no hubo gente, pero la ceremonia, encabezada por el gobernador Cuitl\u00e1huac Garc\u00eda, mantuvo el fervor patrio El gobernador del Estado, Cuitl\u00e1huac Garc\u00eda Jim\u00e9nez dio el tradicional Grito de Dolores Diario de Xalapa Karla Cancino El gobernador del Estado,\u00a0Cuitl\u00e1huac Garc\u00eda Jim\u00e9nez\u00a0dio el tradicional Grito [&hellip;]<\/p>\n","protected":false},"author":249,"featured_media":23936,"comment_status":"open","ping_status":"closed","sticky":false,"template":"","format":"standard","meta":{"footnotes":""},"categories":[26],"tags":[],"class_list":["post-23935","post","type-post","status-publish","format-standard","has-post-thumbnail","hentry","category-mundo"],"_links":{"self":[{"href":"https:\/\/eloficiodehistoriar.com.mx\/index.php?rest_route=\/wp\/v2\/posts\/23935","targetHints":{"allow":["GET"]}}],"collection":[{"href":"https:\/\/eloficiodehistoriar.com.mx\/index.php?rest_route=\/wp\/v2\/posts"}],"about":[{"href":"https:\/\/eloficiodehistoriar.com.mx\/index.php?rest_route=\/wp\/v2\/types\/post"}],"author":[{"embeddable":true,"href":"https:\/\/eloficiodehistoriar.com.mx\/index.php?rest_route=\/wp\/v2\/users\/249"}],"replies":[{"embeddable":true,"href":"https:\/\/eloficiodehistoriar.com.mx\/index.php?rest_route=%2Fwp%2Fv2%2Fcomments&post=23935"}],"version-history":[{"count":1,"href":"https:\/\/eloficiodehistoriar.com.mx\/index.php?rest_route=\/wp\/v2\/posts\/23935\/revisions"}],"predecessor-version":[{"id":23937,"href":"https:\/\/eloficiodehistoriar.com.mx\/index.php?rest_route=\/wp\/v2\/posts\/23935\/revisions\/23937"}],"wp:featuredmedia":[{"embeddable":true,"href":"https:\/\/eloficiodehistoriar.com.mx\/index.php?rest_route=\/wp\/v2\/media\/23936"}],"wp:attachment":[{"href":"https:\/\/eloficiodehistoriar.com.mx\/index.php?rest_route=%2Fwp%2Fv2%2Fmedia&parent=23935"}],"wp:term":[{"taxonomy":"category","embeddable":true,"href":"https:\/\/eloficiodehistoriar.com.mx\/index.php?rest_route=%2Fwp%2Fv2%2Fcategories&post=23935"},{"taxonomy":"post_tag","embeddable":true,"href":"https:\/\/eloficiodehistoriar.com.mx\/index.php?rest_route=%2Fwp%2Fv2%2Ftags&post=23935"}],"curies":[{"name":"wp","href":"https:\/\/api.w.org\/{rel}","templated":true}]}}